{"id":54354,"date":"2025-04-26T12:17:17","date_gmt":"2025-04-26T12:17:17","guid":{"rendered":"https:\/\/www.europesays.com\/fr\/54354\/"},"modified":"2025-04-26T12:17:17","modified_gmt":"2025-04-26T12:17:17","slug":"carcassonne-comme-au-xive-siecle-a-travers-une-experience-immersive-a-paris-lyon-et-bordeaux","status":"publish","type":"post","link":"https:\/\/www.europesays.com\/fr\/54354\/","title":{"rendered":"Carcassonne comme au XIVe si\u00e8cle \u00e0 travers une exp\u00e9rience immersive \u00e0 Paris, Lyon et Bordeaux"},"content":{"rendered":"<p>Le visiteur est plong\u00e9 en pleine p\u00e9riode de l\u2019Inquisition dans une cit\u00e9 m\u00e9di\u00e9vale reconstitu\u00e9e avec ses personnages historiques et sc\u00e8nes d\u2019action.<\/p>\n<p class=\"fig-paragraph\">Le jour se l\u00e8ve sur la\u00a0<a href=\"http:\/\/www.lefigaro.fr\/histoire\/a-carcassonne-le-grand-tour-des-remparts-20241228\" target=\"_blank\" data-fig-type=\"Article\" rel=\"noopener\" data-gtm-custom-categorie=\"navigation\" data-gtm-custom-action=\"crossclick\" data-gtm-custom-label=\"Contextuel\" data-gtm-event=\"customEventSPE\" data-fig-domain=\"LEFIGARO\">cit\u00e9 m\u00e9di\u00e9vale<\/a>. Nous parcourons la grande for\u00eat pour arriver \u00e0 l\u2019entr\u00e9e de Carcassonne, o\u00f9 nous retrouvons Simon de Lestang. Le jeune et sympathique noble, mand\u00e9 par son oncle, Geoffroy de Varennes, conn\u00e9table de la Cit\u00e9, est invit\u00e9 \u00e0 participer \u00e0 la d\u00e9fense des remparts. Il sera notre guide virtuel pendant 45 minutes. Nous embarquant avec lui sur son passage. Les gardes nous attendent d\u00e9j\u00e0 pour nous montrer le fonctionnement du syst\u00e8me de d\u00e9fense qui prot\u00e8ge la cit\u00e9. Car dans Les derniers remparts Carcassonne 1304, pr\u00e9sent\u00e9 par Excurio et le centre des monuments nationaux dans les espaces Eclipso \u00e0 Paris, Lyon et Bordeaux, nous devrons faire preuve de courage pour affronter la p\u00e9riode\u00a0<a href=\"https:\/\/www.lefigaro.fr\/histoire\/2018\/04\/19\/26001-20180419ARTFIG00291-l-inquisition-medievale-au-dela-de-la-legende-noire.php\" target=\"_blank\" data-fig-type=\"Article\" rel=\"noopener\" data-gtm-custom-categorie=\"navigation\" data-gtm-custom-action=\"crossclick\" data-gtm-custom-label=\"Contextuel\" data-gtm-event=\"customEventSPE\" data-fig-domain=\"LEFIGARO\">de l\u2019inquisition<\/a>.<\/p>\n<p class=\"fig-body-link\">\n            \u00c0 lire aussi<br \/>\n        <a class=\"fig-body-link__link fig-premium-mark\" href=\"http:\/\/www.lefigaro.fr\/histoire\/la-machine-a-explorer-le-temps-20240413\" target=\"_blank\" data-fig-type=\"Article\" rel=\"noopener\" data-gtm-custom-categorie=\"navigation\" data-gtm-custom-action=\"crossclick\" data-gtm-custom-label=\"Contextuel\" data-gtm-event=\"customEventSPE\" data-fig-domain=\"LEFIGARO\">Expositions immersives\u00a0: ces formidables machines \u00e0 explorer le temps<br \/>\n    <\/a>\n<\/p>\n<p class=\"fig-paragraph\">Arm\u00e9 de notre casque de r\u00e9alit\u00e9 virtuelle, nous assistons \u00e0 des sc\u00e8nes de tensions, o\u00f9 le peuple fait face \u00e0 des injustices et \u00e0 des oppressions. Au d\u00e9tour d\u2019une ruelle, une altercation \u00e9clate entre l\u2019Inquisiteur et un homme suppliant qu\u2019on lib\u00e8re son \u00e9pouse, accus\u00e9e d\u2019h\u00e9r\u00e9sie. En r\u00e9alit\u00e9, nous d\u00e9ambulons dans une salle vide de 700m2 , dont le sol est fl\u00e9ch\u00e9 de capteurs qui, \u00e0 travers le casque nous indiquent le chemin \u00e0 suivre, pour \u00e9viter de se heurter aux murs.<\/p>\n<p class=\"fig-paragraph\">Le projet est le fruit d\u2019un travail de recherche historique, concoct\u00e9 par des historiens du Centre des monuments nationaux qui ont voulu retracer la vie au c\u0153ur de la forteresse au XIVe si\u00e8cle. On retrouve des personnages historiques, comme Philippe Le Bel, Geoffroy d\u2019Ablis, \u00c9lie Patrice et Guy Chevrier. D\u2019autres personnages sont fictifs, comme Simon. On croise aussi, au d\u00e9tour d\u2019un chemin un dragon&#8230;<\/p>\n<p>    Simon de Lestang nous sert de guide touristique pour d\u00e9couvrir les remparts de Carcassonne en 1304.<br \/>\n                Excurio\/Centre des monuments nationaux<\/p>\n<p>Une balade virtuelle libre au c\u0153ur de la Cit\u00e9<\/p>\n<p class=\"fig-paragraph\">Pendant 45 minutes, nous embarquons &#8211; avec une grande libert\u00e9 de d\u00e9placement &#8211; dans des sc\u00e8nes vibrantes de la vie m\u00e9di\u00e9vale. Le march\u00e9 fourmille de villageois mod\u00e9lis\u00e9s en 3D et les d\u00e9tails foisonnent. Les discussions des habitants, souvent en patois local, les messes basses, les vendeurs qui marchandent, les miaulements de chats&#8230;<\/p>\n<p class=\"fig-paragraph\">Plus loin, nous sommes convi\u00e9s \u00e0 un entra\u00eenement aux armes, aux c\u00f4t\u00e9s de soldats qui nous apprennent le maniement de l\u2019\u00e9p\u00e9e, de l\u2019arc et de la barbacane. Le spectacle est r\u00e9aliste mais pas interactif. On pourrait facilement \u00eatre tent\u00e9 de se battre avec les soldats, mais les mouvements brusques alt\u00e8rent les images. L\u2019effet est plus cin\u00e9matographique que ludique. De plus, ceux n\u2019\u00e9tant pas habitu\u00e9s \u00e0 la r\u00e9alit\u00e9 virtuelle ne voudront probablement pas essayer de trop bouger. Il faut du temps pour s\u2019adapter \u00e0 ce casque, qui peut rapidement nous d\u00e9boussoler et donner des migraines pour les plus sensibles.<\/p>\n<p>    L\u2019exposition nous emm\u00e8ne au coeur d\u2019un march\u00e9 install\u00e9 dans les remparts de Carcassonne.<br \/>\n                Excurio\/Centre des monuments nationaux<\/p>\n<p>Une exp\u00e9rience presque cin\u00e9matographique<\/p>\n<p class=\"fig-paragraph\">Apr\u00e8s la visite du march\u00e9 et les passes d\u2019armes, place aux appartements seigneuriaux et au logis d\u2019une marraine gu\u00e9risseuse, puis de faire un tour de garde. Chaque \u00e9tape d\u00e9voile une sc\u00e9nographie et une r\u00e9alisation soign\u00e9e, conceptualis\u00e9e par des directeurs artistiques, graphistes et animateurs. Des experts en son ont \u00e9galement contribu\u00e9 \u00e0 enrichir l\u2019immersion gr\u00e2ce \u00e0 un travail sur les voix, les bruitages et la musique. Plus d\u2019une centaine de personnes ont travaill\u00e9 sur ce projet pendant pr\u00e8s de deux ans.<\/p>\n<p class=\"fig-paragraph\">L\u2019exp\u00e9rience est impressionnante de beaut\u00e9 m\u00eame si tr\u00e8s limit\u00e9e &#8211; et donc frustrante &#8211; par l\u2019absence d\u2019interaction ou de libert\u00e9. Et en sortant, l\u2019on se croit encore au XIVe si\u00e8cle en traversant les all\u00e9es de Bercy Village, ce centre commercial construit fa\u00e7on foire m\u00e9di\u00e9vale.<\/p>\n<p class=\"fig-paragraph\">Les derniers remparts, Carcassonne 1304,<\/p>\n<p class=\"fig-paragraph\">\u00e0 Paris, 45, rue des Pirogues de Bercy \u00e0 Paris, \u00e0 Lyon, 112, cours Charlemagne et \u00e0 Bordeaux, 19-21, rue Saint-Sernin. Tarif\u00a0: 32 euros et\u00a025 euros en tarif r\u00e9duit.<\/p>\n","protected":false},"excerpt":{"rendered":"Le visiteur est plong\u00e9 en pleine p\u00e9riode de l\u2019Inquisition dans une cit\u00e9 m\u00e9di\u00e9vale reconstitu\u00e9e avec ses personnages historiques&hellip;\n","protected":false},"author":2,"featured_media":54355,"comment_status":"","ping_status":"","sticky":false,"template":"","format":"standard","meta":{"footnotes":""},"categories":[1888],"tags":[1111,1928,47,11,1927,1350,1348,14043,1345,650,251,1777,674,1349,1346,1011,27,1351,873,12,1926,626,1925,25,252,1347,1352],"class_list":{"0":"post-54354","1":"post","2":"type-post","3":"status-publish","4":"format-standard","5":"has-post-thumbnail","7":"category-paris","8":"tag-actu","9":"tag-actu-paris","10":"tag-actualite","11":"tag-actualites","12":"tag-actualites-paris","13":"tag-architecture","14":"tag-arts","15":"tag-carcassonne","16":"tag-cine","17":"tag-cinema","18":"tag-culture","19":"tag-eu","20":"tag-europe","21":"tag-expositions","22":"tag-films","23":"tag-fr","24":"tag-france","25":"tag-litterature","26":"tag-musique","27":"tag-news","28":"tag-news-paris","29":"tag-paris","30":"tag-paris-news","31":"tag-republique-francaise","32":"tag-television","33":"tag-theatre","34":"tag-urbanisme"},"share_on_mastodon":{"url":"https:\/\/pubeurope.com\/@fr\/114404225513832454","error":""},"_links":{"self":[{"href":"https:\/\/www.europesays.com\/fr\/wp-json\/wp\/v2\/posts\/54354","targetHints":{"allow":["GET"]}}],"collection":[{"href":"https:\/\/www.europesays.com\/fr\/wp-json\/wp\/v2\/posts"}],"about":[{"href":"https:\/\/www.europesays.com\/fr\/wp-json\/wp\/v2\/types\/post"}],"author":[{"embeddable":true,"href":"https:\/\/www.europesays.com\/fr\/wp-json\/wp\/v2\/users\/2"}],"replies":[{"embeddable":true,"href":"https:\/\/www.europesays.com\/fr\/wp-json\/wp\/v2\/comments?post=54354"}],"version-history":[{"count":0,"href":"https:\/\/www.europesays.com\/fr\/wp-json\/wp\/v2\/posts\/54354\/revisions"}],"wp:featuredmedia":[{"embeddable":true,"href":"https:\/\/www.europesays.com\/fr\/wp-json\/wp\/v2\/media\/54355"}],"wp:attachment":[{"href":"https:\/\/www.europesays.com\/fr\/wp-json\/wp\/v2\/media?parent=54354"}],"wp:term":[{"taxonomy":"category","embeddable":true,"href":"https:\/\/www.europesays.com\/fr\/wp-json\/wp\/v2\/categories?post=54354"},{"taxonomy":"post_tag","embeddable":true,"href":"https:\/\/www.europesays.com\/fr\/wp-json\/wp\/v2\/tags?post=54354"}],"curies":[{"name":"wp","href":"https:\/\/api.w.org\/{rel}","templated":true}]}}