{"id":543542,"date":"2025-11-19T00:05:30","date_gmt":"2025-11-19T00:05:30","guid":{"rendered":"https:\/\/www.europesays.com\/fr\/543542\/"},"modified":"2025-11-19T00:05:30","modified_gmt":"2025-11-19T00:05:30","slug":"philippe-candeloro-donnera-un-spectacle-gratuit-a-la-patinoire-voici-quand","status":"publish","type":"post","link":"https:\/\/www.europesays.com\/fr\/543542\/","title":{"rendered":"Philippe Candeloro donnera un spectacle gratuit \u00e0 la patinoire, voici quand"},"content":{"rendered":"<p>                    Par<br \/>\n        <strong><br \/>\n            <a href=\"https:\/\/actu.fr\/auteur\/amandine-mehl\" title=\"Consulter tous les articles de Amandine Mehl\" target=\"_blank\" rel=\"noopener\">Amandine Mehl<\/a><br \/>\n                    <\/strong><\/p>\n<p>        Publi\u00e9 le<\/p>\n<p>            18 nov. 2025 \u00e0 18h28        <\/p>\n<p>Les <a href=\"https:\/\/actu.fr\/grand-est\/nancy_54395\/les-fetes-de-saint-nicolas-seront-inaugurees-vendredi-a-nancy-voici-le-programme_63432773.html\" target=\"_blank\" rel=\"noopener\">F\u00eates de Saint-Nicolas seront inaugur\u00e9es vendredi<\/a> 21\u00a0novembre 2025 \u00e0 <strong>Nancy<\/strong>. Si une d\u00e9ambulation officielle au sein des diff\u00e9rents espaces est pr\u00e9vue, un spectacle attend \u00e9galement le public <strong>place de la Carri\u00e8re<\/strong>.<\/p>\n<p class=\" wall-content\">Pour c\u00e9l\u00e9brer le retour de la <a href=\"https:\/\/actu.fr\/grand-est\/nancy_54395\/fetes-de-saint-nicolas-2025-a-nancy-une-patinoire-en-glace-naturelle-va-faire-son-retour-voici-ou_63410637.html\" target=\"_blank\" rel=\"noopener\">patinoire<\/a>, et notamment celui de la <strong>glace naturelle<\/strong>, <strong>Philippe Candeloro<\/strong> et sa troupe donneront un <strong>show de 40\u00a0minutes<\/strong>.<\/p>\n<p>Un spectacle de Philippe Candeloro suivi d\u2019une s\u00e9ance de d\u00e9dicaces<\/p>\n<p class=\" wall-content\">\u00ab\u2009On est l\u00e0 pour que les gens aient des<strong> paillettes dans les yeux<\/strong>\u2009\u00bb, d\u00e9clare Mme Oliero, \u00e0 la t\u00eate de la patinoire avec son \u00e9poux.<\/p>\n<p class=\" wall-content\">Intitul\u00e9 \u00ab\u2009Nancy on Ice\u2009\u00bb, le spectacle mettra en sc\u00e8ne le patineur et sa troupe \u00e0 partir de 18h. Le show, enti\u00e8rement <strong>gratuit<\/strong>, sera suivi d\u2019une <strong>s\u00e9ance de d\u00e9dicaces<\/strong> d\u2019une vingtaine de minutes.<\/p>\n<p class=\" wall-content\">Personnalisez votre actualit\u00e9 en ajoutant vos villes et m\u00e9dias en favori avec <a href=\"https:\/\/moncompte.actu.fr\" title=\"D\u00e9couvez Mon Actu\" rel=\"nofollow noopener\" data-trk=\"{&quot;cta&quot;:{&quot;action&quot;:&quot;https:\\\/\\\/moncompte.actu.fr&quot;,&quot;category&quot;:&quot;mon compte&quot;,&quot;from&quot;:&quot;article footer&quot;,&quot;name&quot;:&quot;Mon actu&quot;,&quot;type&quot;:&quot;cta&quot;}}\" target=\"_blank\">Mon Actu<\/a>.<\/p>\n","protected":false},"excerpt":{"rendered":"Par Amandine Mehl Publi\u00e9 le 18 nov. 2025 \u00e0 18h28 Les F\u00eates de Saint-Nicolas seront inaugur\u00e9es vendredi 21\u00a0novembre&hellip;\n","protected":false},"author":2,"featured_media":543543,"comment_status":"","ping_status":"","sticky":false,"template":"","format":"standard","meta":{"footnotes":""},"categories":[9635],"tags":[1111,11,1777,674,1011,27,775,1702,12,25,14334,104],"class_list":{"0":"post-543542","1":"post","2":"type-post","3":"status-publish","4":"format-standard","5":"has-post-thumbnail","7":"category-nancy","8":"tag-actu","9":"tag-actualites","10":"tag-eu","11":"tag-europe","12":"tag-fr","13":"tag-france","14":"tag-grand-est","15":"tag-nancy","16":"tag-news","17":"tag-republique-francaise","18":"tag-saint-nicolas","19":"tag-societe"},"share_on_mastodon":{"url":"https:\/\/pubeurope.com\/@fr\/115573445468151625","error":""},"_links":{"self":[{"href":"https:\/\/www.europesays.com\/fr\/wp-json\/wp\/v2\/posts\/543542","targetHints":{"allow":["GET"]}}],"collection":[{"href":"https:\/\/www.europesays.com\/fr\/wp-json\/wp\/v2\/posts"}],"about":[{"href":"https:\/\/www.europesays.com\/fr\/wp-json\/wp\/v2\/types\/post"}],"author":[{"embeddable":true,"href":"https:\/\/www.europesays.com\/fr\/wp-json\/wp\/v2\/users\/2"}],"replies":[{"embeddable":true,"href":"https:\/\/www.europesays.com\/fr\/wp-json\/wp\/v2\/comments?post=543542"}],"version-history":[{"count":0,"href":"https:\/\/www.europesays.com\/fr\/wp-json\/wp\/v2\/posts\/543542\/revisions"}],"wp:featuredmedia":[{"embeddable":true,"href":"https:\/\/www.europesays.com\/fr\/wp-json\/wp\/v2\/media\/543543"}],"wp:attachment":[{"href":"https:\/\/www.europesays.com\/fr\/wp-json\/wp\/v2\/media?parent=543542"}],"wp:term":[{"taxonomy":"category","embeddable":true,"href":"https:\/\/www.europesays.com\/fr\/wp-json\/wp\/v2\/categories?post=543542"},{"taxonomy":"post_tag","embeddable":true,"href":"https:\/\/www.europesays.com\/fr\/wp-json\/wp\/v2\/tags?post=543542"}],"curies":[{"name":"wp","href":"https:\/\/api.w.org\/{rel}","templated":true}]}}