{"id":543546,"date":"2025-11-19T00:08:30","date_gmt":"2025-11-19T00:08:30","guid":{"rendered":"https:\/\/www.europesays.com\/fr\/543546\/"},"modified":"2025-11-19T00:08:30","modified_gmt":"2025-11-19T00:08:30","slug":"sept-jeunes-sur-dix-sestiment-citoyens-de-seconde-zone","status":"publish","type":"post","link":"https:\/\/www.europesays.com\/fr\/543546\/","title":{"rendered":"Sept jeunes sur dix s\u2019estiment \u00ab\u00a0citoyens de seconde zone\u00a0\u00bb"},"content":{"rendered":"<p>Les 16-25 ne se sentent pas assez \u00e9cout\u00e9s par les politiques. Ils sont 84\u00a0% \u00e0 \u00eatre de cet avis, selon <a href=\"https:\/\/www.apprentis-auteuil.org\/actualites\/education-et-scolarite\/barometre-de-leducation-2025-les-jeunes-des-citoyens-sans-voix\" target=\"_blank\" rel=\"noopener\">le barom\u00e8tre annuel de l\u2019\u00e9ducation d\u2019Apprentis d\u2019Auteuil,<\/a> r\u00e9alis\u00e9 aupr\u00e8s de 2\u00a0000\u00a0jeunes. Premier constat alarmant\u00a0: deux tiers des jeunes se consid\u00e8rent comme \u00ab\u00a0citoyens sans voix\u00a0\u00bb, exclus du d\u00e9bat public. Un chiffre qui monte jusqu\u2019\u00e0 72\u00a0% parmi les ruraux. Ils sont jusqu\u2019\u00e0 83\u00a0% \u00e0 consid\u00e9rer leurs d\u00e9cideurs \u00ab\u00a0d\u00e9connect\u00e9s de leur r\u00e9alit\u00e9\u00a0\u00bb et trois sur quatre \u00e0 trouver qu\u2019ils seraient justement mieux repr\u00e9sent\u00e9s\u2026 par un jeune\u00a0!<\/p>\n<p>L\u2019\u00e9cole d\u00e9\u00e7oit<\/p>\n<p>Principal lieu d\u2019apprentissage de la citoyennet\u00e9, l\u2019\u00e9cole est consid\u00e9r\u00e9e par 74\u00a0% des jeunes comme les pr\u00e9parant bien \u00e0 l\u2019engagement. 71\u00a0% des 16-25 ans pensent qu\u2019elle est la structure o\u00f9 leur avis compte le plus, devant les m\u00e9dias (50\u00a0%), et les \u00e9lus (45\u00a0%). Deux jeunes sur cinq d\u00e9clarent pourtant s\u2019exprimer dans leurs \u00e9tablissements scolaires sans se sentir \u00e9cout\u00e9s.<\/p>\n<p><strong>Lire aussi\u00a0:<\/strong>\u00a0<a href=\"https:\/\/rennes.maville.com\/actu\/actudet_-point-de-vue.-ecouter-et-faire-participer-les-jeunes-une-question-de-justice-sociale-_53511-7069154_actu.Htm\" target=\"_self\" rel=\"noopener\">POINT DE VUE. \u00ab\u00a0\u00c9couter et faire participer les jeunes, une question de justice sociale\u00a0\u00bb<\/a><\/p>\n<p>Les r\u00e9seaux sociaux sont \u00e9galement motif de d\u00e9ception pour les jeunes. Si la moiti\u00e9 d\u2019entre eux utilisent les plateformes pour exprimer leur opinion, les trois quarts jugent que ce qui y est exprim\u00e9 est trop souvent ignor\u00e9 par les responsables politiques. Ils sont 77\u00a0% \u00e0 estimer que les \u00e9changes en ligne finissent par se transformer en d\u00e9bats st\u00e9riles ou en clash.<\/p>\n<p>Le barom\u00e8tre offre un motif de r\u00e9jouissance\u00a0: huit jeunes sur dix souhaitent s\u2019impliquer davantage dans les sujets li\u00e9s \u00e0 la jeunesse et \u00e0 son futur. Forte de ce constat, la Fondation Apprentis d\u2019Auteuil souhaite porter plusieurs propositions aupr\u00e8s des d\u00e9cideurs politiques. En particulier la cr\u00e9ation d\u2019espaces d\u2019expression pour les jeunes dans les \u00e9coles ou les maisons d\u2019enfants. La Fondation veut \u00e9galement garantir l\u2019expression des plus vuln\u00e9rables comme les jeunes pr\u00e9caires en situation de handicap.<\/p>\n<p>\u00a0<\/p>\n","protected":false},"excerpt":{"rendered":"Les 16-25 ne se sentent pas assez \u00e9cout\u00e9s par les politiques. Ils sont 84\u00a0% \u00e0 \u00eatre de cet&hellip;\n","protected":false},"author":2,"featured_media":543547,"comment_status":"","ping_status":"","sticky":false,"template":"","format":"standard","meta":{"footnotes":""},"categories":[9619],"tags":[1111,11,28489,47203,1777,674,1011,27,4074,12,882,25,10040,2310,8436],"class_list":{"0":"post-543546","1":"post","2":"type-post","3":"status-publish","4":"format-standard","5":"has-post-thumbnail","7":"category-toulon","8":"tag-actu","9":"tag-actualites","10":"tag-citoyens","11":"tag-estiment","12":"tag-eu","13":"tag-europe","14":"tag-fr","15":"tag-france","16":"tag-jeunes","17":"tag-news","18":"tag-provence-alpes-cote-dazur","19":"tag-republique-francaise","20":"tag-seconde","21":"tag-toulon","22":"tag-zone"},"share_on_mastodon":{"url":"https:\/\/pubeurope.com\/@fr\/115573457195720152","error":""},"_links":{"self":[{"href":"https:\/\/www.europesays.com\/fr\/wp-json\/wp\/v2\/posts\/543546","targetHints":{"allow":["GET"]}}],"collection":[{"href":"https:\/\/www.europesays.com\/fr\/wp-json\/wp\/v2\/posts"}],"about":[{"href":"https:\/\/www.europesays.com\/fr\/wp-json\/wp\/v2\/types\/post"}],"author":[{"embeddable":true,"href":"https:\/\/www.europesays.com\/fr\/wp-json\/wp\/v2\/users\/2"}],"replies":[{"embeddable":true,"href":"https:\/\/www.europesays.com\/fr\/wp-json\/wp\/v2\/comments?post=543546"}],"version-history":[{"count":0,"href":"https:\/\/www.europesays.com\/fr\/wp-json\/wp\/v2\/posts\/543546\/revisions"}],"wp:featuredmedia":[{"embeddable":true,"href":"https:\/\/www.europesays.com\/fr\/wp-json\/wp\/v2\/media\/543547"}],"wp:attachment":[{"href":"https:\/\/www.europesays.com\/fr\/wp-json\/wp\/v2\/media?parent=543546"}],"wp:term":[{"taxonomy":"category","embeddable":true,"href":"https:\/\/www.europesays.com\/fr\/wp-json\/wp\/v2\/categories?post=543546"},{"taxonomy":"post_tag","embeddable":true,"href":"https:\/\/www.europesays.com\/fr\/wp-json\/wp\/v2\/tags?post=543546"}],"curies":[{"name":"wp","href":"https:\/\/api.w.org\/{rel}","templated":true}]}}