{"id":543564,"date":"2025-11-19T00:21:22","date_gmt":"2025-11-19T00:21:22","guid":{"rendered":"https:\/\/www.europesays.com\/fr\/543564\/"},"modified":"2025-11-19T00:21:22","modified_gmt":"2025-11-19T00:21:22","slug":"strasbourg-dans-le-grand-sapin-une-boule-scintille-en-hommage-a-une-cycliste-decedee-en-1996","status":"publish","type":"post","link":"https:\/\/www.europesays.com\/fr\/543564\/","title":{"rendered":"Strasbourg. Dans le grand sapin, une boule scintille en hommage \u00e0 une cycliste d\u00e9c\u00e9d\u00e9e en 1996"},"content":{"rendered":"<p>Comme une petite veilleuse. Elle est accroch\u00e9e depuis ce vendredi 14\u00a0novembre dans <a href=\"https:\/\/www.dna.fr\/culture-loisirs\/2025\/10\/24\/malgre-les-intemperies-le-grand-sapin-a-ete-installe-place-kleber\" target=\"_blank\" rel=\"noopener\">le beau sapin de Strasbourg<\/a>. Ronde, blanc translucide. Sobre. La \u201cboule hommage\u201d abrite une ampoule. Cette petite lumi\u00e8re rappelle qu\u2019un jour, une jeune femme est morte pour que puisse se tenir droit et fier le roi de la place Kl\u00e9ber. Un camion-grue accompagnant son entr\u00e9e dans la ville avait roul\u00e9 sur une cycliste, en 1996, dans un encha\u00eenement funeste de circonstances (voir encadr\u00e9). Cette ann\u00e9e, elle repose sous un beau c\u0153ur de kelsch.<\/p>\n<p>Voici le r\u00e9cit de l\u2019accident, tel que le rapportait notre \u00e9dition du 23\u00a0novembre 1996\u00a0:<\/p>\n","protected":false},"excerpt":{"rendered":"Comme une petite veilleuse. Elle est accroch\u00e9e depuis ce vendredi 14\u00a0novembre dans le beau sapin de Strasbourg. Ronde,&hellip;\n","protected":false},"author":2,"featured_media":543565,"comment_status":"","ping_status":"","sticky":false,"template":"","format":"standard","meta":{"footnotes":""},"categories":[2820],"tags":[119,1111,11,2389,1687,2880,1777,674,274,107,1011,27,775,937,12,15830,2661,25,4604,104,640,2879],"class_list":{"0":"post-543564","1":"post","2":"type-post","3":"status-publish","4":"format-standard","5":"has-post-thumbnail","7":"category-strasbourg","8":"tag-accident","9":"tag-actu","10":"tag-actualites","11":"tag-alsace","12":"tag-culture-loisirs","13":"tag-edition-strasbourg","14":"tag-eu","15":"tag-europe","16":"tag-faits-divers-justice","17":"tag-fil-info","18":"tag-fr","19":"tag-france","20":"tag-grand-est","21":"tag-histoire","22":"tag-news","23":"tag-noel","24":"tag-patrimoine-culturel","25":"tag-republique-francaise","26":"tag-selection-abonne","27":"tag-societe","28":"tag-strasbourg","29":"tag-strasbourg-ville"},"share_on_mastodon":{"url":"https:\/\/pubeurope.com\/@fr\/115573508279883574","error":""},"_links":{"self":[{"href":"https:\/\/www.europesays.com\/fr\/wp-json\/wp\/v2\/posts\/543564","targetHints":{"allow":["GET"]}}],"collection":[{"href":"https:\/\/www.europesays.com\/fr\/wp-json\/wp\/v2\/posts"}],"about":[{"href":"https:\/\/www.europesays.com\/fr\/wp-json\/wp\/v2\/types\/post"}],"author":[{"embeddable":true,"href":"https:\/\/www.europesays.com\/fr\/wp-json\/wp\/v2\/users\/2"}],"replies":[{"embeddable":true,"href":"https:\/\/www.europesays.com\/fr\/wp-json\/wp\/v2\/comments?post=543564"}],"version-history":[{"count":0,"href":"https:\/\/www.europesays.com\/fr\/wp-json\/wp\/v2\/posts\/543564\/revisions"}],"wp:featuredmedia":[{"embeddable":true,"href":"https:\/\/www.europesays.com\/fr\/wp-json\/wp\/v2\/media\/543565"}],"wp:attachment":[{"href":"https:\/\/www.europesays.com\/fr\/wp-json\/wp\/v2\/media?parent=543564"}],"wp:term":[{"taxonomy":"category","embeddable":true,"href":"https:\/\/www.europesays.com\/fr\/wp-json\/wp\/v2\/categories?post=543564"},{"taxonomy":"post_tag","embeddable":true,"href":"https:\/\/www.europesays.com\/fr\/wp-json\/wp\/v2\/tags?post=543564"}],"curies":[{"name":"wp","href":"https:\/\/api.w.org\/{rel}","templated":true}]}}