{"id":543570,"date":"2025-11-19T00:24:18","date_gmt":"2025-11-19T00:24:18","guid":{"rendered":"https:\/\/www.europesays.com\/fr\/543570\/"},"modified":"2025-11-19T00:24:18","modified_gmt":"2025-11-19T00:24:18","slug":"quelles-sont-les-dates-des-vacances-scolaires-pour-2026-2027","status":"publish","type":"post","link":"https:\/\/www.europesays.com\/fr\/543570\/","title":{"rendered":"Quelles sont les dates des vacances scolaires pour 2026-2027\u00a0?"},"content":{"rendered":"<p>Ce sont des dates toujours importantes \u00e0 conna\u00eetre. M\u00eame si l\u2019ann\u00e9e 2025-2026 est encore en cours, il est possible de conna\u00eetre les p\u00e9riodes de vacances scolaires pour l\u2019ann\u00e9e suivante, \u00e0 partir de septembre\u00a02026 et jusqu\u2019en ao\u00fbt\u00a02027.<\/p>\n<p>Quel jour de rentr\u00e9e\u00a0?<\/p>\n<p>Pour les trois zones, la rentr\u00e9e scolaire est pr\u00e9vue le 1er\u00a0septembre 2026.<\/p>\n<p>Les vacances de la Toussaint et de No\u00ebl<\/p>\n<p>Les vacances de la Toussaint sont communes aux 3\u00a0zones. Elles sont pr\u00e9vues du samedi 17\u00a0octobre au lundi 2\u00a0novembre 2026, selon le site officiel <a href=\"https:\/\/www.service-public.gouv.fr\/particuliers\/actualites\/A18563\" target=\"_self\" rel=\"noopener\">service-public.gouv.fr.<\/a><\/p>\n<p>Celles de No\u00ebl auront lieu dans plus d\u2019un an, du samedi 19\u00a0d\u00e9cembre 2026 au lundi 4\u00a0janvier 2027.<\/p>\n<p>Les vacances d\u2019hiver<\/p>\n<p>Les cong\u00e9s d\u2019hiver sont diff\u00e9rents selon les secteurs g\u00e9ographiques.<br \/>&#8211; Zone A\u00a0: du samedi 13\u00a0f\u00e9vrier au lundi 1er\u00a0mars 2027<\/p>\n<p>&#8211; Zone B\u00a0: du samedi 20\u00a0f\u00e9vrier au lundi 8\u00a0mars 2027 (dont les Pays de la Loire)<\/p>\n<p>&#8211; Zone C\u00a0: du samedi 6\u00a0f\u00e9vrier au lundi 22\u00a0f\u00e9vrier 2027<\/p>\n<p>Les vacances du printemps<\/p>\n<p>&#8211; Zone A\u00a0: du samedi 10\u00a0avril au lundi 26\u00a0avril 2027<\/p>\n<p>&#8211; Zone B\u00a0: du samedi 17\u00a0avril au lundi 3\u00a0mai 2027<\/p>\n<p>&#8211; Zone C\u00a0: du samedi 3\u00a0avril au lundi 19\u00a0avril 2027<\/p>\n<p>Rappel des trois zones<\/p>\n<p>Les dates des vacances scolaires d\u00e9pendent de la zone o\u00f9 se situe l\u2019\u00e9tablissement scolaire. La France m\u00e9tropolitaine est divis\u00e9e en 3\u00a0zones acad\u00e9miques auxquelles il faut ajouter l\u2019acad\u00e9mie de la Corse\u00a0:<\/p>\n<p>Zone A\u00a0: Besan\u00e7on, Bordeaux, Clermont-Ferrand, Dijon, Grenoble, Limoges, Lyon, Poitiers.<\/p>\n<p>Zone B\u00a0: Aix-Marseille, Amiens, Lille, Nancy-Metz, Nantes, Nice, Normandie, Orl\u00e9ans-Tours, Reims, Rennes, Strasbourg.<\/p>\n<p>Zone C\u00a0: Cr\u00e9teil, Montpellier, Paris, Toulouse, Versailles.<\/p>\n<p>? <strong>\u00c0 LIRE AUSSI<\/strong>\u00a0:<a href=\"https:\/\/www.ouest-france.fr\/presse-ocean\/po-vous-repond\/brevet-baccalaureat-les-dates-des-examens-sont-connues-59553606-9e16-11f0-b8c9-cb434b3a2a4e\" target=\"_self\" rel=\"noopener\"> Brevet, baccalaur\u00e9at, CAP\u00a0: quand auront lieu les examens\u00a0?<\/a><\/p>\n<p>\u00c0 savoir<\/p>\n<p>Selon le minist\u00e8re de l\u2019\u00c9ducation nationale, \u00a0le calendrier 2026-2027 n\u2019est pas encore d\u00e9fini pour la Corse et les d\u00e9partements et r\u00e9gions d\u2019Outre-mer\u00a0\u00bb.<\/p>\n<p>Pas de changement de noms<\/p>\n<p>Le conseil sup\u00e9rieur de l\u2019\u00e9ducation a \u00e9tudi\u00e9 en octobre un amendement propos\u00e9 par la <a href=\"https:\/\/www.snuipp.fr\/\" target=\"_self\" rel=\"noopener\">FSU-SNUipp<\/a> visant \u00e0 modifier l\u2019appellation des vacances scolaires de No\u00ebl et de la Toussaint. \u00a0Cet amendement a recueilli un avis favorable des membres du Conseil mais il n\u2019a pas \u00e9t\u00e9 retenu par le minist\u00e8re de l\u2019\u00c9ducation nationale, de l\u2019Enseignement sup\u00e9rieur et de la Recherche\u00a0, indiquait l\u2019organisme dans un communiqu\u00e9 de presse.<\/p>\n<p>Quid des ponts\u00a0?<\/p>\n<p>Les \u00e9l\u00e8ves n\u2019auront pas cours le 7\u00a0mai 2027, ce qui permettra de faire le pont de l\u2019Ascension. Bon \u00e0 savoir\u00a0: les 1er\u00a0et 8\u00a0mai tombent un samedi. Il n\u2019y aura donc pas de ponts en 2027 pour ces week-ends-l\u00e0. En 2026, les \u00e9l\u00e8ves ne travaillent pas le vendredi\u00a01er\u00a0et le vendredi 8\u00a0mai.\u00a0En 2025, les \u00e9l\u00e8ves n\u2019avaient pas fait <a href=\"https:\/\/nantes.maville.com\/actu\/actudet_-pourquoi-les-eleves-ne-feront-pas-tous-les-ponts-de-mai-2025-_8-6688868_actu.Htm\" target=\"_self\" rel=\"noopener\">le pont les week-ends des 1er\u00a0et 8\u00a0mai.<\/a><\/p>\n<p>\u00a0<\/p>\n","protected":false},"excerpt":{"rendered":"Ce sont des dates toujours importantes \u00e0 conna\u00eetre. M\u00eame si l\u2019ann\u00e9e 2025-2026 est encore en cours, il est&hellip;\n","protected":false},"author":2,"featured_media":543571,"comment_status":"","ping_status":"","sticky":false,"template":"","format":"standard","meta":{"footnotes":""},"categories":[2818],"tags":[61864,1111,11,13799,1777,674,1011,27,766,12,2636,25,18728,2528],"class_list":{"0":"post-543570","1":"post","2":"type-post","3":"status-publish","4":"format-standard","5":"has-post-thumbnail","7":"category-nantes","8":"tag-2026-2027","9":"tag-actu","10":"tag-actualites","11":"tag-dates","12":"tag-eu","13":"tag-europe","14":"tag-fr","15":"tag-france","16":"tag-nantes","17":"tag-news","18":"tag-pays-de-la-loire","19":"tag-republique-francaise","20":"tag-scolaires","21":"tag-vacances"},"share_on_mastodon":{"url":"https:\/\/pubeurope.com\/@fr\/115573520076572942","error":""},"_links":{"self":[{"href":"https:\/\/www.europesays.com\/fr\/wp-json\/wp\/v2\/posts\/543570","targetHints":{"allow":["GET"]}}],"collection":[{"href":"https:\/\/www.europesays.com\/fr\/wp-json\/wp\/v2\/posts"}],"about":[{"href":"https:\/\/www.europesays.com\/fr\/wp-json\/wp\/v2\/types\/post"}],"author":[{"embeddable":true,"href":"https:\/\/www.europesays.com\/fr\/wp-json\/wp\/v2\/users\/2"}],"replies":[{"embeddable":true,"href":"https:\/\/www.europesays.com\/fr\/wp-json\/wp\/v2\/comments?post=543570"}],"version-history":[{"count":0,"href":"https:\/\/www.europesays.com\/fr\/wp-json\/wp\/v2\/posts\/543570\/revisions"}],"wp:featuredmedia":[{"embeddable":true,"href":"https:\/\/www.europesays.com\/fr\/wp-json\/wp\/v2\/media\/543571"}],"wp:attachment":[{"href":"https:\/\/www.europesays.com\/fr\/wp-json\/wp\/v2\/media?parent=543570"}],"wp:term":[{"taxonomy":"category","embeddable":true,"href":"https:\/\/www.europesays.com\/fr\/wp-json\/wp\/v2\/categories?post=543570"},{"taxonomy":"post_tag","embeddable":true,"href":"https:\/\/www.europesays.com\/fr\/wp-json\/wp\/v2\/tags?post=543570"}],"curies":[{"name":"wp","href":"https:\/\/api.w.org\/{rel}","templated":true}]}}