{"id":543582,"date":"2025-11-19T00:30:33","date_gmt":"2025-11-19T00:30:33","guid":{"rendered":"https:\/\/www.europesays.com\/fr\/543582\/"},"modified":"2025-11-19T00:30:33","modified_gmt":"2025-11-19T00:30:33","slug":"lille-cet-ancien-eleve-de-la-star-academy-sera-en-concert-au-splendid-ce-samedi","status":"publish","type":"post","link":"https:\/\/www.europesays.com\/fr\/543582\/","title":{"rendered":"Lille. Cet ancien \u00e9l\u00e8ve de la Star Academy sera en concert au Splendid ce samedi"},"content":{"rendered":"<p>                    Par<br \/>\n        <strong><br \/>\n            <a href=\"https:\/\/actu.fr\/auteur\/zoe-hondt\" title=\"Consulter tous les articles de Zoe Hondt\" target=\"_blank\" rel=\"noopener\">Zoe Hondt<\/a><br \/>\n                    <\/strong><\/p>\n<p>        Publi\u00e9 le<\/p>\n<p>            18 nov. 2025 \u00e0 16h58        <\/p>\n<p>Victime de son succ\u00e8s. Initialement pr\u00e9vu au Slalom, le <a href=\"https:\/\/actu.fr\/lille\/loisirs-culture\/concert\" target=\"_blank\" rel=\"noopener\">concert<\/a> de Victorien se fera finalement au <b>Splendid<\/b>, le samedi 22 novembre \u00e0 <a href=\"https:\/\/actu.fr\/lille\/\" target=\"_blank\" rel=\"noopener\">Lille<\/a> (Nord). Face \u00e0 la forte demande, il a fallu trouver une <b>salle plus spacieuse<\/b> pour accueillir le public nordiste. R\u00e9v\u00e9l\u00e9 lors de la <a href=\"https:\/\/actu.fr\/tag\/star-academy\" target=\"_blank\" rel=\"noopener\">Star Academy<\/a> 2023, <b>Victorien Breux<\/b>, alias Victorien, interpr\u00e9tera son <b>premier album<\/b> sorti le 31 octobre 2025, intitul\u00e9 \u00ab\u00a0Il faudra le faire\u00a0\u00bb.<\/p>\n<p>Ancien \u00e9l\u00e8ve de la Star Ac\u2019, il sort son premier album<\/p>\n<p class=\" wall-content\">Quatri\u00e8me \u00e9limin\u00e9 de la Star Academy 2023, Victorien a tout de m\u00eame r\u00e9ussi \u00e0 se faire une place et un nom dans la musique. Avec <b>trois dates sold-out<\/b> lors de sa premi\u00e8re tourn\u00e9e au printemps 2025, il poursuit son tour de France depuis fin octobre, marqu\u00e9 par la sortie de son premier album \u00ab\u00a0Il faudra le faire\u00a0\u00bb. Entre <b>pop et slam<\/b>, beaucoup se laissent s\u00e9duire par son <b>univers m\u00e9lancolique<\/b>. Victorien ira \u00e0 la rencontre de son public lillois le samedi 22 novembre. Pour les retardataires, <a href=\"https:\/\/www.le-splendid.com\/victorien\" target=\"_blank\" rel=\"noopener\">il reste des places<\/a> !<\/p>\n<p class=\" wall-content\">Personnalisez votre actualit\u00e9 en ajoutant vos villes et m\u00e9dias en favori avec <a href=\"https:\/\/moncompte.actu.fr\" title=\"D\u00e9couvez Mon Actu\" rel=\"nofollow noopener\" data-trk=\"{&quot;cta&quot;:{&quot;action&quot;:&quot;https:\\\/\\\/moncompte.actu.fr&quot;,&quot;category&quot;:&quot;mon compte&quot;,&quot;from&quot;:&quot;article footer&quot;,&quot;name&quot;:&quot;Mon actu&quot;,&quot;type&quot;:&quot;cta&quot;}}\" target=\"_blank\">Mon Actu<\/a>.<\/p>\n","protected":false},"excerpt":{"rendered":"Par Zoe Hondt Publi\u00e9 le 18 nov. 2025 \u00e0 16h58 Victime de son succ\u00e8s. Initialement pr\u00e9vu au Slalom,&hellip;\n","protected":false},"author":2,"featured_media":543583,"comment_status":"","ping_status":"","sticky":false,"template":"","format":"standard","meta":{"footnotes":""},"categories":[2815],"tags":[1111,11,1697,1777,674,1011,27,811,1307,1652,873,12,25,5095],"class_list":{"0":"post-543582","1":"post","2":"type-post","3":"status-publish","4":"format-standard","5":"has-post-thumbnail","7":"category-lille","8":"tag-actu","9":"tag-actualites","10":"tag-concert","11":"tag-eu","12":"tag-europe","13":"tag-fr","14":"tag-france","15":"tag-hauts-de-france","16":"tag-lille","17":"tag-loisirs-culture","18":"tag-musique","19":"tag-news","20":"tag-republique-francaise","21":"tag-star-academy"},"share_on_mastodon":{"url":"https:\/\/pubeurope.com\/@fr\/115573543700964704","error":""},"_links":{"self":[{"href":"https:\/\/www.europesays.com\/fr\/wp-json\/wp\/v2\/posts\/543582","targetHints":{"allow":["GET"]}}],"collection":[{"href":"https:\/\/www.europesays.com\/fr\/wp-json\/wp\/v2\/posts"}],"about":[{"href":"https:\/\/www.europesays.com\/fr\/wp-json\/wp\/v2\/types\/post"}],"author":[{"embeddable":true,"href":"https:\/\/www.europesays.com\/fr\/wp-json\/wp\/v2\/users\/2"}],"replies":[{"embeddable":true,"href":"https:\/\/www.europesays.com\/fr\/wp-json\/wp\/v2\/comments?post=543582"}],"version-history":[{"count":0,"href":"https:\/\/www.europesays.com\/fr\/wp-json\/wp\/v2\/posts\/543582\/revisions"}],"wp:featuredmedia":[{"embeddable":true,"href":"https:\/\/www.europesays.com\/fr\/wp-json\/wp\/v2\/media\/543583"}],"wp:attachment":[{"href":"https:\/\/www.europesays.com\/fr\/wp-json\/wp\/v2\/media?parent=543582"}],"wp:term":[{"taxonomy":"category","embeddable":true,"href":"https:\/\/www.europesays.com\/fr\/wp-json\/wp\/v2\/categories?post=543582"},{"taxonomy":"post_tag","embeddable":true,"href":"https:\/\/www.europesays.com\/fr\/wp-json\/wp\/v2\/tags?post=543582"}],"curies":[{"name":"wp","href":"https:\/\/api.w.org\/{rel}","templated":true}]}}