{"id":543586,"date":"2025-11-19T00:32:15","date_gmt":"2025-11-19T00:32:15","guid":{"rendered":"https:\/\/www.europesays.com\/fr\/543586\/"},"modified":"2025-11-19T00:32:15","modified_gmt":"2025-11-19T00:32:15","slug":"marseille-un-aide-soignant-soupconne-de-setre-installe-chez-une-retraitee-apres-lavoir","status":"publish","type":"post","link":"https:\/\/www.europesays.com\/fr\/543586\/","title":{"rendered":"Marseille. Un aide-soignant soup\u00e7onn\u00e9 de s\u2019\u00eatre install\u00e9 chez une retrait\u00e9e apr\u00e8s l\u2019avoir"},"content":{"rendered":"<p>Un aide-soignant \u00e2g\u00e9 de 61\u00a0ans a \u00e9t\u00e9 interpell\u00e9 pour \u00ab\u00a0escroquerie et abus de faiblesse\u00a0\u00bb sur des personnes vuln\u00e9rables, \u00e0 Marseille (Bouches-du-Rh\u00f4ne), rapporte <a href=\"https:\/\/www.laprovence.com\/article\/faits-divers-justice\/49355025050635\/laide-soignant-depouille-des-personnes-vulnerables-et-finit-par-sinstaller-chez-une-de-ses-victimes-a-marseille\" target=\"_blank\" rel=\"noopener\"> La Provence <\/a>. Il doit \u00eatre jug\u00e9 devant un tribunal correctionnel en janvier prochain, pour avoir d\u00e9tourn\u00e9 pr\u00e8s de 60\u00a0000\u00a0\u20ac. L\u2019homme a \u00e9t\u00e9 confondu \u00e0 l\u2019issue d\u2019une enqu\u00eate men\u00e9e par\u00a0les policiers de la brigade financi\u00e8re, alert\u00e9s par une association charg\u00e9e de la tutelle d\u2019une retrait\u00e9e de 85\u00a0ans.<\/p>\n<p>La structure avait en effet relev\u00e9 des retraits r\u00e9p\u00e9t\u00e9s et des ch\u00e8ques suspects. L\u2019aide-soignant, voisin de palier de l\u2019octog\u00e9naire, se serait fait payer pour des services, avant de s\u2019installer chez la vieille dame. Il aurait m\u00eame fait signer \u00e0 cette derni\u00e8re une attestation d\u2019h\u00e9bergement.<\/p>\n<p>Une autre victime identifi\u00e9e<\/p>\n<p>Les enqu\u00eateurs ont par ailleurs d\u00e9couvert plus de 40\u00a0vid\u00e9os dans lesquelles il demande \u00e0 la retrait\u00e9e de valider les remises de ch\u00e8que, afin de se couvrir. Une fois l\u2019octog\u00e9naire partie en maison de retraite, l\u2019escroc pr\u00e9sum\u00e9 a vendu son propre appartement pour s\u2019installer d\u00e9finitivement chez elle.<\/p>\n<p>L\u2019aide-soignant aurait fait une autre victime, un homme qu\u2019il a d\u00e9pouill\u00e9 de dizaines de ch\u00e8ques. En attendant le proc\u00e8s, la justice a d\u00e9j\u00e0 saisi 51\u00a0000\u00a0\u20ac sur les comptes du mis en cause et les a plac\u00e9s sous s\u00e9questre.<\/p>\n<p>Pour en savoir plus\u00a0: lire l\u2019article de\u00a0<a href=\"https:\/\/www.laprovence.com\/article\/faits-divers-justice\/49355025050635\/laide-soignant-depouille-des-personnes-vulnerables-et-finit-par-sinstaller-chez-une-de-ses-victimes-a-marseille\" target=\"_blank\" rel=\"noopener\"> La Provence <\/a>.<\/p>\n<p>\u00a0<\/p>\n","protected":false},"excerpt":{"rendered":"Un aide-soignant \u00e2g\u00e9 de 61\u00a0ans a \u00e9t\u00e9 interpell\u00e9 pour \u00ab\u00a0escroquerie et abus de faiblesse\u00a0\u00bb sur des personnes vuln\u00e9rables,&hellip;\n","protected":false},"author":2,"featured_media":543587,"comment_status":"","ping_status":"","sticky":false,"template":"","format":"standard","meta":{"footnotes":""},"categories":[2814],"tags":[1111,11,66168,66169,1777,674,1011,27,10623,14191,884,12,882,25,43164,3213,37462,10624],"class_list":{"0":"post-543586","1":"post","2":"type-post","3":"status-publish","4":"format-standard","5":"has-post-thumbnail","7":"category-marseille","8":"tag-actu","9":"tag-actualites","10":"tag-aide-soignant","11":"tag-escroquee","12":"tag-eu","13":"tag-europe","14":"tag-fr","15":"tag-france","16":"tag-golfe","17":"tag-installe","18":"tag-marseille","19":"tag-news","20":"tag-provence-alpes-cote-dazur","21":"tag-republique-francaise","22":"tag-retraitee","23":"tag-saint","24":"tag-soupconne","25":"tag-tropez"},"share_on_mastodon":{"url":"https:\/\/pubeurope.com\/@fr\/115573551803623535","error":""},"_links":{"self":[{"href":"https:\/\/www.europesays.com\/fr\/wp-json\/wp\/v2\/posts\/543586","targetHints":{"allow":["GET"]}}],"collection":[{"href":"https:\/\/www.europesays.com\/fr\/wp-json\/wp\/v2\/posts"}],"about":[{"href":"https:\/\/www.europesays.com\/fr\/wp-json\/wp\/v2\/types\/post"}],"author":[{"embeddable":true,"href":"https:\/\/www.europesays.com\/fr\/wp-json\/wp\/v2\/users\/2"}],"replies":[{"embeddable":true,"href":"https:\/\/www.europesays.com\/fr\/wp-json\/wp\/v2\/comments?post=543586"}],"version-history":[{"count":0,"href":"https:\/\/www.europesays.com\/fr\/wp-json\/wp\/v2\/posts\/543586\/revisions"}],"wp:featuredmedia":[{"embeddable":true,"href":"https:\/\/www.europesays.com\/fr\/wp-json\/wp\/v2\/media\/543587"}],"wp:attachment":[{"href":"https:\/\/www.europesays.com\/fr\/wp-json\/wp\/v2\/media?parent=543586"}],"wp:term":[{"taxonomy":"category","embeddable":true,"href":"https:\/\/www.europesays.com\/fr\/wp-json\/wp\/v2\/categories?post=543586"},{"taxonomy":"post_tag","embeddable":true,"href":"https:\/\/www.europesays.com\/fr\/wp-json\/wp\/v2\/tags?post=543586"}],"curies":[{"name":"wp","href":"https:\/\/api.w.org\/{rel}","templated":true}]}}