{"id":543594,"date":"2025-11-19T00:37:25","date_gmt":"2025-11-19T00:37:25","guid":{"rendered":"https:\/\/www.europesays.com\/fr\/543594\/"},"modified":"2025-11-19T00:37:25","modified_gmt":"2025-11-19T00:37:25","slug":"rer-c-dans-lessonne-une-nouvelle-ligne-y-et-des-trains-neufs-pour-2032","status":"publish","type":"post","link":"https:\/\/www.europesays.com\/fr\/543594\/","title":{"rendered":"RER\u00a0C dans l\u2019Essonne\u00a0: une nouvelle ligne\u00a0Y et des trains neufs pour 2032\u00a0?"},"content":{"rendered":"<p class=\"paragraph text_align_left lp-f-body-02\">Il y a de quoi se perdre dans les m\u00e9andres du <a href=\"https:\/\/www.leparisien.fr\/info-paris-ile-de-france-oise\/transports\/rer-c\/\" target=\"_blank\" rel=\"noreferrer noopener\">RER C<\/a>\u2026 La ligne tentaculaire, dot\u00e9e de pas moins de sept branches reliant toute l\u2019\u00cele-de-France, est \u00e0 un tournant. V\u00e9tuste, elle doit de toute urgence entamer sa modernisation. <a href=\"https:\/\/www.leparisien.fr\/politique\/valerie-pecresse\/\" target=\"_blank\" rel=\"noreferrer noopener\">Val\u00e9rie P\u00e9cresse<\/a> (LR), la pr\u00e9sidente la r\u00e9gion et d\u2019\u00cele-de-France Mobilit\u00e9s (IDFM), l\u2019autorit\u00e9 en charge des <a href=\"https:\/\/www.leparisien.fr\/info-paris-ile-de-france-oise\/transports\/\" target=\"_blank\" rel=\"noreferrer noopener\">transports<\/a>, souhaite acc\u00e9l\u00e9rer cette mutation en lan\u00e7ant la commande de nouveaux trains pour les branches sud, Dourdan-la For\u00eat et Saint-Martin d\u2019\u00c9tampes (<a href=\"https:\/\/www.leparisien.fr\/essonne-91\/\" target=\"_blank\" rel=\"noreferrer noopener\">Essonne<\/a>). Celles-ci seront rebaptis\u00e9es \u00ab ligne Y \u00bb \u00e0 l\u2019horizon 2032, avec une desserte \u00ab rapide \u00bb jusqu\u2019\u00e0 la capitale. Actuellement, ce sont les deux tron\u00e7ons les plus en souffrance, avec moins de 85 % de ponctualit\u00e9.<\/p>\n<p class=\"paragraph text_align_left lp-f-body-02\">Une r\u00e9union avec des \u00e9lus du Sud-Essonne s\u2019est tenue la semaine derni\u00e8re pour leur pr\u00e9senter en d\u00e9tail le projet de ligne Y et de remplacement des trains, qui doit \u00eatre soumis au vote du conseil d\u2019IDFM le 10 d\u00e9cembre.<\/p>\n","protected":false},"excerpt":{"rendered":"Il y a de quoi se perdre dans les m\u00e9andres du RER C\u2026 La ligne tentaculaire, dot\u00e9e de&hellip;\n","protected":false},"author":2,"featured_media":543595,"comment_status":"","ping_status":"","sticky":false,"template":"","format":"standard","meta":{"footnotes":""},"categories":[1592],"tags":[1111,11,1777,674,1011,27,662,1944,12,626,25,2382],"class_list":{"0":"post-543594","1":"post","2":"type-post","3":"status-publish","4":"format-standard","5":"has-post-thumbnail","7":"category-ile-de-france","8":"tag-actu","9":"tag-actualites","10":"tag-eu","11":"tag-europe","12":"tag-fr","13":"tag-france","14":"tag-ile-de-france","15":"tag-ma-ville","16":"tag-news","17":"tag-paris","18":"tag-republique-francaise","19":"tag-transport-idf-oise"},"share_on_mastodon":{"url":"https:\/\/pubeurope.com\/@fr\/115573571155753145","error":""},"_links":{"self":[{"href":"https:\/\/www.europesays.com\/fr\/wp-json\/wp\/v2\/posts\/543594","targetHints":{"allow":["GET"]}}],"collection":[{"href":"https:\/\/www.europesays.com\/fr\/wp-json\/wp\/v2\/posts"}],"about":[{"href":"https:\/\/www.europesays.com\/fr\/wp-json\/wp\/v2\/types\/post"}],"author":[{"embeddable":true,"href":"https:\/\/www.europesays.com\/fr\/wp-json\/wp\/v2\/users\/2"}],"replies":[{"embeddable":true,"href":"https:\/\/www.europesays.com\/fr\/wp-json\/wp\/v2\/comments?post=543594"}],"version-history":[{"count":0,"href":"https:\/\/www.europesays.com\/fr\/wp-json\/wp\/v2\/posts\/543594\/revisions"}],"wp:featuredmedia":[{"embeddable":true,"href":"https:\/\/www.europesays.com\/fr\/wp-json\/wp\/v2\/media\/543595"}],"wp:attachment":[{"href":"https:\/\/www.europesays.com\/fr\/wp-json\/wp\/v2\/media?parent=543594"}],"wp:term":[{"taxonomy":"category","embeddable":true,"href":"https:\/\/www.europesays.com\/fr\/wp-json\/wp\/v2\/categories?post=543594"},{"taxonomy":"post_tag","embeddable":true,"href":"https:\/\/www.europesays.com\/fr\/wp-json\/wp\/v2\/tags?post=543594"}],"curies":[{"name":"wp","href":"https:\/\/api.w.org\/{rel}","templated":true}]}}