{"id":543598,"date":"2025-11-19T00:40:23","date_gmt":"2025-11-19T00:40:23","guid":{"rendered":"https:\/\/www.europesays.com\/fr\/543598\/"},"modified":"2025-11-19T00:40:23","modified_gmt":"2025-11-19T00:40:23","slug":"jai-fait-comme-tous-les-bobos-parisiens-marianne-james-a-investi-dans-une-maison-loin-de-paris-situee-dans-un-cadre-que-beaucoup-de-personnes-recherchent","status":"publish","type":"post","link":"https:\/\/www.europesays.com\/fr\/543598\/","title":{"rendered":"\u00ab\u00a0J&rsquo;ai fait comme tous les bobos parisiens\u00a0\u00bb : Marianne James a investi dans une maison loin de Paris, situ\u00e9e dans un cadre que beaucoup de personnes recherchent"},"content":{"rendered":"<p class=\"mb-4 text-lg md:leading-8 break-words\">M6 poursuit sa diffusion de la nouvelle saison de La France a un incroyable talent ce mardi soir sur M6, avec toujours Marianne James parmi le jury. Une artiste qui est originaire d&rsquo;une r\u00e9gion situ\u00e9e \u00e0 plusieurs centaines de kilom\u00e8tres de Paris, et o\u00f9 elle a investi il y a quelques ann\u00e9es.<\/p>\n<p class=\"mb-4 text-lg md:leading-8 break-words\"><a href=\"https:\/\/www.purepeople.com\/people\/marianne-james_p134\" rel=\"nofollow noopener\" target=\"_blank\" data-ylk=\"slk:Marianne James;elm:context_link;itc:0;sec:content-canvas\" class=\"link \">Marianne James<\/a>, qui est \u00e0 retrouver ce mardi 18 novembre 2025 \u00e0 21h10 sur M6 dans <a href=\"https:\/\/fr.news.yahoo.com\/cest-seul-moyen-rester-eric-182000680.html\" data-ylk=\"slk:La France a un incroyable talent,;elm:context_link;itc:0;sec:content-canvas;outcm:mb_qualified_link;_E:mb_qualified_link;ct:story;\" class=\"link  yahoo-link\" target=\"_blank\" rel=\"noopener\">La France a un incroyable talent,<\/a> aux c\u00f4t\u00e9s <a href=\"https:\/\/fr.style.yahoo.com\/france-incroyable-talent-point%C3%A9e-doigt-190200235.html\" data-ylk=\"slk:d&#039;Eric Antoine notamment (qui s&#039;exprimait r\u00e9cemment sur l&#039;\u00e9mission;elm:context_link;itc:0;sec:content-canvas;outcm:mb_qualified_link;_E:mb_qualified_link;ct:story;\" class=\"link  yahoo-link\" target=\"_blank\" rel=\"noopener\">d&rsquo;Eric Antoine notamment (qui s&rsquo;exprimait r\u00e9cemment sur l&rsquo;\u00e9mission<\/a>), est originaire de Mont\u00e9limar. Une ville de 40 000 habitants environ, situ\u00e9e dans la Dr\u00f4me, entre Lyon et Marseille (et \u00e0 plus de 500 kilom\u00e8tres de Paris). Une commune r\u00e9put\u00e9e pour son nougat, mais aussi pour son cadre paisible.<\/p>\n<p class=\"mb-4 text-lg md:leading-8 break-words\">Marianne James y est n\u00e9e. C\u2019est l\u00e0 qu&rsquo;elle a grandi avec sa famille, son p\u00e8re \u00e9tant \u00e0 l&rsquo;\u00e9poque \u00e0 la t\u00eate d\u2019une confiserie l\u00e0-bas. Si elle a \u00e9t\u00e9 oblig\u00e9e de quitter sa r\u00e9gion et de rejoindre Paris pour mener \u00e0 bien ses projets, elle a en revanche toujours continu\u00e9 \u00e0 y retourner, notamment pour rendre visite \u00e0 sa soeur qui habite un peu plus loin. \u00ab\u00a0C\u2019est un d\u00e9paysement total, mon havre de paix. Il m\u2019est impossible de retourner \u00e0 Paris o\u00f9 j\u2019habite sans avoir pass\u00e9 plusieurs semaines en Ard\u00e8che chez ma s\u0153ur \u00e0 Saint-Jean-Chambre\u00a0\u00bb, avait-elle confi\u00e9 au Dauphin\u00e9 en 2012.<\/p>\n<p class=\"mb-4 text-lg md:leading-8 break-words\">En 2020, elle a alors d\u00e9cid\u00e9 d&rsquo;investir dans une maison, pr\u00e8s \u00e0 Mont\u00e9limar. \u00ab\u00a0Avec la maman, la s\u0153ur, la tata, les amis, et m\u00eame les voisines\u2026 On forme une vraie bande !\u00a0\u00bb, confiait-elle \u00e0 Closer, elle qui est entour\u00e9e de verdure et d&rsquo;une grande terrasse o\u00f9 elle peut recevoir ses proches et chanter sans avoir peur de d\u00e9ranger les voisins.<\/p>\n<p class=\"mb-4 text-lg md:leading-8 break-words\">Marianne James install\u00e9e dans sa r\u00e9gion natale gr\u00e2ce \u00e0 Eric Antoine, voici pourquoi<\/p>\n<p class=\"mb-4 text-lg md:leading-8 break-words\">\u201c<strong>J&rsquo;ai fait comme tous les bobos parisiens qui ne voulaient pas \u00eatre enferm\u00e9s seuls dans leur appartement.<\/strong>\u00ab\u00a0, expliquait-elle \u00e9galement au magazine. \u00ab\u00a0C&rsquo;est d&rsquo;ailleurs gr\u00e2ce \u00e0 \u00c9ric Antoine ! Il avait \u00e9t\u00e9 test\u00e9 positif au Covid en plein tournage de l&rsquo;\u00e9mission, ce qui avait tout interrompu. Sans cela, je ne serais pas descendue si longtemps, et je n&rsquo;aurais pas choisi de m&rsquo;y installer. Depuis, \u00e0 chaque fois que l&rsquo;on trinque, on l\u00e8ve nos verres en criant : \u00e0 la sant\u00e9 d&rsquo;\u00c9ric Antoine !\u00a0\u00bb, pr\u00e9cisait-elle ensuite au magazine.<\/p>\n<p class=\"mb-4 text-lg md:leading-8 break-words\">Marianne James peut donc remercier celui qui s&rsquo;est mari\u00e9 cet \u00e9t\u00e9 \u00e0 la pr\u00e9sentatrice m\u00e9t\u00e9o <a href=\"https:\/\/fr.news.yahoo.com\/eric-antoine-femme-gennifer-demey-192700628.html\" data-ylk=\"slk:Gennifer Demey;elm:context_link;itc:0;sec:content-canvas;outcm:mb_qualified_link;_E:mb_qualified_link;ct:story;\" class=\"link  yahoo-link\" target=\"_blank\" rel=\"noopener\">Gennifer Demey<\/a>.<a href=\"https:\/\/fr.news.yahoo.com\/%C3%A9taient-invit%C3%A9s-eric-antoine-explique-181800065.html\" data-ylk=\"slk:Un mariage qu&#039;elle a manqu\u00e9;elm:context_link;itc:0;sec:content-canvas;outcm:mb_qualified_link;_E:mb_qualified_link;ct:story;\" class=\"link  yahoo-link\" target=\"_blank\" rel=\"noopener\"> Un mariage qu&rsquo;elle a manqu\u00e9<\/a>, tout comme H\u00e9l\u00e8ne S\u00e9gara et Sugar Sammy. Mais il y a une explication&#8230; \u00ab\u00a0Ils \u00e9taient tous invit\u00e9s, mais malheureusement Marianne a eu des soucis de sant\u00e9, H\u00e9l\u00e8ne \u00e9tait au Japon et Sammy au Canada donc il n\u2019y a que Karine qui \u00e9tait l\u00e0\u00a0\u00bb, avait expliqu\u00e9 l&rsquo;animateur en septembre dernier.<\/p>\n<p class=\"mb-4 text-lg md:leading-8 break-words\"><a href=\"https:\/\/www.purepeople.com\/article\/j-ai-fait-comme-tous-les-bobos-parisiens-marianne-james-a-investi-dans-une-maison-loin-de-paris-situee-dans-un-cadre-que-beaucoup-de-personnes-recherchent_a544704\/1\" rel=\"nofollow noopener\" target=\"_blank\" data-ylk=\"slk:Article original sur Purepeople;elm:context_link;itc:0;sec:content-canvas\" class=\"link \">Article original sur Purepeople<\/a><\/p>\n","protected":false},"excerpt":{"rendered":"M6 poursuit sa diffusion de la nouvelle saison de La France a un incroyable talent ce mardi soir&hellip;\n","protected":false},"author":2,"featured_media":543599,"comment_status":"","ping_status":"","sticky":false,"template":"","format":"standard","meta":{"footnotes":""},"categories":[1888],"tags":[1111,1928,11,1927,1194,1777,674,1011,27,5366,494,13172,12,1926,5984,626,1925,25],"class_list":{"0":"post-543598","1":"post","2":"type-post","3":"status-publish","4":"format-standard","5":"has-post-thumbnail","7":"category-paris","8":"tag-actu","9":"tag-actu-paris","10":"tag-actualites","11":"tag-actualites-paris","12":"tag-eric-antoine","13":"tag-eu","14":"tag-europe","15":"tag-fr","16":"tag-france","17":"tag-la-france-a-un-incroyable-talent","18":"tag-m6","19":"tag-marianne-james","20":"tag-news","21":"tag-news-paris","22":"tag-nouvelle-saison","23":"tag-paris","24":"tag-paris-news","25":"tag-republique-francaise"},"share_on_mastodon":{"url":"https:\/\/pubeurope.com\/@fr\/115573583087320131","error":""},"_links":{"self":[{"href":"https:\/\/www.europesays.com\/fr\/wp-json\/wp\/v2\/posts\/543598","targetHints":{"allow":["GET"]}}],"collection":[{"href":"https:\/\/www.europesays.com\/fr\/wp-json\/wp\/v2\/posts"}],"about":[{"href":"https:\/\/www.europesays.com\/fr\/wp-json\/wp\/v2\/types\/post"}],"author":[{"embeddable":true,"href":"https:\/\/www.europesays.com\/fr\/wp-json\/wp\/v2\/users\/2"}],"replies":[{"embeddable":true,"href":"https:\/\/www.europesays.com\/fr\/wp-json\/wp\/v2\/comments?post=543598"}],"version-history":[{"count":0,"href":"https:\/\/www.europesays.com\/fr\/wp-json\/wp\/v2\/posts\/543598\/revisions"}],"wp:featuredmedia":[{"embeddable":true,"href":"https:\/\/www.europesays.com\/fr\/wp-json\/wp\/v2\/media\/543599"}],"wp:attachment":[{"href":"https:\/\/www.europesays.com\/fr\/wp-json\/wp\/v2\/media?parent=543598"}],"wp:term":[{"taxonomy":"category","embeddable":true,"href":"https:\/\/www.europesays.com\/fr\/wp-json\/wp\/v2\/categories?post=543598"},{"taxonomy":"post_tag","embeddable":true,"href":"https:\/\/www.europesays.com\/fr\/wp-json\/wp\/v2\/tags?post=543598"}],"curies":[{"name":"wp","href":"https:\/\/api.w.org\/{rel}","templated":true}]}}