{"id":5436,"date":"2025-04-06T13:59:31","date_gmt":"2025-04-06T13:59:31","guid":{"rendered":"https:\/\/www.europesays.com\/fr\/5436\/"},"modified":"2025-04-06T13:59:31","modified_gmt":"2025-04-06T13:59:31","slug":"tout-le-monde-nest-pas-le-psg-pour-trouver-les-espaces-pointe-haise","status":"publish","type":"post","link":"https:\/\/www.europesays.com\/fr\/5436\/","title":{"rendered":"\u00abTout le monde n\u2019est pas le PSG pour trouver les espaces\u00bb, pointe Haise"},"content":{"rendered":"<p>L\u2019entra\u00eeneur de Nice a r\u00e9agi apr\u00e8s la d\u00e9faite des siens ce vendredi soir face \u00e0 Nantes (1-2) en Ligue 1.<\/p>\n<p class=\"fig-paragraph\">\u00abLes choses ne basculent pas bien en ce moment. Mais qui, \u00e0 part nous, va modifier \u00e7a? Personne\u00bb: Franck Haise attend de ses joueurs qu&rsquo;ils r\u00e9agissent apr\u00e8s la\u00a0<a href=\"http:\/\/www.lefigaro.fr\/sports\/football\/ligue-1\/nice-nantes-anthony-lopes-monstrueux-les-nicois-perdent-de-precieux-points-les-tops-et-flops-20250404\" data-fig-type=\"NewsFlash\" data-gtm-custom-categorie=\"navigation\" data-gtm-custom-action=\"crossclick\" data-gtm-custom-label=\"Contextuel\" data-gtm-event=\"customEventSPE\" data-fig-domain=\"LEFIGARO\" target=\"_blank\" rel=\"noopener\">d\u00e9faite de Nice \u00e0 domicile contre Nantes<\/a>\u00a0(2-1), vendredi. \u00abEn deuxi\u00e8me p\u00e9riode, on n&rsquo;a pas eu beaucoup d&rsquo;occasions malgr\u00e9 la domination, a dit Haise. C&rsquo;est une r\u00e9alit\u00e9, m\u00eame si j&rsquo;y ai cru sur une frappe (de Bouanani, ndlr). Mais, face \u00e0 un adversaire aussi regroup\u00e9, aussi dense, trouver les espaces n&rsquo;est pas facile. Tout le monde n&rsquo;est pas le PSG pour les trouver.\u00bb<\/p>\n<p class=\"fig-paragraph\">\u00abOn a eu beaucoup de bonne volont\u00e9, a-t-il toutefois estim\u00e9. Il a manqu\u00e9 de la justesse par moments pour mieux finir nos actions.\u00bb Nice n&rsquo;a pris qu&rsquo;un point en quatre matches, dont trois \u00e0 domicile. \u00abSur nos derniers matches \u00e0 domicile, je vois une continuit\u00e9, a-t-il reconnu. Quand je vois les matches, les occasions, les situations, je me dis qu&rsquo;on n&rsquo;est pas tr\u00e8s bien pay\u00e9s en ce moment. Mais il faut continuer \u00e0 bosser et y croire.\u00bb<\/p>\n<p>\u00abQui, \u00e0 part nous, va modifier \u00e7a\u00a0?\u00bb<\/p>\n<p class=\"fig-paragraph\">\u00abIl nous manque un petit quelque chose qu&rsquo;on a du mal \u00e0 aller chercher, a-t-il poursuivi. On a 80% de possession, beaucoup d&rsquo;occasions. Et le deuxi\u00e8me but encaiss\u00e9 est entach\u00e9 d&rsquo;un gros hors-jeu, m\u00eame si je sais que la VAR ne peut revenir dessus. Les choses ne basculent pas bien en ce moment. Mais qui, \u00e0 part nous, va modifier \u00e7a? Personne.\u00bb \u00abAvec un peu plus de consistance, d&rsquo;efficacit\u00e9 et de justesse, on en gagnera d&rsquo;autres. La s\u00e9rie est n\u00e9gative. \u00c0 nous de la faire basculer de nouveau\u00bb, a soulign\u00e9 l&rsquo;entra\u00eeneur.<\/p>\n<p class=\"fig-paragraph\">\u00abOn n&rsquo;est pas tr\u00e8s loin, a-t-il martel\u00e9. Mais pas tr\u00e8s loin, \u00e7a veut dire qu&rsquo;on n&rsquo;y est pas quand m\u00eame. Il faut continuer. En mettre un peu plus, voire faire les choses un peu mieux\u00bb.<\/p>\n","protected":false},"excerpt":{"rendered":"L\u2019entra\u00eeneur de Nice a r\u00e9agi apr\u00e8s la d\u00e9faite des siens ce vendredi soir face \u00e0 Nantes (1-2) en&hellip;\n","protected":false},"author":2,"featured_media":5437,"comment_status":"","ping_status":"","sticky":false,"template":"","format":"standard","meta":{"footnotes":""},"categories":[2818],"tags":[1111,11,525,1981,814,1777,674,462,2257,63,1011,27,3308,3309,66,1307,955,766,12,2268,1176,978,2636,93,25,1980],"class_list":{"0":"post-5436","1":"post","2":"type-post","3":"status-publish","4":"format-standard","5":"has-post-thumbnail","7":"category-nantes","8":"tag-actu","9":"tag-actualites","10":"tag-calendrier","11":"tag-classement","12":"tag-direct","13":"tag-eu","14":"tag-europe","15":"tag-fc-nantes","16":"tag-foot","17":"tag-football","18":"tag-fr","19":"tag-france","20":"tag-franck-haise","21":"tag-l1","22":"tag-ligue-1","23":"tag-lille","24":"tag-match","25":"tag-nantes","26":"tag-news","27":"tag-ogc-nice","28":"tag-olympique-de-marseille","29":"tag-olympique-lyonnais","30":"tag-pays-de-la-loire","31":"tag-psg","32":"tag-republique-francaise","33":"tag-resultats"},"share_on_mastodon":{"url":"https:\/\/pubeurope.com\/@fr\/114291380297035382","error":""},"_links":{"self":[{"href":"https:\/\/www.europesays.com\/fr\/wp-json\/wp\/v2\/posts\/5436","targetHints":{"allow":["GET"]}}],"collection":[{"href":"https:\/\/www.europesays.com\/fr\/wp-json\/wp\/v2\/posts"}],"about":[{"href":"https:\/\/www.europesays.com\/fr\/wp-json\/wp\/v2\/types\/post"}],"author":[{"embeddable":true,"href":"https:\/\/www.europesays.com\/fr\/wp-json\/wp\/v2\/users\/2"}],"replies":[{"embeddable":true,"href":"https:\/\/www.europesays.com\/fr\/wp-json\/wp\/v2\/comments?post=5436"}],"version-history":[{"count":0,"href":"https:\/\/www.europesays.com\/fr\/wp-json\/wp\/v2\/posts\/5436\/revisions"}],"wp:featuredmedia":[{"embeddable":true,"href":"https:\/\/www.europesays.com\/fr\/wp-json\/wp\/v2\/media\/5437"}],"wp:attachment":[{"href":"https:\/\/www.europesays.com\/fr\/wp-json\/wp\/v2\/media?parent=5436"}],"wp:term":[{"taxonomy":"category","embeddable":true,"href":"https:\/\/www.europesays.com\/fr\/wp-json\/wp\/v2\/categories?post=5436"},{"taxonomy":"post_tag","embeddable":true,"href":"https:\/\/www.europesays.com\/fr\/wp-json\/wp\/v2\/tags?post=5436"}],"curies":[{"name":"wp","href":"https:\/\/api.w.org\/{rel}","templated":true}]}}