{"id":543606,"date":"2025-11-19T00:44:32","date_gmt":"2025-11-19T00:44:32","guid":{"rendered":"https:\/\/www.europesays.com\/fr\/543606\/"},"modified":"2025-11-19T00:44:32","modified_gmt":"2025-11-19T00:44:32","slug":"lukraine-annonce-la-premiere-demande-de-reparations-climatiques-liees-a-un-conflit-arme","status":"publish","type":"post","link":"https:\/\/www.europesays.com\/fr\/543606\/","title":{"rendered":"l\u2019Ukraine annonce la premi\u00e8re demande de r\u00e9parations climatiques li\u00e9es \u00e0 un conflit arm\u00e9"},"content":{"rendered":"<p>Trois ans apr\u00e8s le d\u00e9but de l\u2019invasion russe sur son territoire, l\u2019Ukraine s\u2019appr\u00eate \u00e0 d\u00e9poser officiellement la premi\u00e8re demande de r\u00e9parations climatiques li\u00e9es \u00e0 une guerre. Depuis novembre 2022, le pays a \u00e9t\u00e9\u00a0<a href=\"https:\/\/docs.un.org\/fr\/a\/res\/es-11\/5\" rel=\"nofollow noopener\" target=\"_blank\">reconnu<\/a>\u00a0victime d\u2019\u00abacte d\u2019agression ill\u00e9gal\u00bb\u00a0par l\u2019Assembl\u00e9e g\u00e9n\u00e9rale des Nations unies, qui a \u00e9galement estim\u00e9 que la Russie devrait r\u00e9parer les dommages.<\/p>\n<p><img fetchpriority=\"high\" decoding=\"async\" width=\"1024\" height=\"576\" src=\"data:image\/svg+xml,%3Csvg%20xmlns=\" http:=\"\" alt=\"\" class=\"wp-image-49966\" data-lazy- data-lazy- data-lazy-src=\"https:\/\/www.europesays.com\/fr\/wp-content\/uploads\/2025\/11\/PXL_20251118_121506397-1024x576.jpg\"\/>Le ministre ukrainien de l\u2019environnement et de l\u2019agriculture, Pavlo Kartashov.\u00a0\u00a9\u00a0Anne-Claire Poirier\/Vert<\/p>\n<p><a href=\"https:\/\/www.worldbank.org\/en\/news\/press-release\/2025\/02\/25\/updated-ukraine-recovery-and-reconstruction-needs-assessment-released#:~:text=The%20Rapid%20Damage%20and%20Needs%20Assessment%20(RDNA4),is%20$524%20billion%20over%20the%20next%20decade.\" rel=\"nofollow noopener\" target=\"_blank\">Selon la Banque Mondiale<\/a>, l\u2019Ukraine aura besoin d\u2019au moins 524 milliards de dollars (506 milliards d\u2019euros) pour se reconstruire apr\u00e8s la guerre. Mais selon Kiev, 43 milliards de dollars (37 milliards d\u2019euros) de dommages climatiques sont \u00e9galement \u00e0 d\u00e9plorer.<\/p>\n<p>\u00abCertains d\u00e9g\u00e2ts n\u2019ont pas de fronti\u00e8res\u00bb<\/p>\n<p>\u00abLa Russie m\u00e8ne une guerre sale et notre climat en est \u00e9galement victime\u00a0\u00bb, a expliqu\u00e9 \u00e0\u00a0Vert\u00a0Pavlo Kartashov, ministre ukrainien de l\u2019environnement et de l\u2019agriculture. \u00abCertains d\u00e9g\u00e2ts n\u2019ont pas de fronti\u00e8res\u00a0: les quantit\u00e9s massives de carburant br\u00fbl\u00e9, les for\u00eats incendi\u00e9es, le b\u00e9ton et l\u2019acier pour la reconstruction\u2026 Tout cela a un co\u00fbt climatique consid\u00e9rable et concerne le monde entier\u00bb.<\/p>\n<p>Une fois la demande officiellement soumise au Conseil de l\u2019Europe, d\u00e9but 2026,\u00a0\u00abl\u2019Ukraine deviendra le premier pays \u00e0 tenir un autre \u00c9tat responsable des \u00e9missions climatiques sur son sol\u00bb, explique Lennard de Klerk, de l\u2019Initiative pour la comptabilisation des gaz \u00e0 effet de serre de la guerre (Iggaw). Il est l\u2019auteur\u00a0d\u2019un <a href=\"https:\/\/en.ecoaction.org.ua\/wp-content\/uploads\/2025\/10\/Climate-Damage-Caused-by-War-36-months_EN_compressed.pdf\" rel=\"nofollow noopener\" target=\"_blank\">rapport<\/a>, sur lequel s\u2019est appuy\u00e9 l\u2019Ukraine, qui estime que l\u2019invasion russe a g\u00e9n\u00e9r\u00e9 des \u00e9missions \u00e9quivalentes \u00e0 236,8 millions de tonnes de dioxyde de carbone (eqCO2), soit plus que les \u00e9missions annuelles\u00a0<a href=\"https:\/\/edgar.jrc.ec.europa.eu\/report_2025\" rel=\"nofollow noopener\" target=\"_blank\">d\u2019un pays comme la Colombie<\/a>.<\/p>\n<p>Trois millions d\u2019hectares de for\u00eats d\u00e9truits<\/p>\n<p>La majeure partie de ces \u00e9missions (34%) provient des activit\u00e9s militaires des deux camps, et notamment de la consommation de 18 millions de tonnes de carburant, suivie par celles li\u00e9es aux immenses quantit\u00e9s d\u2019acier et de ciment utilis\u00e9es pour fortifier des centaines de kilom\u00e8tres de lignes de front (27%). Environ un tiers suppl\u00e9mentaire d\u00e9coule des incendies de guerre, des frappes visant les infrastructures \u00e9nerg\u00e9tiques et du d\u00e9placement des civils. Enfin, le rapport met en \u00e9vidence que la destruction de trois millions d\u2019hectares de for\u00eats a r\u00e9duit leur capacit\u00e9 d\u2019absorption des gaz \u00e0 effet de serre de 1,7 million de tonnes par an. L\u2019Ukraine abrite\u00a035%\u00a0de la biodiversit\u00e9 europ\u00e9enne,\u00a0<a href=\"https:\/\/www.cbd.int\/countries\/profile?country=ua\" rel=\"nofollow noopener\" target=\"_blank\">selon l\u2019ONU.<\/a><\/p>\n<p>Pour arriver \u00e0 la somme de 43 milliards de dollars (37 milliards d\u2019euros) de r\u00e9paration, l\u2019Ukraine a utilis\u00e9 le concept \u00e9conomique de\u00a0\u00abco\u00fbt social du carbone\u00bb, qui \u00e9value le montant des d\u00e9g\u00e2ts provoqu\u00e9s par chaque tonne de CO2 suppl\u00e9mentaire \u00e9mise. Avant l\u2019arriv\u00e9e de Trump au pouvoir, l\u2019administration Biden souhaitait fixer ce co\u00fbt \u00e0 190 dollars (185 euros) la tonne.\u00a0\u00abNous voulons utiliser ces r\u00e9parations pour minimiser les dommages climatiques futurs et notamment pour restaurer les sols et replanter les for\u00eats, construire des b\u00e2timents bas-carbone et installer des \u00e9nergies renouvelables\u00bb, a indiqu\u00e9 le ministre ukrainien, Pavlo Kartashov. Il est toutefois peu probable que la Russie s\u2019acquitte un jour de cette dette. Elle n\u2019a d\u2019ailleurs pas officiellement r\u00e9agit \u00e0 la demande.<\/p>\n","protected":false},"excerpt":{"rendered":"Trois ans apr\u00e8s le d\u00e9but de l\u2019invasion russe sur son territoire, l\u2019Ukraine s\u2019appr\u00eate \u00e0 d\u00e9poser officiellement la premi\u00e8re&hellip;\n","protected":false},"author":2,"featured_media":543607,"comment_status":"","ping_status":"","sticky":false,"template":"","format":"standard","meta":{"footnotes":""},"categories":[1590],"tags":[11,1129,1777,674,131,12,16015,132,220],"class_list":{"0":"post-543606","1":"post","2":"type-post","3":"status-publish","4":"format-standard","5":"has-post-thumbnail","7":"category-ukraine","8":"tag-actualites","9":"tag-climat","10":"tag-eu","11":"tag-europe","12":"tag-guerre-en-ukraine","13":"tag-news","14":"tag-reparation","15":"tag-russie","16":"tag-ukraine"},"share_on_mastodon":{"url":"https:\/\/pubeurope.com\/@fr\/115573598825831826","error":""},"_links":{"self":[{"href":"https:\/\/www.europesays.com\/fr\/wp-json\/wp\/v2\/posts\/543606","targetHints":{"allow":["GET"]}}],"collection":[{"href":"https:\/\/www.europesays.com\/fr\/wp-json\/wp\/v2\/posts"}],"about":[{"href":"https:\/\/www.europesays.com\/fr\/wp-json\/wp\/v2\/types\/post"}],"author":[{"embeddable":true,"href":"https:\/\/www.europesays.com\/fr\/wp-json\/wp\/v2\/users\/2"}],"replies":[{"embeddable":true,"href":"https:\/\/www.europesays.com\/fr\/wp-json\/wp\/v2\/comments?post=543606"}],"version-history":[{"count":0,"href":"https:\/\/www.europesays.com\/fr\/wp-json\/wp\/v2\/posts\/543606\/revisions"}],"wp:featuredmedia":[{"embeddable":true,"href":"https:\/\/www.europesays.com\/fr\/wp-json\/wp\/v2\/media\/543607"}],"wp:attachment":[{"href":"https:\/\/www.europesays.com\/fr\/wp-json\/wp\/v2\/media?parent=543606"}],"wp:term":[{"taxonomy":"category","embeddable":true,"href":"https:\/\/www.europesays.com\/fr\/wp-json\/wp\/v2\/categories?post=543606"},{"taxonomy":"post_tag","embeddable":true,"href":"https:\/\/www.europesays.com\/fr\/wp-json\/wp\/v2\/tags?post=543606"}],"curies":[{"name":"wp","href":"https:\/\/api.w.org\/{rel}","templated":true}]}}