{"id":543608,"date":"2025-11-19T00:45:17","date_gmt":"2025-11-19T00:45:17","guid":{"rendered":"https:\/\/www.europesays.com\/fr\/543608\/"},"modified":"2025-11-19T00:45:17","modified_gmt":"2025-11-19T00:45:17","slug":"que-contiennent-les-dossiers-epstein-dont-leur-publication-vient-detre-approuvee-par-le-congres-americain","status":"publish","type":"post","link":"https:\/\/www.europesays.com\/fr\/543608\/","title":{"rendered":"Que contiennent les dossiers Epstein, dont leur publication vient d\u2019\u00eatre approuv\u00e9e par le Congr\u00e8s am\u00e9ricain ?"},"content":{"rendered":"<p class=\"paragraph text_align_left lp-f-body-02\">Les documents sur l\u2019affaire Jeffrey Epstein constituent un terreau fertile pour les sp\u00e9culations et th\u00e9ories les plus \u00e9chevel\u00e9es sur les r\u00e9v\u00e9lations explosives qu\u2019ils pourraient contenir depuis le suicide en prison en 2019 du financier et criminel sexuel am\u00e9ricain. Une \u00e9tape a \u00e9t\u00e9 franchie mardi vers leur divulgation avec le <a href=\"https:\/\/www.leparisien.fr\/international\/affaire-jeffrey-epstein-les-deputes-americains-votent-pour-la-publication-des-documents-denquete-18-11-2025-C4N5UIVYKFEL7NYXJAJHHDVTZM.php\" target=\"_blank\" rel=\"noreferrer noopener\">vote quasi unanime<\/a> de la Chambre des repr\u00e9sentants, puis l\u2019approbation du S\u00e9nat.<\/p>\n<p class=\"paragraph text_align_left lp-f-body-02\">Le texte fait obligation au minist\u00e8re de la Justice de rendre publics dans les 30 jours l\u2019int\u00e9gralit\u00e9 des documents non classifi\u00e9s en sa possession sur Jeffrey Epstein, sa complice Ghislaine Maxwell, qui purge une peine de vingt ans de prison, et toutes les personnes impliqu\u00e9es dans les proc\u00e9dures judiciaires.<\/p>\n<p class=\"title-embed-dailymotion lp-color-text lp-f-subtitle-04\">Vid\u00e9oL&rsquo;affaire Jeffrey Epstein fait exploser l&rsquo;idylle entre Trump et une reine MAGA<\/p>\n<p class=\"paragraph text_align_left lp-f-body-02\">Il s\u2019agit notamment des documents sur les proc\u00e9dures qui ont conduit \u00e0 sa condamnation en 2008 en Floride ainsi qu\u2019\u00e0 son inculpation f\u00e9d\u00e9rale \u00e0 New York pour des charges plus graves d\u2019exploitation sexuelle de mineures. Sont \u00e9galement concern\u00e9es toutes les entit\u00e9s, priv\u00e9es ou publiques, li\u00e9es aux activit\u00e9s de Jeffrey Epstein, y compris non criminelles, ainsi que les plans de vol, listes de passagers, etc. de tous les v\u00e9hicules lui ayant appartenu.<\/p>\n<p class=\"paragraph text_align_left lp-f-body-02\">Les r\u00e9v\u00e9lations parcellaires jusqu\u2019\u00e0 pr\u00e9sent n\u2019ont fait qu\u2019attiser la m\u00e9fiance de la base MAGA de Donald Trump, dont une bonne partie est convaincue que Jeffrey Epstein a \u00e9t\u00e9 assassin\u00e9 pour \u00e9touffer un scandale \u00e9claboussant des personnalit\u00e9s de premier plan. Apr\u00e8s avoir fait campagne sur la promesse de r\u00e9v\u00e9lations fracassantes, et instrumentalis\u00e9 cette affaire \u00e0 des fins politiciennes, le pr\u00e9sident r\u00e9publicain a d\u00e9\u00e7u ses partisans en les sommant de tourner la page, qualifiant d\u00e9sormais l\u2019affaire de \u00ab canular \u00bb instrumentalis\u00e9 par ses adversaires d\u00e9mocrates. La grenade d\u00e9goupill\u00e9e lui a explos\u00e9 \u00e0 la figure.<\/p>\n<p>Plus d\u2019un millier de victimes d\u2019Epstein<\/p>\n<p class=\"paragraph text_align_left lp-f-body-02\">En f\u00e9vrier, la ministre de la Justice Pam Bondi, assurant vouloir \u00ab lever le voile sur les actes r\u00e9pugnants de Jeffrey Epstein et de ses complices \u00bb a rendu publics une s\u00e9rie de documents, dont des listes de contacts ou des plans de vol de Ghislaine Maxwell, qui ne contenaient aucune r\u00e9v\u00e9lation majeure.<\/p>\n<p class=\"paragraph text_align_left lp-f-body-02\">Puis en juillet, un memorandum conjoint du minist\u00e8re de la Justice et du FBI, la police f\u00e9d\u00e9rale, concluant apr\u00e8s examen de plus de 300 gigas de donn\u00e9es, n\u2019avoir d\u00e9couvert aucun \u00e9l\u00e9ment nouveau qui justifierait la publication de documents suppl\u00e9mentaires, a mis le feu aux poudres dans le camp MAGA.<\/p>\n<p class=\"paragraph text_align_left lp-f-body-02\">Estimant \u00e0 \u00ab plus d\u2019un millier \u00bb le nombre de <a href=\"https:\/\/www.leparisien.fr\/international\/etats-unis\/javais-14-ans-la-video-poignante-des-victimes-de-jeffrey-epstein-qui-demandent-la-publication-de-tous-les-fichiers-17-11-2025-WKQS2WGK7JFMDBSERBFI6HZNTM.php\" target=\"_blank\" rel=\"noreferrer noopener\">victimes de Jeffrey Epstein<\/a>, les autorit\u00e9s judiciaires confirmaient son suicide et affirmaient n\u2019avoir retrouv\u00e9 ni \u00ab liste de clients \u00bb de son r\u00e9seau d\u2019exploitation sexuelle ni \u00ab preuves cr\u00e9dibles qu\u2019il aurait fait chanter des personnes puissantes \u00bb.<\/p>\n<p class=\"paragraph text_align_left lp-f-body-02\">Face \u00e0 la fronde d\u2019\u00e9lus r\u00e9publicains, et pour ne pas perdre la face en voyant que la Chambre allait lui d\u00e9sob\u00e9ir et approuver la publication des documents, Donald Trump a lev\u00e9 la semaine derni\u00e8re son opposition au vote de la Chambre des repr\u00e9sentants.<\/p>\n<p class=\"paragraph text_align_left lp-f-body-02\">La proposition de loi vot\u00e9e mardi interdit certes express\u00e9ment toute r\u00e9tention de documents au motif du tort que leur publication pourrait causer \u00e0 qui que ce soit \u00ab responsable gouvernemental, personnalit\u00e9 publique ou dignitaire \u00e9tranger \u00bb, ou de leur \u00ab caract\u00e8re politiquement sensible \u00bb.<\/p>\n<p class=\"paragraph text_align_left lp-f-body-02\">Mais elle autorise le minist\u00e8re de la Justice \u00e0 retenir ou caviarder les documents dans certaines conditions, notamment pr\u00e9server l\u2019intimit\u00e9 des victimes ou \u00ab une enqu\u00eate ou des poursuites f\u00e9d\u00e9rales en cours \u00bb, du moment que ces restrictions sont provisoires et strictement encadr\u00e9es. Autant dire que la publication de ces dossiers Epstein risque bien de ne pas lever le voile sur la totalit\u00e9 des interrogations, et il y a fort \u00e0 parier que cette divulgation ne permette pas de satisfaire totalement les m\u00e9contents.<\/p>\n","protected":false},"excerpt":{"rendered":"Les documents sur l\u2019affaire Jeffrey Epstein constituent un terreau fertile pour les sp\u00e9culations et th\u00e9ories les plus \u00e9chevel\u00e9es&hellip;\n","protected":false},"author":2,"featured_media":543609,"comment_status":"","ping_status":"","sticky":false,"template":"","format":"standard","meta":{"footnotes":""},"categories":[1589],"tags":[11,73,1866,14,12,1864,1865,1863,308],"class_list":{"0":"post-543608","1":"post","2":"type-post","3":"status-publish","4":"format-standard","5":"has-post-thumbnail","7":"category-etats-unis","8":"tag-actualites","9":"tag-etats-unis","10":"tag-etats-unis-damerique","11":"tag-international","12":"tag-news","13":"tag-united-states","14":"tag-united-states-of-america","15":"tag-us","16":"tag-usa"},"share_on_mastodon":{"url":"https:\/\/pubeurope.com\/@fr\/115573602700127532","error":""},"_links":{"self":[{"href":"https:\/\/www.europesays.com\/fr\/wp-json\/wp\/v2\/posts\/543608","targetHints":{"allow":["GET"]}}],"collection":[{"href":"https:\/\/www.europesays.com\/fr\/wp-json\/wp\/v2\/posts"}],"about":[{"href":"https:\/\/www.europesays.com\/fr\/wp-json\/wp\/v2\/types\/post"}],"author":[{"embeddable":true,"href":"https:\/\/www.europesays.com\/fr\/wp-json\/wp\/v2\/users\/2"}],"replies":[{"embeddable":true,"href":"https:\/\/www.europesays.com\/fr\/wp-json\/wp\/v2\/comments?post=543608"}],"version-history":[{"count":0,"href":"https:\/\/www.europesays.com\/fr\/wp-json\/wp\/v2\/posts\/543608\/revisions"}],"wp:featuredmedia":[{"embeddable":true,"href":"https:\/\/www.europesays.com\/fr\/wp-json\/wp\/v2\/media\/543609"}],"wp:attachment":[{"href":"https:\/\/www.europesays.com\/fr\/wp-json\/wp\/v2\/media?parent=543608"}],"wp:term":[{"taxonomy":"category","embeddable":true,"href":"https:\/\/www.europesays.com\/fr\/wp-json\/wp\/v2\/categories?post=543608"},{"taxonomy":"post_tag","embeddable":true,"href":"https:\/\/www.europesays.com\/fr\/wp-json\/wp\/v2\/tags?post=543608"}],"curies":[{"name":"wp","href":"https:\/\/api.w.org\/{rel}","templated":true}]}}