{"id":543610,"date":"2025-11-19T00:46:18","date_gmt":"2025-11-19T00:46:18","guid":{"rendered":"https:\/\/www.europesays.com\/fr\/543610\/"},"modified":"2025-11-19T00:46:18","modified_gmt":"2025-11-19T00:46:18","slug":"les-accords-salariaux-au-royaume-uni-atteignent-un-sommet-en-2025-selon-brightmine","status":"publish","type":"post","link":"https:\/\/www.europesays.com\/fr\/543610\/","title":{"rendered":"Les accords salariaux au Royaume-Uni atteignent un sommet en 2025, selon Brightmine"},"content":{"rendered":"<p>Les accords salariaux m\u00e9dians accord\u00e9s par les employeurs britanniques au cours des trois mois se terminant fin octobre ont atteint leur plus haut niveau de l&rsquo;ann\u00e9e, \u00e0 3,3 %, contre 3 % lors du trimestre pr\u00e9c\u00e9dent se terminant en septembre.<\/p>\n<p>Brightmine explique que cette hausse refl\u00e8te les augmentations salariales plus importantes dans le secteur public, entr\u00e9es en vigueur en ao\u00fbt et septembre.<\/p>\n<p>\u00ab Les premi\u00e8res indications sugg\u00e8rent que les revalorisations salariales pr\u00e9vues pour 2026 devraient rester stables &#8212; voire l\u00e9g\u00e8rement diminuer &#8212; alors que les pressions sur les co\u00fbts continuent de peser sur les employeurs \u00bb, a d\u00e9clar\u00e9 Sheila Attwood, responsable chez Brightmine.<\/p>\n<ul>\n<li>L&rsquo;augmentation m\u00e9diane des salaires dans le secteur public s&rsquo;\u00e9tablit \u00e0 3,8 %, contre 3 % dans le secteur priv\u00e9<\/li>\n<li>\n   53 % des accords salariaux sont inf\u00e9rieurs aux niveaux de 2024, tandis que 13 % les d\u00e9passent<\/li>\n<li>\n  L&rsquo;enqu\u00eate se base sur 24 accords salariaux couvrant plus de 460\u00a0000 employ\u00e9s, entr\u00e9s en vigueur entre le 1er ao\u00fbt et le 31 octobre<\/li>\n<li>\n   44 % des employeurs estiment que les augmentations salariales sont inf\u00e9rieures aux attentes des salari\u00e9s<\/li>\n<li>\n  La Banque d&rsquo;Angleterre surveille de pr\u00e8s la croissance des salaires pour d\u00e9tecter d&rsquo;\u00e9ventuels signes de pressions inflationnistes dans l&rsquo;\u00e9conomie<\/li>\n<\/ul>\n<p>(Reportage de David Milliken\u00a0; \u00e9dition par Suban Abdulla)<\/p>\n","protected":false},"excerpt":{"rendered":"Les accords salariaux m\u00e9dians accord\u00e9s par les employeurs britanniques au cours des trois mois se terminant fin octobre&hellip;\n","protected":false},"author":2,"featured_media":543611,"comment_status":"","ping_status":"","sticky":false,"template":"","format":"standard","meta":{"footnotes":""},"categories":[1588],"tags":[11,340,1777,674,12,473,1853,1851,1850,1852],"class_list":{"0":"post-543610","1":"post","2":"type-post","3":"status-publish","4":"format-standard","5":"has-post-thumbnail","7":"category-royaume-uni","8":"tag-actualites","9":"tag-bourse","10":"tag-eu","11":"tag-europe","12":"tag-news","13":"tag-royaume-uni","14":"tag-royaume-uni-de-grande-bretagne-et-dirlande-du-nord","15":"tag-uk","16":"tag-united-kingdom","17":"tag-united-kingdom-of-great-britain-and-northern-ireland"},"share_on_mastodon":{"url":"https:\/\/pubeurope.com\/@fr\/115573606674875356","error":""},"_links":{"self":[{"href":"https:\/\/www.europesays.com\/fr\/wp-json\/wp\/v2\/posts\/543610","targetHints":{"allow":["GET"]}}],"collection":[{"href":"https:\/\/www.europesays.com\/fr\/wp-json\/wp\/v2\/posts"}],"about":[{"href":"https:\/\/www.europesays.com\/fr\/wp-json\/wp\/v2\/types\/post"}],"author":[{"embeddable":true,"href":"https:\/\/www.europesays.com\/fr\/wp-json\/wp\/v2\/users\/2"}],"replies":[{"embeddable":true,"href":"https:\/\/www.europesays.com\/fr\/wp-json\/wp\/v2\/comments?post=543610"}],"version-history":[{"count":0,"href":"https:\/\/www.europesays.com\/fr\/wp-json\/wp\/v2\/posts\/543610\/revisions"}],"wp:featuredmedia":[{"embeddable":true,"href":"https:\/\/www.europesays.com\/fr\/wp-json\/wp\/v2\/media\/543611"}],"wp:attachment":[{"href":"https:\/\/www.europesays.com\/fr\/wp-json\/wp\/v2\/media?parent=543610"}],"wp:term":[{"taxonomy":"category","embeddable":true,"href":"https:\/\/www.europesays.com\/fr\/wp-json\/wp\/v2\/categories?post=543610"},{"taxonomy":"post_tag","embeddable":true,"href":"https:\/\/www.europesays.com\/fr\/wp-json\/wp\/v2\/tags?post=543610"}],"curies":[{"name":"wp","href":"https:\/\/api.w.org\/{rel}","templated":true}]}}