{"id":543612,"date":"2025-11-19T00:47:36","date_gmt":"2025-11-19T00:47:36","guid":{"rendered":"https:\/\/www.europesays.com\/fr\/543612\/"},"modified":"2025-11-19T00:47:36","modified_gmt":"2025-11-19T00:47:36","slug":"25-personnes-mobilisees-lors-dun-accouchement-exceptionnel-de-quintuples-en-allemagne","status":"publish","type":"post","link":"https:\/\/www.europesays.com\/fr\/543612\/","title":{"rendered":"25 personnes mobilis\u00e9es lors d&rsquo;un accouchement exceptionnel de quintupl\u00e9s en Allemagne"},"content":{"rendered":"<p class=\"article-p mdl\">C&rsquo;est l&rsquo;histoire d&rsquo;une naissance extraordinaire ! \u00c0 l\u2019h\u00f4pital universitaire de Berlin, en Allemagne, une patiente \u00e9tait particuli\u00e8rement scrut\u00e9e par le corps m\u00e9dical. Sp\u00e9cialis\u00e9 dans les grossesses \u00e0 risque et les grossesses multiples, l\u2019h\u00f4pital universitaire de la Charit\u00e9 accueillait <strong>une future maman enceinte de quintupl\u00e9s<\/strong> &#8211; deux filles et trois gar\u00e7ons !\u00a0<\/p>\n<p class=\"article-p mdl\">Fin septembre,\u00a0<a class=\"link\" href=\"https:\/\/www.rtl.fr\/actu\/sante\/une-naissance-sur-cinq-les-francaises-ont-elles-trop-recours-aux-cesariennes-7900497565\" target=\"_blank\" rel=\"noopener\">la d\u00e9cision est prise de proc\u00e9der \u00e0 une c\u00e9sarienne<\/a>. Les b\u00e9b\u00e9s sont alors \u00e0 leur 28e semaine. \u00ab\u00a0De par sa raret\u00e9, la naissance de quintupl\u00e9s est un \u00e9v\u00e9nement extraordinaire et <strong>repr\u00e9sente un d\u00e9fi logistique particulier, m\u00eame pour des obst\u00e9triciens exp\u00e9riment\u00e9s<\/strong>\u00ab\u00a0, explique Wolfgang Henrich, le directeur de l\u2019h\u00f4pital, au journal allemand\u00a0<a class=\"link\" href=\"https:\/\/www.tagesspiegel.de\/berlin\/medizinische-raritat-frau-bringt-funflinge-in-berliner-charite-zur-welt-14773286.html\" target=\"_blank\" rel=\"noopener\">Tagesspiegel<\/a>.<\/p>\n<p class=\"article-p mdl\">Autour de la maman, <strong>25 soignants se mettent en place<\/strong>. On retrouve des\u00a0 obst\u00e9triciens, anesth\u00e9sistes, n\u00e9onatologues, sages-femmes et infirmi\u00e8res pour\u00a0<a class=\"link\" href=\"https:\/\/www.rtl.fr\/actu\/justice-faits-divers\/paris-une-femme-accouche-sur-le-quai-du-rer-le-bebe-gagne-un-pass-navigo-gratuit-jusqu-a-ses-18-ans-7900536919\" target=\"_blank\" rel=\"noopener\">cette c\u00e9sarienne tr\u00e8s tr\u00e8s sp\u00e9ciale<\/a>.\u00a0<\/p>\n<p>            Les b\u00e9b\u00e9s plac\u00e9s en soins intensifs<\/p>\n<p class=\"article-p mdl\">Sit\u00f4t l&rsquo;op\u00e9ration termin\u00e9e, les trois gar\u00e7ons et deux filles sont plac\u00e9s en soins intensifs. \u00ab\u00a0En cas de naissances multiples, <strong>ces enfants ont besoin d\u2019un peu plus de temps<\/strong> pour prendre du poids ou stabiliser leurs fonctions corporelles\u00a0\u00bb, insiste Christoph B\u00fchre, directeur du service de n\u00e9onatologie de l\u2019h\u00f4pital.<\/p>\n<p class=\"article-p mdl\">Bonne nouvelle, un peu plus d&rsquo;un mois apr\u00e8s cet accouchement hors-norme, toute la famille se porte bien. M\u00eame si les parents se languissent naturellement de rentrer chez eux. \u00ab\u00a0<strong>Nous sommes heureux de pouvoir serrer nos cinq enfants sains et saufs dans nos bras<\/strong>, en bonne sant\u00e9 et en pleine forme, confie la maman. Nous attendons bien s\u00fbr avec impatience le jour o\u00f9 nous pourrons rentrer tous ensemble \u00e0 la maison. D\u2019ici l\u00e0, nous observons chaque jour nos petits tr\u00e9sors grandir et s\u2019\u00e9panouir\u00a0\u00bb.\u00a0<\/p>\n<p>    La r\u00e9daction vous recommande<\/p>\n<p class=\"s-newsletter__title\">\n                L\u2019actualit\u00e9 par la r\u00e9daction de RTL dans votre bo\u00eete mail.\n            <\/p>\n<p class=\"s-newsletter__subtitle\">\n                Gr\u00e2ce \u00e0 votre compte RTL abonnez-vous \u00e0 la newsletter RTL info pour suivre toute l&rsquo;actualit\u00e9 au quotidien\n            <\/p>\n<p>\n                                    Lire la suite\n                                <\/p>\n","protected":false},"excerpt":{"rendered":"C&rsquo;est l&rsquo;histoire d&rsquo;une naissance extraordinaire ! \u00c0 l\u2019h\u00f4pital universitaire de Berlin, en Allemagne, une patiente \u00e9tait particuli\u00e8rement scrut\u00e9e&hellip;\n","protected":false},"author":2,"featured_media":543613,"comment_status":"","ping_status":"","sticky":false,"template":"","format":"standard","meta":{"footnotes":""},"categories":[1587],"tags":[11,672,1804,1805,1803,1777,674,107,1801,198,12,1802,71],"class_list":{"0":"post-543612","1":"post","2":"type-post","3":"status-publish","4":"format-standard","5":"has-post-thumbnail","7":"category-allemagne","8":"tag-actualites","9":"tag-allemagne","10":"tag-bundesrepublik-deutschland","11":"tag-de","12":"tag-deutschland","13":"tag-eu","14":"tag-europe","15":"tag-fil-info","16":"tag-germany","17":"tag-naissance","18":"tag-news","19":"tag-republique-federale-dallemagne","20":"tag-sante"},"share_on_mastodon":{"url":"https:\/\/pubeurope.com\/@fr\/115573610552781124","error":""},"_links":{"self":[{"href":"https:\/\/www.europesays.com\/fr\/wp-json\/wp\/v2\/posts\/543612","targetHints":{"allow":["GET"]}}],"collection":[{"href":"https:\/\/www.europesays.com\/fr\/wp-json\/wp\/v2\/posts"}],"about":[{"href":"https:\/\/www.europesays.com\/fr\/wp-json\/wp\/v2\/types\/post"}],"author":[{"embeddable":true,"href":"https:\/\/www.europesays.com\/fr\/wp-json\/wp\/v2\/users\/2"}],"replies":[{"embeddable":true,"href":"https:\/\/www.europesays.com\/fr\/wp-json\/wp\/v2\/comments?post=543612"}],"version-history":[{"count":0,"href":"https:\/\/www.europesays.com\/fr\/wp-json\/wp\/v2\/posts\/543612\/revisions"}],"wp:featuredmedia":[{"embeddable":true,"href":"https:\/\/www.europesays.com\/fr\/wp-json\/wp\/v2\/media\/543613"}],"wp:attachment":[{"href":"https:\/\/www.europesays.com\/fr\/wp-json\/wp\/v2\/media?parent=543612"}],"wp:term":[{"taxonomy":"category","embeddable":true,"href":"https:\/\/www.europesays.com\/fr\/wp-json\/wp\/v2\/categories?post=543612"},{"taxonomy":"post_tag","embeddable":true,"href":"https:\/\/www.europesays.com\/fr\/wp-json\/wp\/v2\/tags?post=543612"}],"curies":[{"name":"wp","href":"https:\/\/api.w.org\/{rel}","templated":true}]}}