{"id":543615,"date":"2025-11-19T00:49:15","date_gmt":"2025-11-19T00:49:15","guid":{"rendered":"https:\/\/www.europesays.com\/fr\/543615\/"},"modified":"2025-11-19T00:49:15","modified_gmt":"2025-11-19T00:49:15","slug":"diables-rouges-rudi-garcia-on-na-pas-eu-de-meilleures-stats-ce-soir-on-a-juste-ete-plus-efficace","status":"publish","type":"post","link":"https:\/\/www.europesays.com\/fr\/543615\/","title":{"rendered":"Diables Rouges &#8211; Rudi Garcia: \u00ab\u00a0On n&rsquo;a pas eu de meilleures stats ce soir, on a juste \u00e9t\u00e9 plus efficace\u00a0\u00bb"},"content":{"rendered":"<p><img decoding=\"async\" class=\"w-full object-contain\" style=\"aspect-ratio:150 \/ 100;opacity:1\" alt=\"Diables Rouges - Rudi Garcia: &quot;On n'a pas eu de meilleures stats ce soir, on a juste \u00e9t\u00e9 plus efficace&quot;\" width=\"512\" height=\"341\" fetchpriority=\"high\" src=\"https:\/\/www.europesays.com\/fr\/wp-content\/uploads\/2025\/11\/XGBWPT7OCVF7JEK2ZNL4HDE45E.jpg\"  \/><\/p>\n<p class=\"ap-StoryElement ap-StoryElement--mb ap-StoryText\">\u00ab\u00a0Heureux, objectif de qualifier pour la Coupe du monde apr\u00e8s l&rsquo;avoir laiss\u00e9 dans le groupe A de la Ligue des nations, les deux objectifs sont remplis\u00a0\u00bb, a comment\u00e9 Rudi Garcia, le s\u00e9lectionneur fran\u00e7ais des Diables Rouges au micro de la RTBF.<\/p>\n<p class=\"ap-StoryElement ap-StoryElement--mb ap-StoryText\">\u00ab\u00a0On voulait faire la f\u00eate avec nos supporters, moi je d\u00e9couvre Sclessin et c&rsquo;\u00e9tait un beau 12e homme ce soir. Cela aurait pu \u00eatre plus large, mais on va se contenter du bon match qu&rsquo;on a fait et de finir sur la meilleure note possible. Une victoire pour vivre l&rsquo;aventure du Mondial 2026. Si vous regardez bien les stats, on n&rsquo;a pas de meilleures stats ce soir que contre le Kazakhstan (1-1) samedi ou contre la Mac\u00e9doine du Nord \u00e0 domicile o\u00f9 on a fait match nul aussi. On n&rsquo;a pas plus de tirs cadr\u00e9s, pas plus de tirs au but, on a juste \u00e9t\u00e9 plus efficace. Je pense qu&rsquo;il faut d\u00e8s fois se d\u00e9tacher du r\u00e9sultat pour s&rsquo;attacher au contenu. Moi, c&rsquo;est mon job, donc c&rsquo;est facile. Mais pour certains, cela para\u00eet juste impossible, peut-\u00eatre qu&rsquo;ils n&rsquo;en ont pas les capacit\u00e9s. Ce qui compte c&rsquo;est d&rsquo;aller au Mondial, d&rsquo;\u00eatre bien avec les joueurs et les dirigeants, le reste cela n&rsquo;a aucune importance\u00a0\u00bb, a-t-il ajout\u00e9 en r\u00e9ponse aux critiques \u00e0 son encontre.<\/p>\n","protected":false},"excerpt":{"rendered":"\u00ab\u00a0Heureux, objectif de qualifier pour la Coupe du monde apr\u00e8s l&rsquo;avoir laiss\u00e9 dans le groupe A de la&hellip;\n","protected":false},"author":2,"featured_media":2837,"comment_status":"","ping_status":"","sticky":false,"template":"","format":"standard","meta":{"footnotes":""},"categories":[1586],"tags":[11,1777,674,1779,63,1011,27,54228,12,66170,25,1778,364],"class_list":{"0":"post-543615","1":"post","2":"type-post","3":"status-publish","4":"format-standard","5":"has-post-thumbnail","7":"category-europe","8":"tag-actualites","9":"tag-eu","10":"tag-europe","11":"tag-european-union","12":"tag-football","13":"tag-fr","14":"tag-france","15":"tag-mondial2026","16":"tag-news","17":"tag-reddevils","18":"tag-republique-francaise","19":"tag-ue","20":"tag-union-europeenne"},"share_on_mastodon":{"url":"https:\/\/pubeurope.com\/@fr\/115573618936084823","error":""},"_links":{"self":[{"href":"https:\/\/www.europesays.com\/fr\/wp-json\/wp\/v2\/posts\/543615","targetHints":{"allow":["GET"]}}],"collection":[{"href":"https:\/\/www.europesays.com\/fr\/wp-json\/wp\/v2\/posts"}],"about":[{"href":"https:\/\/www.europesays.com\/fr\/wp-json\/wp\/v2\/types\/post"}],"author":[{"embeddable":true,"href":"https:\/\/www.europesays.com\/fr\/wp-json\/wp\/v2\/users\/2"}],"replies":[{"embeddable":true,"href":"https:\/\/www.europesays.com\/fr\/wp-json\/wp\/v2\/comments?post=543615"}],"version-history":[{"count":0,"href":"https:\/\/www.europesays.com\/fr\/wp-json\/wp\/v2\/posts\/543615\/revisions"}],"wp:featuredmedia":[{"embeddable":true,"href":"https:\/\/www.europesays.com\/fr\/wp-json\/wp\/v2\/media\/2837"}],"wp:attachment":[{"href":"https:\/\/www.europesays.com\/fr\/wp-json\/wp\/v2\/media?parent=543615"}],"wp:term":[{"taxonomy":"category","embeddable":true,"href":"https:\/\/www.europesays.com\/fr\/wp-json\/wp\/v2\/categories?post=543615"},{"taxonomy":"post_tag","embeddable":true,"href":"https:\/\/www.europesays.com\/fr\/wp-json\/wp\/v2\/tags?post=543615"}],"curies":[{"name":"wp","href":"https:\/\/api.w.org\/{rel}","templated":true}]}}