{"id":543624,"date":"2025-11-19T00:55:19","date_gmt":"2025-11-19T00:55:19","guid":{"rendered":"https:\/\/www.europesays.com\/fr\/543624\/"},"modified":"2025-11-19T00:55:19","modified_gmt":"2025-11-19T00:55:19","slug":"champions-cup-le-stade-toulousain-lance-son-nouveau-maillot-third-2025-2026","status":"publish","type":"post","link":"https:\/\/www.europesays.com\/fr\/543624\/","title":{"rendered":"Champions Cup\u00a0: le Stade Toulousain lance son nouveau maillot \u00ab\u00a0third\u00a0\u00bb 2025-2026"},"content":{"rendered":"<p>Alors que la saison europ\u00e9enne du Stade Toulousain, six fois sacr\u00e9 \u00e0 l&rsquo;\u00e9chelle continentale, d\u00e9marre le 7 d\u00e9cembre \u00e0 Ernest-Wallon, les champions de France d\u00e9voilent leur maillot \u00ab\u00a0third\u00a0\u00bb. <\/p>\n<p>Ce n&rsquo;est jamais une mauvaise id\u00e9e en mati\u00e8re marketing de lancer un produit un mois avant No\u00ebl. Le Stade Toulousain d\u00e9voile ce mardi 18 novembre son troisi\u00e8me maillot de la saison 2025-2026, le \u00ab\u00a0third\u00a0\u00bb comme on dit, celui que les joueurs porteront pour la Champions Cup qui d\u00e9marre <strong>le dimanche 7 d\u00e9cembre par la r\u00e9ception des Sharks de Durban (16h15).<\/strong><\/p>\n<p>Maillot assez classique, sans rayures contrairement au maillot Europe 2025, avec un rouge vif pr\u00e9dominant et un noir tr\u00e8s discret en dehors de l&rsquo;encolure et des bords de manches. Les six \u00e9toiles europ\u00e9ennes sont bien l\u00e0, dispos\u00e9es sur deux lignes. <strong>La virgule de l&rsquo;\u00e9quipementier et le num\u00e9ro sont jaune fluo<\/strong>. Tr\u00e8s l\u00e9g\u00e8re coquetterie sans rapport avec\u00a0<a class=\"IciLink ici-link IciArticleLink g-ici-body-regular-1 underline brand svelte-1chfe2s\" href=\"https:\/\/www.francebleu.fr\/sports\/rugby\/le-nouveau-maillot-exterieur-du-stade-toulousain-en-hommage-a-un-partenaire-historique-4347771\" rel=\"nofollow noopener\" target=\"_blank\">le tr\u00e8s pol\u00e9mique maillot ext\u00e9rieur de la saison 2023-2024<\/a>\u00a0sur une base grise ornement\u00e9e de noir et de jaune fluo, rappelant \u00e0 certains les rivaux rochelais.<\/p>\n<p>Le maillot Coupe d&rsquo;Europe est en vente au prix de <strong>95 euros<\/strong> pour le mod\u00e8le R\u00e9plica dans les boutiques et sur le site Internet.<\/p>\n<p>Sur ses r\u00e9seaux sociaux, le Stade Toulousain a largement mis en sc\u00e8ne sa star <strong>Antoine Dupont<\/strong>, dont le retour apr\u00e8s sa blessure en mars dernier, pourrait co\u00efncider avec le d\u00e9but de la campagne europ\u00e9enne, \u00e0 moins qu&rsquo;il ne joue d\u00e8s le week-end pr\u00e9c\u00e9dent, le 29 novembre, contre le Racing 92, toujours \u00e0 domicile.<\/p>\n<p> \u00c0 lire aussi   <img decoding=\"async\" src=\"https:\/\/www.europesays.com\/fr\/wp-content\/uploads\/2025\/11\/1763513719_497_400x400\" alt=\"\" style=\"--_image-preview:url('data:image\/jpeg;base64,data:image\/jpeg;base64,\/9j\/2wBDACgcHiMeGSgjISMtKygwPGRBPDc3PHtYXUlkkYCZlo+AjIqgtObDoKrarYqMyP\/L2u71\/\/\/\/m8H\/\/\/\/6\/+b9\/\/j\/2wBDASstLTw1PHZBQXb4pYyl+Pj4+Pj4+Pj4+Pj4+Pj4+Pj4+Pj4+Pj4+Pj4+Pj4+Pj4+Pj4+Pj4+Pj4+Pj4+Pj4+Pj\/wAARCAAXACoDASIAAhEBAxEB\/8QAFwABAQEBAAAAAAAAAAAAAAAAAQACA\/\/EABYQAQEBAAAAAAAAAAAAAAAAAAABEf\/EABYBAQEBAAAAAAAAAAAAAAAAAAABAv\/EABQRAQAAAAAAAAAAAAAAAAAAAAD\/2gAMAwEAAhEDEQA\/AChWs6y021GJTAaIQrlRqShjcSQMKQP\/2Q==');\" loading=\"lazy\" fetchpriority=\"low\" aria-hidden=\"true\" class=\"svelte-1cksh76 rounded\" onload=\"this.__e=event\" onerror=\"this.__e=event\"\/><\/p>\n","protected":false},"excerpt":{"rendered":"Alors que la saison europ\u00e9enne du Stade Toulousain, six fois sacr\u00e9 \u00e0 l&rsquo;\u00e9chelle continentale, d\u00e9marre le 7 d\u00e9cembre&hellip;\n","protected":false},"author":2,"featured_media":543625,"comment_status":"","ping_status":"","sticky":false,"template":"","format":"standard","meta":{"footnotes":""},"categories":[1416],"tags":[1011,27,479,1468,60],"class_list":{"0":"post-543624","1":"post","2":"type-post","3":"status-publish","4":"format-standard","5":"has-post-thumbnail","7":"category-rugby","8":"tag-fr","9":"tag-france","10":"tag-rugby","11":"tag-rugby-football","12":"tag-sports"},"share_on_mastodon":{"url":"https:\/\/pubeurope.com\/@fr\/115573642645405647","error":""},"_links":{"self":[{"href":"https:\/\/www.europesays.com\/fr\/wp-json\/wp\/v2\/posts\/543624","targetHints":{"allow":["GET"]}}],"collection":[{"href":"https:\/\/www.europesays.com\/fr\/wp-json\/wp\/v2\/posts"}],"about":[{"href":"https:\/\/www.europesays.com\/fr\/wp-json\/wp\/v2\/types\/post"}],"author":[{"embeddable":true,"href":"https:\/\/www.europesays.com\/fr\/wp-json\/wp\/v2\/users\/2"}],"replies":[{"embeddable":true,"href":"https:\/\/www.europesays.com\/fr\/wp-json\/wp\/v2\/comments?post=543624"}],"version-history":[{"count":0,"href":"https:\/\/www.europesays.com\/fr\/wp-json\/wp\/v2\/posts\/543624\/revisions"}],"wp:featuredmedia":[{"embeddable":true,"href":"https:\/\/www.europesays.com\/fr\/wp-json\/wp\/v2\/media\/543625"}],"wp:attachment":[{"href":"https:\/\/www.europesays.com\/fr\/wp-json\/wp\/v2\/media?parent=543624"}],"wp:term":[{"taxonomy":"category","embeddable":true,"href":"https:\/\/www.europesays.com\/fr\/wp-json\/wp\/v2\/categories?post=543624"},{"taxonomy":"post_tag","embeddable":true,"href":"https:\/\/www.europesays.com\/fr\/wp-json\/wp\/v2\/tags?post=543624"}],"curies":[{"name":"wp","href":"https:\/\/api.w.org\/{rel}","templated":true}]}}