{"id":543626,"date":"2025-11-19T00:56:15","date_gmt":"2025-11-19T00:56:15","guid":{"rendered":"https:\/\/www.europesays.com\/fr\/543626\/"},"modified":"2025-11-19T00:56:15","modified_gmt":"2025-11-19T00:56:15","slug":"jai-travaille-pendant-de-nombreuses-annees-pour-en-arriver-la-estime-munar","status":"publish","type":"post","link":"https:\/\/www.europesays.com\/fr\/543626\/","title":{"rendered":"\u00ab J\u2019ai travaill\u00e9 pendant de nombreuses ann\u00e9es pour en arriver l\u00e0 \u00bb, estime Munar"},"content":{"rendered":"<p>                <img decoding=\"async\" src=\"https:\/\/www.europesays.com\/fr\/wp-content\/uploads\/2025\/11\/Rpgw.jpg\" fetchpriority=\"high\" alt=\"\u00ab J\u2019ai travaill\u00e9 pendant de nombreuses ann\u00e9es pour en arriver l\u00e0 \u00bb, estime Munar\"\/><\/p>\n<p>Actuellement 36e mondial, soit le meilleur classement de sa carri\u00e8re, Jaume Munar a fait le bilan de sa saison qui est la meilleure de sa carri\u00e8re jusqu\u2019\u00e0 pr\u00e9sent.<\/p>\n<p>Munar a \u00e9t\u00e9 r\u00e9compens\u00e9 de ses efforts. D\u00e9sormais \u00e2g\u00e9 de 28 ans, le joueur espagnol fait partie de l\u2019\u00e9quipe de Coupe Davis pr\u00e9sente \u00e0 Bologne et qui disputera le Final 8 cette semaine dans la ville italienne.<\/p>\n<p>Demi-finaliste du tournoi ATP 500 de B\u00e2le ainsi que du tournoi ATP 250 de Hong Kong en tout d\u00e9but de saison, il a \u00e9galement disput\u00e9 les huiti\u00e8mes de finale de l\u2019US Open contre Lorenzo Musetti. Avant d\u2019affronter la R\u00e9publique Tch\u00e8que dans les prochains jours avec son pays, Munar a fait le bilan de son ann\u00e9e.<\/p>\n<p>\u00ab Cette ann\u00e9e a \u00e9t\u00e9 exceptionnelle pour moi, davantage gr\u00e2ce au tennis que gr\u00e2ce aux chiffres ou aux victoires. Je pense m&rsquo;\u00eatre am\u00e9lior\u00e9 dans pratiquement tous les aspects du jeu et je suis tout simplement un meilleur joueur qu&rsquo;avant.<\/p>\n<p>Le bond en avant a \u00e9t\u00e9 un peu radical, mais la v\u00e9rit\u00e9 est que j&rsquo;ai travaill\u00e9 pendant de nombreuses ann\u00e9es pour en arriver l\u00e0. Et la Coupe Davis est une r\u00e9compense d&rsquo;une saison fantastique, non seulement pour moi, mais aussi pour tous ceux qui travaillent avec moi, qui \u00e9taient \u00e9galement tr\u00e8s heureux de me voir ici. Je veux en profiter pleinement.<\/p>\n<p>J&rsquo;ai 28 ans et la maturit\u00e9 compte \u00e9videmment. Ensuite, je pense que ce qui a fait que j\u2019ai progress\u00e9 cette ann\u00e9e est la continuit\u00e9 de tout le travail que j&rsquo;ai accompli au fil des ann\u00e9es. Je ne veux pas parler de transitions ou de moments critiques dans ma carri\u00e8re, mais le joueur que je suis aujourd&rsquo;hui est le fruit de nombreuses ann\u00e9es de travail.<\/p>\n<p>Cela va bien au-del\u00e0 du professionnalisme, et c&rsquo;est aussi gr\u00e2ce \u00e0 la combinaison de toutes les personnes qui m&rsquo;ont aid\u00e9, de tous les entra\u00eeneurs qui m&rsquo;ont enseign\u00e9, et certainement gr\u00e2ce aux petits changements que j&rsquo;ai introduits en 2023 et fin 2024, que le joueur que je suis aujourd&rsquo;hui est plus complet qu&rsquo;avant.<\/p>\n<p>Ce que j&rsquo;ai accompli cette ann\u00e9e est une r\u00e9ussite, mais ce n&rsquo;est pas celle que je recherche. Ce que j&rsquo;ai accompli cette ann\u00e9e m&rsquo;a ouvert une nouvelle porte, un nouveau monde, mais le chemin \u00e0 parcourir est encore long.<\/p>\n<p>Je crois fermement que je peux devenir un meilleur joueur de tennis, mais je suis \u00e9galement conscient que, compte tenu de la difficult\u00e9 du circuit et de la comp\u00e9titivit\u00e9 de tous les joueurs, je peux aussi r\u00e9gresser.<\/p>\n<p>Mais comme je l&rsquo;ai dit, je pense que le chemin que j&rsquo;ai ouvert est encore long, non pas en termes de classement ou de chiffres, mais en termes d&rsquo;am\u00e9liorations que je peux apporter \u00e0 mon jeu.<\/p>\n<p>Et m\u00eame au cours de cette tr\u00e8s bonne ann\u00e9e, la fin de la saison a \u00e9t\u00e9 encore meilleure que le d\u00e9but, et je pense que la tendance peut continuer \u00e0 s&rsquo;am\u00e9liorer. Nous verrons o\u00f9 l&rsquo;avenir me m\u00e8nera, mais je suis loin d&rsquo;\u00eatre satisfait de ma situation actuelle \u00bb, a assur\u00e9 Munar pour le m\u00e9dia Clay.<\/p>\n","protected":false},"excerpt":{"rendered":"Actuellement 36e mondial, soit le meilleur classement de sa carri\u00e8re, Jaume Munar a fait le bilan de sa&hellip;\n","protected":false},"author":2,"featured_media":543627,"comment_status":"","ping_status":"","sticky":false,"template":"","format":"standard","meta":{"footnotes":""},"categories":[1415],"tags":[1011,27,60,1467],"class_list":{"0":"post-543626","1":"post","2":"type-post","3":"status-publish","4":"format-standard","5":"has-post-thumbnail","7":"category-tennis","8":"tag-fr","9":"tag-france","10":"tag-sports","11":"tag-tennis"},"share_on_mastodon":{"url":"https:\/\/pubeurope.com\/@fr\/115573645913714318","error":""},"_links":{"self":[{"href":"https:\/\/www.europesays.com\/fr\/wp-json\/wp\/v2\/posts\/543626","targetHints":{"allow":["GET"]}}],"collection":[{"href":"https:\/\/www.europesays.com\/fr\/wp-json\/wp\/v2\/posts"}],"about":[{"href":"https:\/\/www.europesays.com\/fr\/wp-json\/wp\/v2\/types\/post"}],"author":[{"embeddable":true,"href":"https:\/\/www.europesays.com\/fr\/wp-json\/wp\/v2\/users\/2"}],"replies":[{"embeddable":true,"href":"https:\/\/www.europesays.com\/fr\/wp-json\/wp\/v2\/comments?post=543626"}],"version-history":[{"count":0,"href":"https:\/\/www.europesays.com\/fr\/wp-json\/wp\/v2\/posts\/543626\/revisions"}],"wp:featuredmedia":[{"embeddable":true,"href":"https:\/\/www.europesays.com\/fr\/wp-json\/wp\/v2\/media\/543627"}],"wp:attachment":[{"href":"https:\/\/www.europesays.com\/fr\/wp-json\/wp\/v2\/media?parent=543626"}],"wp:term":[{"taxonomy":"category","embeddable":true,"href":"https:\/\/www.europesays.com\/fr\/wp-json\/wp\/v2\/categories?post=543626"},{"taxonomy":"post_tag","embeddable":true,"href":"https:\/\/www.europesays.com\/fr\/wp-json\/wp\/v2\/tags?post=543626"}],"curies":[{"name":"wp","href":"https:\/\/api.w.org\/{rel}","templated":true}]}}