{"id":543630,"date":"2025-11-19T01:02:16","date_gmt":"2025-11-19T01:02:16","guid":{"rendered":"https:\/\/www.europesays.com\/fr\/543630\/"},"modified":"2025-11-19T01:02:16","modified_gmt":"2025-11-19T01:02:16","slug":"luis-enrique-a-compris-son-erreur-il-change-tout","status":"publish","type":"post","link":"https:\/\/www.europesays.com\/fr\/543630\/","title":{"rendered":"Luis Enrique a compris son erreur, il change tout"},"content":{"rendered":"<p><b>Trop de bless\u00e9s au PSG, c&rsquo;est un constat qui plombe un peu le d\u00e9but de saison m\u00eame si cela ne s&rsquo;est pas trop ressenti sur les r\u00e9sultats. Luis Enrique a d\u00e9cid\u00e9 de faire \u00e9voluer sa fa\u00e7on de faire.\u00a0<\/b><\/p>\n<p>Le <a href=\"https:\/\/www.foot01.com\/paris\" target=\"_self\" rel=\"nofollow noopener\">PSG<\/a> a quasiment fait la saison derni\u00e8re avec 13 joueurs, les titulaires encha\u00eenant les matchs sans le moindre p\u00e9pin au tableau jusqu\u2019au bout. La musique est diff\u00e9rente avec le fol \u00e9t\u00e9 qu\u2019ils ont v\u00e9cu aux Etats-Unis et les blessures s\u2019enchainent. Que ce soit avec Ousmane Demb\u00e9l\u00e9 ou D\u00e9sir\u00e9 Dou\u00e9, Luis Enrique a pens\u00e9 que les alertes \u00e9taient anodines et a continu\u00e9 \u00e0 les solliciter jusqu\u2019\u00e0 les faire craquer.\u00a0<\/p>\n<p>L\u2019exemple a fait le tour du web, puisque le Ballon d\u2019Or s\u2019est plaint d\u2019avoir mal \u00e0 l\u2019ischio \u00e0 l\u2019issue du match contre Nice le samedi, avant de se blesser rapidement contre le Bayern trois jours plus tard. M\u00eame si le staff parisien a bien pr\u00e9cis\u00e9 que la blessure n\u2019\u00e9tait pas au m\u00eame endroit, la prise de risque a surpris car la saison est encore longue.\u00a0<\/p>\n<p>Luis Enrique veut \u00e9viter les retours pr\u00e9cipit\u00e9s<\/p>\n<p>L\u2019erreur est n\u00e9anmoins bien pr\u00e9sente, et Luis Enrique a tir\u00e9 les le\u00e7ons de ces complications m\u00e9dicales pour ses joueurs. Selon Le Parisien, il a profit\u00e9 de cette tr\u00eave internationale pour changer, comme il l\u2019avait annonc\u00e9 apr\u00e8s la d\u00e9faite face au Bayern. Le PSG va d\u00e9sormais octroyer un temps de reprise plus cons\u00e9quent avant de revoir ses joueurs en match, histoire de ne pas les jeter dans le grand bain imm\u00e9diatement.\u00a0<\/p>\n<p>Ainsi, le coach parisien assure qu\u2019il ne sera plus possible \u00e0 un joueur apr\u00e8s une s\u00e9rieuse blessure, de faire son retour progressif avec des minutes en match, mais bien avec plusieurs s\u00e9ances d\u2019entrainement pouss\u00e9es. Et tant pis si cela prive le PSG d\u2019un joueur important dans l\u2019imm\u00e9diat.\u00a0<\/p>\n<p>Une nouvelle politique qu\u2019il sera tr\u00e8s facile de v\u00e9rifier avec le match qui arrive contre Tottenham, o\u00f9 Nuno Mendes et Ousmane Demb\u00e9l\u00e9 sont pour le moment incertains. Si le PSG veut mettre en place les changements annonc\u00e9s, les chances de voir les deux joueurs \u00e9voluer contre les Spurs sont tr\u00e8s faibles.\u00a0<\/p>\n","protected":false},"excerpt":{"rendered":"Trop de bless\u00e9s au PSG, c&rsquo;est un constat qui plombe un peu le d\u00e9but de saison m\u00eame si&hellip;\n","protected":false},"author":2,"featured_media":543631,"comment_status":"","ping_status":"","sticky":false,"template":"","format":"standard","meta":{"footnotes":""},"categories":[1410],"tags":[63,1011,27,93,60],"class_list":{"0":"post-543630","1":"post","2":"type-post","3":"status-publish","4":"format-standard","5":"has-post-thumbnail","7":"category-football","8":"tag-football","9":"tag-fr","10":"tag-france","11":"tag-psg","12":"tag-sports"},"share_on_mastodon":{"url":"https:\/\/pubeurope.com\/@fr\/115573669432398709","error":""},"_links":{"self":[{"href":"https:\/\/www.europesays.com\/fr\/wp-json\/wp\/v2\/posts\/543630","targetHints":{"allow":["GET"]}}],"collection":[{"href":"https:\/\/www.europesays.com\/fr\/wp-json\/wp\/v2\/posts"}],"about":[{"href":"https:\/\/www.europesays.com\/fr\/wp-json\/wp\/v2\/types\/post"}],"author":[{"embeddable":true,"href":"https:\/\/www.europesays.com\/fr\/wp-json\/wp\/v2\/users\/2"}],"replies":[{"embeddable":true,"href":"https:\/\/www.europesays.com\/fr\/wp-json\/wp\/v2\/comments?post=543630"}],"version-history":[{"count":0,"href":"https:\/\/www.europesays.com\/fr\/wp-json\/wp\/v2\/posts\/543630\/revisions"}],"wp:featuredmedia":[{"embeddable":true,"href":"https:\/\/www.europesays.com\/fr\/wp-json\/wp\/v2\/media\/543631"}],"wp:attachment":[{"href":"https:\/\/www.europesays.com\/fr\/wp-json\/wp\/v2\/media?parent=543630"}],"wp:term":[{"taxonomy":"category","embeddable":true,"href":"https:\/\/www.europesays.com\/fr\/wp-json\/wp\/v2\/categories?post=543630"},{"taxonomy":"post_tag","embeddable":true,"href":"https:\/\/www.europesays.com\/fr\/wp-json\/wp\/v2\/tags?post=543630"}],"curies":[{"name":"wp","href":"https:\/\/api.w.org\/{rel}","templated":true}]}}