{"id":543632,"date":"2025-11-19T01:03:16","date_gmt":"2025-11-19T01:03:16","guid":{"rendered":"https:\/\/www.europesays.com\/fr\/543632\/"},"modified":"2025-11-19T01:03:16","modified_gmt":"2025-11-19T01:03:16","slug":"regles-a-9-ans-pilule-a-13-ans-premier-mec-comment-lou-pernaut-explique-sa-prise-de-poids","status":"publish","type":"post","link":"https:\/\/www.europesays.com\/fr\/543632\/","title":{"rendered":"R\u00e8gles \u00e0 9 ans, pilule \u00e0 13 ans, premier mec\u2026 Comment Lou Pernaut explique sa prise de poids"},"content":{"rendered":"<p><a href=\"https:\/\/www.closermag.fr\/people\/apres-il-a-pas-sauve-des-gens-lou-pernaut-ne-prend-pas-de-pincette-sur-la-carriere-de-son-pere-3593950\" target=\"_blank\" rel=\"noopener\"><br \/>\nLou Pernaut<\/a> est une v\u00e9ritable star des r\u00e9seaux sociaux. Fille<br \/>\nde <strong>Nathalie Marquay<\/strong> et de <strong>Jean-Pierre<br \/>\nPernaut<\/strong>, la jeune femme est apr\u00e8s tout suivie par plus de<br \/>\n200 000 abonn\u00e9s. A seulement 22 ans, celle qui a suivi une<br \/>\nformation en architecture dispose d\u00e9j\u00e0 de son propre cercle.<br \/>\nSeulement, elle a bien conscience que <strong>son poids<\/strong><br \/>\nest un sujet qui revient souvent sur les r\u00e9seaux sociaux.<\/p>\n<p>Un sujet sur lequel la fille de <strong>Miss France<br \/>\n1987<\/strong> s\u2019est volontiers exprim\u00e9e lors de son interview \u00e0<br \/>\n<a href=\"https:\/\/www.telestar.fr\/actu_tv\/jordan-de-luxe-a-eu-son-premier-crush-sur-une-femme-et-cest-une-chroniqueuse-de-tbt9-1745266\" target=\"_blank\" rel=\"noopener\"><br \/>\nJordan De Luxe<\/a>, le lundi 17 novembre dernier. La jeune femme<br \/>\nest notamment revenue sur ce qu\u2019elle estime \u00eatre l\u2019origine de sa<br \/>\nprise de poids. \u00ab\u00a0J&rsquo;ai <strong>eu mes r\u00e8gles \u00e0 9 ans et<br \/>\ndemi<\/strong> donc \u00e7a ne m&rsquo;a pas aid\u00e9. Puis j&rsquo;ai<br \/>\n<strong>pris la pilule \u00e0 13 ans<\/strong>, car j&rsquo;ai eu<br \/>\nmon premier mec et tout s&rsquo;est encha\u00een\u00e9 vite\u00a0\u00bb, a-t-elle<br \/>\nconfi\u00e9.<\/p>\n<p>Lou Pernaut : elle perd doucement du poids<\/p>\n<p>Face \u00e0 Jordan De Luxe, <strong>Lou Pernaut<\/strong> a ajout\u00e9 :<br \/>\n\u00ab\u00a0J&rsquo;ai <strong>mal support\u00e9 la pilule<\/strong><br \/>\net j&rsquo;ai commenc\u00e9 \u00e0 prendre du poids comme \u00e7a. Et apr\u00e8s j&rsquo;ai<br \/>\ncontinu\u00e9\u2026\u00a0\u00bb. Malgr\u00e9 tout, la fille de <a href=\"https:\/\/www.closermag.fr\/people\/jean-pierre-pernaut-condamne-quand-je-le-voyais-pourquoi-lou-pernaut-etait-certaine-quil-allait-partir-3593968\" target=\"_blank\" rel=\"noopener\"><br \/>\nJean-Pierre Pernaut<\/a> avoue que les chiffres de la balance lui<br \/>\nimportaient peu. D\u2019ailleurs, elle affirme \u00ab\u00a0perdre doucement<br \/>\nmais s\u00fbrement\u00a0\u00bb du poids.<\/p>\n<p>Entre \u00ab\u00a025 \u00e0 30 kilos\u00a0\u00bb en deux ans, assure-t-elle. Un<br \/>\nr\u00e9sultat \u00e9poustouflant qu\u2019elle doit \u00e0 un \u00ab\u00a0<strong>quotidien<br \/>\n\u00e9panoui<\/strong>\u00ab\u00a0, selon ses mots. \u00ab\u00a0Maintenant dans ma vie<br \/>\nactuelle, je suis dans le 78, avec des for\u00eats, ma voiture, je vois<br \/>\nmes amis\u2026 <strong>J&rsquo;ai mon appart&rsquo;<\/strong> avec<br \/>\nmon ch\u00e9ri, la vie est belle\u00a0\u00bb, a-t-elle confi\u00e9 sur ce beau<br \/>\ncadre de vie qui ne lui apporterait que du positif.<\/p>\n<blockquote class=\"instagram-media\" style=\"background: #ffffff;border: 0;margin: 1px;width: 100%;padding: 0;max-width: 500px;\" data-instgrm-permalink=\"https:\/\/www.instagram.com\/reel\/DRMZZ_SjMdt\/?utm_source=ig_web_copy_link&amp;igsh=MzRlODBiNWFlZA==\" data-instgrm-version=\"14\"\/><p>\nLou Pernaut : \u00ab\u00a0\u2026je bouffe de la<br \/>\nmerde\u00a0\u00bb<\/p>\n<p>Le fait qu\u2019elle soit la fille de <a href=\"https:\/\/www.closermag.fr\/people\/nathalie-marquay-elle-se-lance-dans-la-tele-realite-et-cela-naurait-pas-ete-du-gout-de-jean-pierre-pernaut-3534719\" target=\"_blank\" rel=\"noopener\"><br \/>\nNathalie Marquay<\/a> ne facilite pas la vie \u00e0 <strong>Lou<br \/>\nPernaut<\/strong>. Surtout sur le physique. Apr\u00e8s tout, elle est<br \/>\nsouvent <strong>compar\u00e9e \u00e0 sa m\u00e8re<\/strong>. \u00ab\u00a0Toujours compar\u00e9e<br \/>\nau fait que ma m\u00e8re soit si mince, qu&rsquo;elle ait \u00e9t\u00e9 la premi\u00e8re en<br \/>\nmaillot de bain \u00e0 Miss Monde&#8230; Je sais que ma m\u00e8re est trop belle<br \/>\nmais pourquoi comparer ? <strong>Moi aussi je suis<br \/>\nbelle<\/strong>\u00ab\u00a0, a-t-elle lanc\u00e9 lors de cet entretien.<\/p>\n<p>M\u00eame si elle ne requiert pas souvent les conseils d\u2019une balance,<br \/>\nLou Pernaut a tout de m\u00eame une technique pour se r\u00e9f\u00e9rer par<br \/>\nrapport \u00e0 son poids. Il s\u2019agit de <strong>son intuition<\/strong> !<br \/>\n\u00ab\u00a0Je ne me p\u00e8se pas vraiment, je le vois <strong>sur<br \/>\nmon visage<\/strong> ou sur <strong>les tailles de<br \/>\njean<\/strong>. C&rsquo;est plus en termes de sant\u00e9, si je suis<br \/>\nlourde, mal au dos etc. C&rsquo;est parce que je bouffe de la<br \/>\nmerde\u00a0\u00bb, conclut-elle.<\/p>\n<p><script async src=\"\/\/www.instagram.com\/embed.js\"><\/script><\/p>\n","protected":false},"excerpt":{"rendered":"Lou Pernaut est une v\u00e9ritable star des r\u00e9seaux sociaux. Fille de Nathalie Marquay et de Jean-Pierre Pernaut, la&hellip;\n","protected":false},"author":2,"featured_media":543633,"comment_status":"","ping_status":"","sticky":false,"template":"","format":"standard","meta":{"footnotes":""},"categories":[1359],"tags":[58,59,1011,27,29940,973],"class_list":{"0":"post-543632","1":"post","2":"type-post","3":"status-publish","4":"format-standard","5":"has-post-thumbnail","7":"category-people","8":"tag-divertissement","9":"tag-entertainment","10":"tag-fr","11":"tag-france","12":"tag-lou-pernaut","13":"tag-people"},"share_on_mastodon":{"url":"","error":""},"_links":{"self":[{"href":"https:\/\/www.europesays.com\/fr\/wp-json\/wp\/v2\/posts\/543632","targetHints":{"allow":["GET"]}}],"collection":[{"href":"https:\/\/www.europesays.com\/fr\/wp-json\/wp\/v2\/posts"}],"about":[{"href":"https:\/\/www.europesays.com\/fr\/wp-json\/wp\/v2\/types\/post"}],"author":[{"embeddable":true,"href":"https:\/\/www.europesays.com\/fr\/wp-json\/wp\/v2\/users\/2"}],"replies":[{"embeddable":true,"href":"https:\/\/www.europesays.com\/fr\/wp-json\/wp\/v2\/comments?post=543632"}],"version-history":[{"count":0,"href":"https:\/\/www.europesays.com\/fr\/wp-json\/wp\/v2\/posts\/543632\/revisions"}],"wp:featuredmedia":[{"embeddable":true,"href":"https:\/\/www.europesays.com\/fr\/wp-json\/wp\/v2\/media\/543633"}],"wp:attachment":[{"href":"https:\/\/www.europesays.com\/fr\/wp-json\/wp\/v2\/media?parent=543632"}],"wp:term":[{"taxonomy":"category","embeddable":true,"href":"https:\/\/www.europesays.com\/fr\/wp-json\/wp\/v2\/categories?post=543632"},{"taxonomy":"post_tag","embeddable":true,"href":"https:\/\/www.europesays.com\/fr\/wp-json\/wp\/v2\/tags?post=543632"}],"curies":[{"name":"wp","href":"https:\/\/api.w.org\/{rel}","templated":true}]}}