{"id":543638,"date":"2025-11-19T01:07:14","date_gmt":"2025-11-19T01:07:14","guid":{"rendered":"https:\/\/www.europesays.com\/fr\/543638\/"},"modified":"2025-11-19T01:07:14","modified_gmt":"2025-11-19T01:07:14","slug":"rtl-mettra-a-lhonneur-poitiers-sur-son-antenne-jeudi-4-decembre","status":"publish","type":"post","link":"https:\/\/www.europesays.com\/fr\/543638\/","title":{"rendered":"RTL mettra \u00e0 l\u2019honneur Poitiers sur son antenne jeudi 4 d\u00e9cembre"},"content":{"rendered":"<p>La <a target=\"_blank\" href=\"https:\/\/www.rtl.fr\/radios\" rel=\"noopener\">radio RTL<\/a> promet de \u00ab\u00a0revitaliser les centres-villes\u00a0\u00bb et met en place une op\u00e9ration du 1er au 24\u00a0d\u00e9cembre 2025 en proposant une chasse au\u00a0tr\u00e9sor\u00a0: vingt-quatre valises sont cach\u00e9es dans vingt-quatre villes partout en France au c\u0153ur des centres-villes.<\/p>\n<p>Chaque jour, une ville est mise \u00e0 l\u2019honneur \u00e0 l\u2019antenne de RTL et ses habitants sont invit\u00e9s \u00e0 d\u00e9chiffrer les indices pour retrouver la\u00a0Valise RTL cach\u00e9e dans le centre-ville et remporter les cadeaux qu\u2019elle contient.<\/p>\n<p>\u00c0 l\u2019int\u00e9rieur, une s\u00e9lection de produits offerts par les commer\u00e7ants du centre-ville, ainsi que des surprises sign\u00e9es RTL. Entre Lens et Nancy, <a target=\"_blank\" href=\"https:\/\/www.lanouvellerepublique.fr\/poitiers\" rel=\"noopener\">Poitiers<\/a> sera ainsi mis \u00e0 l\u2019honneur jeudi 4\u00a0d\u00e9cembre.<\/p>\n","protected":false},"excerpt":{"rendered":"La radio RTL promet de \u00ab\u00a0revitaliser les centres-villes\u00a0\u00bb et met en place une op\u00e9ration du 1er au 24\u00a0d\u00e9cembre&hellip;\n","protected":false},"author":2,"featured_media":543639,"comment_status":"","ping_status":"","sticky":false,"template":"","format":"standard","meta":{"footnotes":""},"categories":[1355],"tags":[1392,58,59,1011,27,500,1361,873,1653,1825,1584],"class_list":{"0":"post-543638","1":"post","2":"type-post","3":"status-publish","4":"format-standard","5":"has-post-thumbnail","7":"category-musique","8":"tag-a-la-une-local","9":"tag-divertissement","10":"tag-entertainment","11":"tag-fr","12":"tag-france","13":"tag-medias","14":"tag-music","15":"tag-musique","16":"tag-poitiers","17":"tag-radio","18":"tag-vienne"},"share_on_mastodon":{"url":"https:\/\/pubeurope.com\/@fr\/115573689187532584","error":""},"_links":{"self":[{"href":"https:\/\/www.europesays.com\/fr\/wp-json\/wp\/v2\/posts\/543638","targetHints":{"allow":["GET"]}}],"collection":[{"href":"https:\/\/www.europesays.com\/fr\/wp-json\/wp\/v2\/posts"}],"about":[{"href":"https:\/\/www.europesays.com\/fr\/wp-json\/wp\/v2\/types\/post"}],"author":[{"embeddable":true,"href":"https:\/\/www.europesays.com\/fr\/wp-json\/wp\/v2\/users\/2"}],"replies":[{"embeddable":true,"href":"https:\/\/www.europesays.com\/fr\/wp-json\/wp\/v2\/comments?post=543638"}],"version-history":[{"count":0,"href":"https:\/\/www.europesays.com\/fr\/wp-json\/wp\/v2\/posts\/543638\/revisions"}],"wp:featuredmedia":[{"embeddable":true,"href":"https:\/\/www.europesays.com\/fr\/wp-json\/wp\/v2\/media\/543639"}],"wp:attachment":[{"href":"https:\/\/www.europesays.com\/fr\/wp-json\/wp\/v2\/media?parent=543638"}],"wp:term":[{"taxonomy":"category","embeddable":true,"href":"https:\/\/www.europesays.com\/fr\/wp-json\/wp\/v2\/categories?post=543638"},{"taxonomy":"post_tag","embeddable":true,"href":"https:\/\/www.europesays.com\/fr\/wp-json\/wp\/v2\/tags?post=543638"}],"curies":[{"name":"wp","href":"https:\/\/api.w.org\/{rel}","templated":true}]}}