{"id":54364,"date":"2025-04-26T12:22:14","date_gmt":"2025-04-26T12:22:14","guid":{"rendered":"https:\/\/www.europesays.com\/fr\/54364\/"},"modified":"2025-04-26T12:22:14","modified_gmt":"2025-04-26T12:22:14","slug":"100-jours-deconomie-sous-donald-trump-les-etats-unis-sur-la-corde-raide","status":"publish","type":"post","link":"https:\/\/www.europesays.com\/fr\/54364\/","title":{"rendered":"100 jours d&rsquo;\u00e9conomie sous Donald Trump : les \u00c9tats-Unis sur la corde raide ?"},"content":{"rendered":"<p>\n                                                Cent jours apr\u00e8s l\u2019investiture de Donald Trump, \u00c9co d\u2019ici \u00c9co d\u2019ailleurs s&rsquo;installe aux \u00c9tats-Unis et prend le pouls d\u2019une Am\u00e9rique plus divis\u00e9e que jamais. De New York au Texas, en passant par la Californie,\u00a0le Wisconsin\u00a0et jusqu\u2019\u00e0 la fronti\u00e8re canadienne, nous explorons les grands enjeux \u00e9conomiques de la premi\u00e8re puissance mondiale au centre des attentions : inflation, in\u00e9galit\u00e9s sociales, avenir des \u00e9nergies, tensions migratoires, r\u00e9actions des march\u00e9s financiers, du secteur de la tech, etc.                    <\/p>\n<p>\u00a0<\/p>\n<p>\ud83c\udf99\ufe0f <strong>L\u2019\u00e9clairage d&rsquo;un expert<\/strong>\ud83c\udf93\u00a0<a target=\"_blank\" href=\"https:\/\/x.com\/thomasphi2\"><strong>Thomas Philippon<\/strong><\/a>, professeur \u00e0 la <strong><a target=\"_blank\" href=\"https:\/\/www.stern.nyu.edu\/faculty\/bio\/thomas-philippon\" rel=\"noopener\">Stern School of Business<\/a><\/strong> de New York<\/p>\n<p>Analyse de la strat\u00e9gie \u00e9conomique de Donald Trump, des risques de r\u00e9cession, du bras de fer avec la FED et des cons\u00e9quences pour les petites entreprises.<\/p>\n<p>\ud83c\udf99\ufe0f \u00ab Les in\u00e9galit\u00e9s risquent de s\u2019accro\u00eetre et les PME de souffrir davantage. \u00bb<\/p>\n<p>\ud83c\udf99\ufe0f\u00a0\u00ab Donald Trump a un plan autoritaire pour mettre au pas les milieux d&rsquo;affaires. \u00bb<\/p>\n<p>\ud83c\udf99\ufe0f\u00a0\u00ab La destruction de valeur par Elon Musk chez Tesla, je ne crois pas qu&rsquo;il y ait d&rsquo;\u00e9quivalent dans l&rsquo;histoire du capitalisme. \u00bb<\/p>\n<p>\ud83d\udcd6 Son dernier ouvrage : <strong><a target=\"_blank\" href=\"https:\/\/www.seuil.com\/ouvrage\/les-gagnants-de-la-concurrence-thomas-philippon\/9782021467536\" rel=\"noopener\">Les Gagnants de la concurrence, Quand la France fait mieux que les \u00c9tats-Unis<\/a><\/strong> (Seuil)<\/p>\n<p>\u00a0<\/p>\n<p>\ud83d\udccd <strong>T\u00e9moignages et reportages<\/strong><strong>Vu de New York : Trump, le pr\u00e9sident du peuple ou des \u00e9lites ?<\/strong><\/p>\n<p>\ud83d\uddfd Entretien avec <a target=\"_blank\" href=\"https:\/\/www.linkedin.com\/in\/julie-girard-a9634a18\/\" rel=\"noopener\"><strong>Julie Girard<\/strong><\/a>, essayiste franco-am\u00e9ricaine et auteure des <strong><a target=\"_blank\" href=\"https:\/\/www.gallimard.fr\/catalogue\/les-larmes-de-narcisse\/9782073038685\" rel=\"noopener\">Larmes de Narcisse (Gallimard)<\/a><\/strong>.<\/p>\n<p>Elle partage son regard sur l\u2019Am\u00e9rique de Trump, ses divisions et ses paradoxes.\u00a0<\/p>\n<p>\ud83c\udf99\ufe0f\u00a0\u00ab Le chaos rebat les cartes, et cr\u00e9e des opportunit\u00e9s. Mais pour qui ? \u00bb<\/p>\n<p><strong>Texas : guerre commerciale et immigration<\/strong><\/p>\n<p>\ud83c\udfa4 Reportages de <a target=\"_blank\" href=\"https:\/\/bsky.app\/profile\/nathanaelvittrant.bsky.social\" rel=\"noopener\"><strong>Nathana\u00ebl Vittrant<\/strong><\/a> \u00e0 Houston et Dallas : cons\u00e9quences \u00e9conomiques imm\u00e9diates pour les commer\u00e7ants, frayeurs dans la communaut\u00e9 latino et inqui\u00e9tudes sur le p\u00e9trole et l\u2019avenir \u00e9nerg\u00e9tique.<\/p>\n<p>\ud83c\udf99\ufe0f Gustavo Reyes, commer\u00e7ant \u00e0 Houston :<\/p>\n<p>\u00ab Au niveau des prix, le march\u00e9 est un peu fou \u00bb<\/p>\n<p>        <img decoding=\"async\" fetchpriority=\"low\" src=\"https:\/\/www.europesays.com\/fr\/wp-content\/uploads\/2025\/04\/71825ffa-e73e-4ea3-852c-8db9ebf8f321.jpg\" alt=\"Gustavo Reyes, propri\u00e9taire de Reyes Produce (Houston, USA)\"   style=\"max-height:638px\" loading=\"lazy\" class=\"m-figure__img lazy\"\/><\/p>\n<p>                Gustavo Reyes, propri\u00e9taire de Reyes Produce (Houston, USA)                \u00a9 Nathana\u00ebl Vittrant \/ RFI            <\/p>\n<p>        <strong>Wisconsin : secteur du caf\u00e9 et droits de douane<\/strong><\/p>\n<p>\u2615 T\u00e9moignage de <a target=\"_blank\" href=\"https:\/\/www.linkedin.com\/in\/stephen-yeazel-4040a78\/\" rel=\"noopener\"><strong>Steve Yeazel<\/strong><\/a>, co-propri\u00e9taire de <strong><a target=\"_blank\" href=\"https:\/\/truecoffeeroasters.com\/\" rel=\"noopener\">True Coffee Roasters<\/a><\/strong> :<\/p>\n<p>\u00ab Les droits de douane nous mettent \u00e0 mal. Et les Am\u00e9ricains sont-ils pr\u00eats \u00e0 payer plus cher pour leur caf\u00e9 ? Rien n\u2019est moins s\u00fbr. \u00bb<\/p>\n<p>\u00a0<\/p>\n<p><strong>Windsor (Canada) : l\u2019automobile \u00e0 l\u2019\u00e9preuve<\/strong><\/p>\n<p>\ud83d\ude97 Reportage de <a target=\"_self\" href=\"https:\/\/www.rfi.fr\/fr\/auteur\/marine-de-la-moissonni\u00e8re\/\" rel=\"noopener\"><strong>Marine de La Moissonni\u00e8re<\/strong><\/a> sur les lignes de production Chrysler \u00e0 Windsor, c\u00f4t\u00e9 canadien.<\/p>\n<p>Cons\u00e9quences de la politique \u00e9conomique am\u00e9ricaine sur l\u2019emploi, le commerce et les relations transfrontali\u00e8res.<\/p>\n<p>\ud83c\udf99\ufe0f Blaise D\u00e9saulniers, ouvrier chez Chrysler<\/p>\n<p>\u00ab Donald Trump veut toujours flouer les autres. Avec ses amis, il faut \u00eatre \u00e9quitable. \u00bb<\/p>\n<p>        <img decoding=\"async\" fetchpriority=\"low\" src=\"https:\/\/www.europesays.com\/fr\/wp-content\/uploads\/2025\/04\/Denis et Blaise D\u00e9saulniers, ouvriers Chrysler \u00e0 Windsor (Canada).png\" alt=\"Denis et Blaise D\u00e9saulniers, ouvriers Chrysler \u00e0 Windsor (Canada)\"   style=\"max-height:359px\" loading=\"lazy\" class=\"m-figure__img lazy\"\/><\/p>\n<p>                Denis et Blaise D\u00e9saulniers, ouvriers Chrysler \u00e0 Windsor (Canada)                \u00a9 Marine de la Moissonni\u00e8re \/ RFI            <\/p>\n<p>\u00a0<\/p>\n<p>\u00a0<\/p>\n<p><strong>Californie : la Silicon Valley d\u00e9senchant\u00e9e ?<\/strong><\/p>\n<p>\ud83d\udcf1 \u00c9clairage de <a target=\"_blank\" href=\"https:\/\/www.linkedin.com\/in\/loic-pialat-003a6626\/\" rel=\"noopener\"><strong>Lo\u00efc Pialat<\/strong><\/a> en Californie sur les espoirs d\u00e9\u00e7us des g\u00e9ants de la Tech et les d\u00e9fis \u00e9conomiques et sociaux du plus grand \u00c9tat am\u00e9ricain.<\/p>\n<p>\u00a0<\/p>\n<p>\ud83c\udfb6 <strong>Playlist de l\u2019\u00e9mission<\/strong><\/p>\n","protected":false},"excerpt":{"rendered":"Cent jours apr\u00e8s l\u2019investiture de Donald Trump, \u00c9co d\u2019ici \u00c9co d\u2019ailleurs s&rsquo;installe aux \u00c9tats-Unis et prend le pouls&hellip;\n","protected":false},"author":2,"featured_media":54365,"comment_status":"","ping_status":"","sticky":false,"template":"","format":"standard","meta":{"footnotes":""},"categories":[1589],"tags":[11,574,75,14880,33,73,1866,590,6848,5697,12,1864,1865,1863,308],"class_list":{"0":"post-54364","1":"post","2":"type-post","3":"status-publish","4":"format-standard","5":"has-post-thumbnail","7":"category-etats-unis","8":"tag-actualites","9":"tag-canada","10":"tag-donald-trump","11":"tag-eco-dici-eco-dailleurs","12":"tag-economie","13":"tag-etats-unis","14":"tag-etats-unis-damerique","15":"tag-finance","16":"tag-matieres-premieres","17":"tag-mexique","18":"tag-news","19":"tag-united-states","20":"tag-united-states-of-america","21":"tag-us","22":"tag-usa"},"share_on_mastodon":{"url":"https:\/\/pubeurope.com\/@fr\/114404245290961004","error":""},"_links":{"self":[{"href":"https:\/\/www.europesays.com\/fr\/wp-json\/wp\/v2\/posts\/54364","targetHints":{"allow":["GET"]}}],"collection":[{"href":"https:\/\/www.europesays.com\/fr\/wp-json\/wp\/v2\/posts"}],"about":[{"href":"https:\/\/www.europesays.com\/fr\/wp-json\/wp\/v2\/types\/post"}],"author":[{"embeddable":true,"href":"https:\/\/www.europesays.com\/fr\/wp-json\/wp\/v2\/users\/2"}],"replies":[{"embeddable":true,"href":"https:\/\/www.europesays.com\/fr\/wp-json\/wp\/v2\/comments?post=54364"}],"version-history":[{"count":0,"href":"https:\/\/www.europesays.com\/fr\/wp-json\/wp\/v2\/posts\/54364\/revisions"}],"wp:featuredmedia":[{"embeddable":true,"href":"https:\/\/www.europesays.com\/fr\/wp-json\/wp\/v2\/media\/54365"}],"wp:attachment":[{"href":"https:\/\/www.europesays.com\/fr\/wp-json\/wp\/v2\/media?parent=54364"}],"wp:term":[{"taxonomy":"category","embeddable":true,"href":"https:\/\/www.europesays.com\/fr\/wp-json\/wp\/v2\/categories?post=54364"},{"taxonomy":"post_tag","embeddable":true,"href":"https:\/\/www.europesays.com\/fr\/wp-json\/wp\/v2\/tags?post=54364"}],"curies":[{"name":"wp","href":"https:\/\/api.w.org\/{rel}","templated":true}]}}