{"id":543640,"date":"2025-11-19T01:08:15","date_gmt":"2025-11-19T01:08:15","guid":{"rendered":"https:\/\/www.europesays.com\/fr\/543640\/"},"modified":"2025-11-19T01:08:15","modified_gmt":"2025-11-19T01:08:15","slug":"tellement-fier-jason-isaacs-lucius-soutient-tom-felton-drago-pour-son-retour-dans-la-saga","status":"publish","type":"post","link":"https:\/\/www.europesays.com\/fr\/543640\/","title":{"rendered":"\u00ab\u00a0Tellement fier\u00a0\u00bb\u2026 Jason Isaacs (Lucius) soutient Tom Felton (Drago) pour son retour dans la saga"},"content":{"rendered":"<p>Tom Felton a fait son retour dans la saga Harry Potter en reprenant son r\u00f4le de Drago Malfoy au th\u00e9\u00e2tre. Jason Isaacs, qui jouait son p\u00e8re Lucius Malfoy au cin\u00e9ma, est tr\u00e8s fier de lui et il n\u2019a pas manqu\u00e9 de le faire savoir sur les r\u00e9seaux sociaux.<\/p>\n<p>L&rsquo;univers <a href=\"https:\/\/www.programme-tv.net\/news\/series-tv\/348110-serie-harry-potter-tournage-casting-toutes-les-informations-deja-connues-sur-la-serie-evenement\/\" data-api-deeplink=\"teleloisirs:\/\/news\/348110\" target=\"_blank\" rel=\"noopener\">Harry Potter<\/a> se d\u00e9cline sous toutes ses formes. Apr\u00e8s les livres et l&rsquo;incroyable saga de films, une s\u00e9rie va prochainement voir le jour. D&rsquo;ailleurs, <a href=\"https:\/\/www.programme-tv.net\/news\/series-tv\/388770-serie-harry-potter-ce-nouvel-indice-prouve-que-la-nouvelle-version-sera-plus-fidele-aux-livres-que-les-films\/\" data-api-deeplink=\"teleloisirs:\/\/news\/388770\" target=\"_blank\" rel=\"noopener\">cette nouvelle version s&rsquo;annonce bien plus fid\u00e8le aux livres qu&rsquo;aux films<\/a>. En attendant de pouvoir d\u00e9couvrir<a href=\"https:\/\/www.programme-tv.net\/news\/series-tv\/348110-serie-harry-potter-tournage-casting-toutes-les-informations-deja-connues-sur-la-serie-evenement\/\" data-api-deeplink=\"teleloisirs:\/\/news\/348110\" target=\"_blank\" rel=\"noopener\"> la s\u00e9rie Harry Potter<\/a>, qui est attendue en 2027 sur HBO Max, <b>il est toujours possible de retrouver l&rsquo;univers sur la sc\u00e8ne de Broadway avec la pi\u00e8ce <\/b><b>Harry Potter and the Cursed Child<\/b><b> qui rencontre un franc succ\u00e8s.<\/b><\/p>\n<p>Harry Potter : Jason Isaacs salue la prestation de Tom Felton, qui a repris son r\u00f4le de Drago au th\u00e9\u00e2tre<\/p>\n<p>Il y a quelques jours, une vid\u00e9o a circul\u00e9 sur les r\u00e9seaux sociaux dans laquelle on voyait <a href=\"https:\/\/www.programme-tv.net\/news\/cinema\/380502-harry-potter-tom-felton-reprend-son-role-de-drago-malefoy\/\" data-api-deeplink=\"teleloisirs:\/\/news\/380502\" target=\"_blank\" rel=\"noopener\">Tom Felton reprendre son r\u00f4le de Drago Malfoy <\/a>sur la sc\u00e8ne de Broadway. Les fans \u00e9taient tellement heureux de le revoir, 24 ans apr\u00e8s le premier film Harry Potter, qu&rsquo;ils lui ont fait une standing ovation, lui emp\u00eachant m\u00eame de dire ses premi\u00e8res phrases durant plusieurs secondes. Ce dimanche 16 novembre 2025, Jason Isaacs, celui qui incarnait Lucius Malfoy au cin\u00e9ma, est all\u00e9 voir son fils de fiction sur sc\u00e8ne et, juste apr\u00e8s la repr\u00e9sentation d&rsquo;Harry Potter and the Cursed Child, il a publi\u00e9 des photos sur Instagram avec Tom Felton et Aidan Close, qui joue le fils de Draco Malfoy sur sc\u00e8ne. \u00ab\u00a0Je suis venu. J&rsquo;ai vu. Il a vaincu. <b>Tu avais une lourde t\u00e2che \u00e0 accomplir, mon gar\u00e7on, et tu l&rsquo;as surpass\u00e9e. <\/b>Un courage hors du commun. <b>Si courageux. Tellement fier. Si heureux d&rsquo;avoir \u00e9t\u00e9 l\u00e0<\/b>\u00ab\u00a0, a \u00e9crit Jason Isaacs.<\/p>\n<p>                        \u00ab\u00a0Inutile de dire que c&rsquo;\u00e9tait magique\u00a0\u00bb : Tom Felton c\u00e9l\u00e8bre ce grand moment pour les fans de Harry Potter <\/p>\n<p>Le message de Jason Isaacs a profond\u00e9ment touch\u00e9 Tom Felton, qui a tenu \u00e0 s&rsquo;exprimer \u00e0 son tour. \u00ab\u00a0Personne ne le fait comme les Malfoy. <b>Trois g\u00e9n\u00e9rations se rencontrent pour la premi\u00e8re fois sur sc\u00e8ne. <\/b>Inutile de dire que c&rsquo;\u00e9tait magique\u2026 <b>Je t&rsquo;aime papa [Jason Isaacs] Je t&rsquo;aime fils [Aidan Close]<\/b>\u00ab\u00a0, a-t-il \u00e9crit. Un \u00e9change de messages qui a \u00e9t\u00e9 plus qu&rsquo;appr\u00e9ci\u00e9 par les fans d&rsquo;Harry Potter et plus pr\u00e9cis\u00e9ment par ceux qui aiment tout particuli\u00e8rement la Maison Serpentard.<\/p>\n<blockquote class=\"instagram-media\" data-instgrm-captioned=\"\" data-instgrm-permalink=\"https:\/\/www.instagram.com\/p\/DRJMk8nDK7S\/?utm_source=ig_embed&amp;utm_campaign=loading\" data-instgrm-version=\"14\" style=\" background:#FFF; border:0; border-radius:3px; box-shadow:0 0 1px 0 rgba(0,0,0,0.5),0 1px 10px 0 rgba(0,0,0,0.15); margin: 1px; max-width:658px; min-width:326px; padding:0; width:99.375%; width:-webkit-calc(100% - 2px); width:calc(100% - 2px);\"\/>\n<p>Article \u00e9crit avec la collaboration de 6m\u00e9dias.<\/p>\n<p>        <script async src=\"\/\/www.instagram.com\/embed.js\"><\/script><\/p>\n","protected":false},"excerpt":{"rendered":"Tom Felton a fait son retour dans la saga Harry Potter en reprenant son r\u00f4le de Drago Malfoy&hellip;\n","protected":false},"author":2,"featured_media":543641,"comment_status":"","ping_status":"","sticky":false,"template":"","format":"standard","meta":{"footnotes":""},"categories":[1354],"tags":[4548,244,58,28468,59,1346,1011,27,28466,6610,5371,66171,1360,10395,129,28465,28467],"class_list":{"0":"post-543640","1":"post","2":"type-post","3":"status-publish","4":"format-standard","5":"has-post-thumbnail","7":"category-films","8":"tag-channel_tl-story","9":"tag-commentaire","10":"tag-divertissement","11":"tag-drago-malefoy","12":"tag-entertainment","13":"tag-films","14":"tag-fr","15":"tag-france","16":"tag-guid_6196034945001","17":"tag-harry-potter","18":"tag-hbo-max","19":"tag-jason-isaacs","20":"tag-movies","21":"tag-pub-streaming","22":"tag-svod","23":"tag-tom-felton","24":"tag-uuid_70920edf-d681-4ca0-ab29-4f9ba58498f5"},"share_on_mastodon":{"url":"https:\/\/pubeurope.com\/@fr\/115573693177108627","error":""},"_links":{"self":[{"href":"https:\/\/www.europesays.com\/fr\/wp-json\/wp\/v2\/posts\/543640","targetHints":{"allow":["GET"]}}],"collection":[{"href":"https:\/\/www.europesays.com\/fr\/wp-json\/wp\/v2\/posts"}],"about":[{"href":"https:\/\/www.europesays.com\/fr\/wp-json\/wp\/v2\/types\/post"}],"author":[{"embeddable":true,"href":"https:\/\/www.europesays.com\/fr\/wp-json\/wp\/v2\/users\/2"}],"replies":[{"embeddable":true,"href":"https:\/\/www.europesays.com\/fr\/wp-json\/wp\/v2\/comments?post=543640"}],"version-history":[{"count":0,"href":"https:\/\/www.europesays.com\/fr\/wp-json\/wp\/v2\/posts\/543640\/revisions"}],"wp:featuredmedia":[{"embeddable":true,"href":"https:\/\/www.europesays.com\/fr\/wp-json\/wp\/v2\/media\/543641"}],"wp:attachment":[{"href":"https:\/\/www.europesays.com\/fr\/wp-json\/wp\/v2\/media?parent=543640"}],"wp:term":[{"taxonomy":"category","embeddable":true,"href":"https:\/\/www.europesays.com\/fr\/wp-json\/wp\/v2\/categories?post=543640"},{"taxonomy":"post_tag","embeddable":true,"href":"https:\/\/www.europesays.com\/fr\/wp-json\/wp\/v2\/tags?post=543640"}],"curies":[{"name":"wp","href":"https:\/\/api.w.org\/{rel}","templated":true}]}}