{"id":543642,"date":"2025-11-19T01:09:14","date_gmt":"2025-11-19T01:09:14","guid":{"rendered":"https:\/\/www.europesays.com\/fr\/543642\/"},"modified":"2025-11-19T01:09:14","modified_gmt":"2025-11-19T01:09:14","slug":"mateo-diagnostique-dun-cancer-des-testicules-a-lage-de-25-ans-javais-honte-de-devoir-dire-a-quelquun-que-jai-un-testicule-en-moins","status":"publish","type":"post","link":"https:\/\/www.europesays.com\/fr\/543642\/","title":{"rendered":"Mat\u00e9o, diagnostiqu\u00e9 d&rsquo;un cancer des testicules \u00e0 l&rsquo;\u00e2ge de 25 ans : \u00ab\u00a0J&rsquo;avais honte de devoir dire \u00e0 quelqu\u2019un que j\u2019ai un testicule en moins\u00a0\u00bb"},"content":{"rendered":"<p class=\"mb-4 text-lg md:leading-8 break-words\">Mat\u00e9o, 28 ans, a \u00e9t\u00e9 diagnostiqu\u00e9 d\u2019un <a data-i13n=\"cpos:1;pos:1\" href=\"https:\/\/fr.news.yahoo.com\/cancer-testicules-signe-doit-alerter-113800151.html\" data-ylk=\"slk:cancer des testicules;cpos:1;pos:1;elm:context_link;itc:0;sec:content-canvas;outcm:mb_qualified_link;_E:mb_qualified_link;ct:story;\" class=\"link  yahoo-link\" target=\"_blank\" rel=\"noopener\">cancer des testicules<\/a> \u00e0 l\u2019\u00e2ge de 25 ans : \u00ab\u00a0Je ne sais pas trop par o\u00f9 commencer. C\u2019est un peu un sujet que j\u2019ai mis de c\u00f4t\u00e9 depuis trois ans. J\u2019avais 25 ans, je venais juste de signer un CDI, je sortais pas mal, j\u2019\u00e9tais \u00e0 un moment o\u00f9 tout s\u2019ouvrait devant moi. Et puis je sens une g\u00eane, une douleur bizarre. Rien de tr\u00e8s violent mais \u00e7a revient plusieurs fois. J\u2019ai fini <a data-i13n=\"cpos:2;pos:1\" href=\"https:\/\/fr.news.yahoo.com\/cancer-testicules-symptome-signe-alerte-tumeur-112911074.html\" data-ylk=\"slk:par aller consulter;cpos:2;pos:1;elm:context_link;itc:0;sec:content-canvas;outcm:mb_qualified_link;_E:mb_qualified_link;ct:story;\" class=\"link  yahoo-link\" target=\"_blank\" rel=\"noopener\">par aller consulter<\/a>, pas trop inquiet. Le m\u00e9decin n\u2019a pas cherch\u00e9 \u00e0 me rassurer, il m\u2019a envoy\u00e9 faire une \u00e9cho. Et c\u2019est all\u00e9 vite ensuite. <a data-i13n=\"cpos:3;pos:1\" href=\"https:\/\/fr.style.yahoo.com\/homme-testicule-cancer-112623365.html\" data-ylk=\"slk:Diagnostic;cpos:3;pos:1;elm:context_link;itc:0;sec:content-canvas;outcm:mb_qualified_link;_E:mb_qualified_link;ct:story;\" class=\"link  yahoo-link\" target=\"_blank\" rel=\"noopener\">Diagnostic<\/a>. Op\u00e9ration. Examens. Traitements. Et surtout, silence radio dans ma t\u00eate. J\u2019\u00e9tais dans une forme d\u2019auto-pilote, comme si c\u2019\u00e9tait quelqu\u2019un d\u2019autre qui vivait \u00e7a.\u00a0\u00bb<\/p>\n<p>\u00ab\u00a0Les rares fois o\u00f9 je me suis rapproch\u00e9 d\u2019une fille, j\u2019ai recul\u00e9 avant que \u00e7a devienne intime\u00a0\u00bb<\/p>\n<p class=\"mb-4 text-lg md:leading-8 break-words\">La maladie de Mat\u00e9o influence ses relations aux autres : \u00ab\u00a0J\u2019en ai parl\u00e9 \u00e0 tr\u00e8s peu de gens. Mes parents, deux potes proches. Pas plus. Je ne voulais pas que \u00e7a se sache, je ne voulais pas \u00eatre \u00ab\u00a0le mec malade\u00a0\u00bb. C\u2019est compl\u00e8tement con quand j\u2019y repense. J\u2019avais honte. Pas peur, pas triste, pas en col\u00e8re. Juste honte. De ce que mon corps avait produit. Honte de devoir dire \u00e0 quelqu\u2019un que j\u2019ai un testicule en moins. Honte de penser que je suis devenu un &lsquo;mec pas entier&rsquo;. Et \u00e7a, je ne l\u2019ai jamais vraiment surmont\u00e9. Depuis, j\u2019ai l\u2019impression que ma vie personnelle s\u2019est arr\u00eat\u00e9e. Je sors encore, je vois du monde. Mais je me tiens \u00e0 distance. Les rares fois o\u00f9 je me suis rapproch\u00e9 d\u2019une fille, j\u2019ai recul\u00e9 avant que \u00e7a devienne intime. Parce que je ne sais pas comment lui dire. Je ne sais pas comment elle va r\u00e9agir. Et en fait, je ne veux m\u00eame pas le savoir. J\u2019ai peur d\u2019\u00eatre rejet\u00e9. J\u2019ai peur qu\u2019elle ne dise rien sur le moment mais qu\u2019elle parte ensuite. Ou qu\u2019elle dise un truc maladroit. Ou m\u00eame qu\u2019elle comprenne, mais que moi, je sois paralys\u00e9 quand m\u00eame.\u00a0\u00bb<\/p>\n<p>\u00ab\u00a0J\u2019ai vu une psy \u00e0 un moment mais je n\u2019ai pas accroch\u00e9\u00a0\u00bb<\/p>\n<p class=\"mb-4 text-lg md:leading-8 break-words\">Le jeune homme a l\u2019impression d\u2019avoir \u00e9t\u00e9 vol\u00e9 par la maladie : \u00ab\u00a0Je sais qu\u2019on dit que le cancer des testicules se soigne tr\u00e8s bien, que c\u2019est un &lsquo;petit cancer&rsquo;, que j\u2019ai eu de la chance. Mais il n\u2019y a rien de petit quand tu te sens bris\u00e9 dans ta virilit\u00e9. M\u00eame les blagues autour de \u00e7a me font mal. Il y a une esp\u00e8ce de l\u00e9g\u00e8ret\u00e9 d\u00e8s qu\u2019on parle de ce cancer-l\u00e0, un truc de &lsquo;allez hop, on t\u2019en enl\u00e8ve un, et roule !&rsquo; Mais ce n\u2019est pas comme \u00e7a qu\u2019on le vit. Pas \u00e0 25 ans. Pas quand t\u2019as pas encore construit ta vie, pas quand tu veux plaire, s\u00e9duire, coucher, aimer. Je ne parle jamais de ce que j\u2019ai travers\u00e9. M\u00eame \u00e0 mes potes proches, c\u2019est rest\u00e9 tr\u00e8s factuel. Je pense que \u00e7a les met mal \u00e0 l\u2019aise aussi. C\u2019est pas un sujet tr\u00e8s viril. J\u2019ai vu une psy \u00e0 un moment mais je n\u2019ai pas accroch\u00e9. Je ne voulais pas creuser. Je voulais juste que \u00e7a parte. Mais \u00e7a ne part pas. Je suis l\u00e0, \u00e0 28 ans, avec cette sensation que mon corps m\u2019a l\u00e2ch\u00e9 trop t\u00f4t. Que la maladie m\u2019a vol\u00e9 quelque chose, pas juste physiquement. Une sorte d\u2019\u00e9lan. De l\u00e9g\u00e8ret\u00e9. D\u2019innocence dans la relation \u00e0 l\u2019autre.\u00a0\u00bb<\/p>\n<p>\u00ab\u00a0Je pense qu\u2019il y a un gros vide autour de ce type de cancer\u00a0\u00bb<\/p>\n<p class=\"mb-4 text-lg md:leading-8 break-words\">Mat\u00e9o est encore honteux de sa maladie : \u00ab\u00a0Je n\u2019en veux \u00e0 personne. Je n\u2019en veux m\u00eame pas aux m\u00e9decins. Ils ont fait leur boulot. Mais je pense qu\u2019il y a un gros vide autour de ce type de cancer. Pas m\u00e9dical, pas dans le suivi des examens. Mais humainement. Psychologiquement. On ne nous dit rien. On ne nous pr\u00e9pare \u00e0 rien. Et surtout, on ne parle jamais de l\u2019apr\u00e8s. De l\u2019image de soi. De la sexualit\u00e9. Du regard des autres. Du silence. Du repli. On te soigne physiquement et ensuite, on te laisse te d\u00e9brouiller. Je sais que je devrais passer \u00e0 autre chose. Parfois, je me dis que je dois juste &lsquo;oser&rsquo; en parler. Mais ce n\u2019est pas si simple. Ce n\u2019est pas un tatouage ou une cicatrice \u00e0 raconter. C\u2019est un truc intime. Un truc qui remet en question ton identit\u00e9 d\u2019homme, ta confiance, ton d\u00e9sir, ton avenir. Et je n\u2019ai pas encore trouv\u00e9 comment l\u2019apprivoiser. Pour l\u2019instant, je fais avec. Mais je ne vis pas vraiment. J\u2019attends. Je ne sais pas trop quoi, mais j\u2019attends que \u00e7a redevienne l\u00e9ger un jour.\u00a0\u00bb<\/p>\n<p>Personne n\u2019est \u00e0 l\u2019abri de developper une maladie grave, rare ou \u00e0 vie. Certains et certaines passent presque du jour au lendemain de personne en bonne sant\u00e9 \u00e0 personne malade. Ces personnes doivent apprendre \u00e0 vivre avec la maladie mais aussi \u00e0 s\u2019accepter en tant que personne malade, un processus psychologique rendu parfois compliqu\u00e9 par l\u2019errance m\u00e9dicale. La s\u00e9rie \u00ab\u00a0Malade dans la force de l\u2019\u00e2ge\u00a0\u00bb revient sur ces histoires, des premiers sympt\u00f4mes \u00e0 l\u2019acceptation, en passant par le diagnostic.<\/p>\n","protected":false},"excerpt":{"rendered":"Mat\u00e9o, 28 ans, a \u00e9t\u00e9 diagnostiqu\u00e9 d\u2019un cancer des testicules \u00e0 l\u2019\u00e2ge de 25 ans : \u00ab\u00a0Je ne&hellip;\n","protected":false},"author":2,"featured_media":543643,"comment_status":"","ping_status":"","sticky":false,"template":"","format":"standard","meta":{"footnotes":""},"categories":[10],"tags":[1764,101,46440,1011,27,72,7327,66172,71],"class_list":{"0":"post-543642","1":"post","2":"type-post","3":"status-publish","4":"format-standard","5":"has-post-thumbnail","7":"category-sante","8":"tag-ans","9":"tag-cancer","10":"tag-cancer-des-testicules","11":"tag-fr","12":"tag-france","13":"tag-health","14":"tag-honte","15":"tag-jai-peur","16":"tag-sante"},"share_on_mastodon":{"url":"https:\/\/pubeurope.com\/@fr\/115573696994849968","error":""},"_links":{"self":[{"href":"https:\/\/www.europesays.com\/fr\/wp-json\/wp\/v2\/posts\/543642","targetHints":{"allow":["GET"]}}],"collection":[{"href":"https:\/\/www.europesays.com\/fr\/wp-json\/wp\/v2\/posts"}],"about":[{"href":"https:\/\/www.europesays.com\/fr\/wp-json\/wp\/v2\/types\/post"}],"author":[{"embeddable":true,"href":"https:\/\/www.europesays.com\/fr\/wp-json\/wp\/v2\/users\/2"}],"replies":[{"embeddable":true,"href":"https:\/\/www.europesays.com\/fr\/wp-json\/wp\/v2\/comments?post=543642"}],"version-history":[{"count":0,"href":"https:\/\/www.europesays.com\/fr\/wp-json\/wp\/v2\/posts\/543642\/revisions"}],"wp:featuredmedia":[{"embeddable":true,"href":"https:\/\/www.europesays.com\/fr\/wp-json\/wp\/v2\/media\/543643"}],"wp:attachment":[{"href":"https:\/\/www.europesays.com\/fr\/wp-json\/wp\/v2\/media?parent=543642"}],"wp:term":[{"taxonomy":"category","embeddable":true,"href":"https:\/\/www.europesays.com\/fr\/wp-json\/wp\/v2\/categories?post=543642"},{"taxonomy":"post_tag","embeddable":true,"href":"https:\/\/www.europesays.com\/fr\/wp-json\/wp\/v2\/tags?post=543642"}],"curies":[{"name":"wp","href":"https:\/\/api.w.org\/{rel}","templated":true}]}}