{"id":543645,"date":"2025-11-19T01:11:13","date_gmt":"2025-11-19T01:11:13","guid":{"rendered":"https:\/\/www.europesays.com\/fr\/543645\/"},"modified":"2025-11-19T01:11:13","modified_gmt":"2025-11-19T01:11:13","slug":"un-couple-emblematique-du-programme-vie","status":"publish","type":"post","link":"https:\/\/www.europesays.com\/fr\/543645\/","title":{"rendered":"un couple embl\u00e9matique du programme vie &#8230;"},"content":{"rendered":"<p>EN BREF<\/p>\n<ul class=\"bloc_resume_post_list\">\n<li>Guillaume et No\u00e9mie, participants de la saison 17 de<br \/>\nL\u00a0\u00bbamour est dans le pr\u00e9, ont accueilli leur fille \u00c9l\u00e9onore \u00e0<br \/>\nl&rsquo;automne dernier.<\/li>\n<li>Le couple a partag\u00e9 son bonheur, d\u00e9crivant \u00c9l\u00e9onore comme<br \/>\nun b\u00e9b\u00e9 calme et la grossesse de No\u00e9mie comme id\u00e9ale.<\/li>\n<li>Ils attendent les 20 ans de l&rsquo;\u00e9mission pour officialiser<br \/>\nla naissance et partager leur exp\u00e9rience avec Karine Le<br \/>\nMarchand.<\/li>\n<\/ul>\n<p class=\"p1\">Depuis plus de 20 ans, <strong>L\u2019amour est dans le<br \/>\npr\u00e9<\/strong> permet \u00e0 des agriculteurs de trouver l\u2019amour. Au fil<br \/>\ndes saisons, des centaines de participants ont ainsi rencontr\u00e9 leur<br \/>\nmoiti\u00e9, se sont mari\u00e9s ou ont eu des enfants. Le <strong>94e b\u00e9b\u00e9<br \/>\nde l\u2019\u00e9mission<\/strong> a d\u2019ailleurs vu le jour il y a quelques<br \/>\nsemaines.<\/p>\n<p class=\"p1\">En effet, <a href=\"https:\/\/www.telestar.fr\/tele-realite\/adp\/l-amour-est-dans-le-pre-quels-couples-de-la-saison-17-sont-encore-ensemble-792771\" target=\"_blank\" rel=\"noopener\"><br \/>\nGuillaume et No\u00e9mie<\/a> ont r\u00e9cemment accueilli leur premier<br \/>\nenfant. Pour rappel, <strong>l\u2019agriculteur de Corr\u00e8ze<\/strong><br \/>\navait particip\u00e9 \u00e0 la saison 17 de L\u2019amour est dans le pr\u00e9 en 2022.<br \/>\nGr\u00e2ce \u00e0 l\u2019aide de Karine Le Marchand, il avait fait la connaissance<br \/>\nde No\u00e9mie. Depuis, le couple semble filer le parfait amour et a<br \/>\nm\u00eame <strong>agrandi la famille<\/strong>.<\/p>\n<p>Guillaume et No\u00e9mie annoncent la naissance de leur<br \/>\nfille<\/p>\n<p class=\"p1\">Alors que J\u00e9r\u00f4me et Lucile attendent leur troisi\u00e8me<br \/>\nenfant, Guillaume et No\u00e9mie se sont confi\u00e9s sur <a href=\"https:\/\/www.telestar.fr\/tele_realite\/adp\/lamour-est-dans-le-pre-un-couple-emblematique-annonce-larrivee-de-leur-futur-enfant-1721048\" target=\"_blank\" rel=\"noopener\"><br \/>\nla naissance de leur fille<\/a> \u00e0 T\u00e9l\u00e9-Loisirs. Ils ont<br \/>\nainsi d\u00e9voil\u00e9 qu\u2019elle porte <strong>le doux pr\u00e9nom<br \/>\nd\u2019\u00c9l\u00e9onore<\/strong>. \u201cJ\u2019ai eu une grossesse de r\u00eave comme un<br \/>\nb\u00e9b\u00e9 de r\u00eave. On a de la chance, c\u2019est un b\u00e9b\u00e9 tr\u00e8s sage. Elle dort<br \/>\ntr\u00e8s bien. Et puis pour les nuits, elle ne se l\u00e8ve que deux fois.<br \/>\nDonc \u00e7a nous va tr\u00e8s bien\u201d, a expliqu\u00e9 la jeune maman.<\/p>\n<p class=\"p1\">No\u00e9mie a ensuite expliqu\u00e9 que <strong>son b\u00e9b\u00e9 \u00e9tait<br \/>\nparticuli\u00e8rement attendu<\/strong>. \u201cAvec notre march\u00e9 l\u2019ann\u00e9e<br \/>\nderni\u00e8re, les gens savaient qu\u2019on avait la volont\u00e9 encore d\u2019avoir<br \/>\nun petit. C\u2019est la conclusion qu\u2019on avait tellement attendue\u201d,<br \/>\na-t-elle partag\u00e9 avec joie.<\/p>\n<p>Le couple sera pr\u00e9sent aux 20 ans de<br \/>\nl\u2019\u00e9mission<\/p>\n<p class=\"p1\">Depuis l\u2019arriv\u00e9e d\u2019\u00c9l\u00e9onore, Guillaume et No\u00e9mie ont<br \/>\n<strong>la chance d\u2019\u00eatre bien entour\u00e9s<\/strong>. L\u2019agriculteur a<br \/>\nainsi pr\u00e9cis\u00e9 : \u201cDans la maison o\u00f9 on habite, mes parents sont<br \/>\njuste au-dessus. Ma m\u00e8re a \u00e9lev\u00e9 trois enfants donc si on a un<br \/>\nprobl\u00e8me, elle devrait \u00e0 peu pr\u00e8s savoir g\u00e9rer aussi ! On prend les<br \/>\nbons conseils\u201d. Une aide tr\u00e8s appr\u00e9ci\u00e9e par le couple.<\/p>\n<p class=\"p1\">Guillaume et No\u00e9mie n\u2019ont pas encore<br \/>\n<strong>officialis\u00e9 la naissance de leur fille<\/strong> sur les<br \/>\nr\u00e9seaux sociaux. Le couple attend effectivement la diffusion des<br \/>\n<a href=\"https:\/\/www.telestar.fr\/tele_realite\/adp\/lamour-est-dans-le-pre-un-couple-phare-evince-de-lemission-anniversaire-des-20-ans-1738298\" target=\"_blank\" rel=\"noopener\"><br \/>\n20 ans de L\u2019amour est dans le pr\u00e9<\/a>, pr\u00e9vue pour le 8 d\u00e9cembre<br \/>\nprochain. \u00c0 cette occasion, ils se confieront \u00e0 <strong>Karine Le<br \/>\nMarchand<\/strong> sur la grossesse, l\u2019accouchement, mais aussi les<br \/>\npremiers jours avec leur b\u00e9b\u00e9.<\/p>\n","protected":false},"excerpt":{"rendered":"EN BREF Guillaume et No\u00e9mie, participants de la saison 17 de L\u00a0\u00bbamour est dans le pr\u00e9, ont accueilli&hellip;\n","protected":false},"author":2,"featured_media":543646,"comment_status":"","ping_status":"","sticky":false,"template":"","format":"standard","meta":{"footnotes":""},"categories":[8],"tags":[548,58,59,1011,27,9307],"class_list":{"0":"post-543645","1":"post","2":"type-post","3":"status-publish","4":"format-standard","5":"has-post-thumbnail","7":"category-divertissement","8":"tag-article-simple","9":"tag-divertissement","10":"tag-entertainment","11":"tag-fr","12":"tag-france","13":"tag-lamour-est-dans-le-pre"},"share_on_mastodon":{"url":"https:\/\/pubeurope.com\/@fr\/115573704889178934","error":""},"_links":{"self":[{"href":"https:\/\/www.europesays.com\/fr\/wp-json\/wp\/v2\/posts\/543645","targetHints":{"allow":["GET"]}}],"collection":[{"href":"https:\/\/www.europesays.com\/fr\/wp-json\/wp\/v2\/posts"}],"about":[{"href":"https:\/\/www.europesays.com\/fr\/wp-json\/wp\/v2\/types\/post"}],"author":[{"embeddable":true,"href":"https:\/\/www.europesays.com\/fr\/wp-json\/wp\/v2\/users\/2"}],"replies":[{"embeddable":true,"href":"https:\/\/www.europesays.com\/fr\/wp-json\/wp\/v2\/comments?post=543645"}],"version-history":[{"count":0,"href":"https:\/\/www.europesays.com\/fr\/wp-json\/wp\/v2\/posts\/543645\/revisions"}],"wp:featuredmedia":[{"embeddable":true,"href":"https:\/\/www.europesays.com\/fr\/wp-json\/wp\/v2\/media\/543646"}],"wp:attachment":[{"href":"https:\/\/www.europesays.com\/fr\/wp-json\/wp\/v2\/media?parent=543645"}],"wp:term":[{"taxonomy":"category","embeddable":true,"href":"https:\/\/www.europesays.com\/fr\/wp-json\/wp\/v2\/categories?post=543645"},{"taxonomy":"post_tag","embeddable":true,"href":"https:\/\/www.europesays.com\/fr\/wp-json\/wp\/v2\/tags?post=543645"}],"curies":[{"name":"wp","href":"https:\/\/api.w.org\/{rel}","templated":true}]}}