{"id":543651,"date":"2025-11-19T01:15:19","date_gmt":"2025-11-19T01:15:19","guid":{"rendered":"https:\/\/www.europesays.com\/fr\/543651\/"},"modified":"2025-11-19T01:15:19","modified_gmt":"2025-11-19T01:15:19","slug":"une-altercation-eclate-dans-la-rue-un-homme-meurt-de-plusieurs-coups-de-couteau","status":"publish","type":"post","link":"https:\/\/www.europesays.com\/fr\/543651\/","title":{"rendered":"Une altercation \u00e9clate dans la rue, un homme meurt de plusieurs coups de couteau"},"content":{"rendered":"<p>Un homme de 29 ans a \u00e9t\u00e9 tu\u00e9 mardi en pleine rue \u00e0 Cusset dans l\u2019<a href=\"https:\/\/www.20minutes.fr\/dossier\/allier\" target=\"_blank\" class=\"c-link c-link--is-underlined\" rel=\"noopener\">Allier<\/a>, victime de plusieurs <a href=\"https:\/\/www.20minutes.fr\/dossier\/coup_de_couteau\" target=\"_blank\" class=\"c-link c-link--is-underlined\" rel=\"noopener\">coups de couteau<\/a> qui ont entra\u00een\u00e9 sa mort quasi imm\u00e9diate.<\/p>\n<p>L\u2019altercation fatale s\u2019est produite vers 15h45, selon les premiers \u00e9l\u00e9ments communiqu\u00e9s par le parquet. La victime a \u00e9t\u00e9 atteinte \u00ab\u00a0\u00e0 plusieurs reprises au thorax\u00a0\u00bb et est d\u00e9c\u00e9d\u00e9e \u00ab\u00a0dans les instants qui ont suivi\u00a0\u00bb, a indiqu\u00e9 la procureure Fran\u00e7oise Mariaux-Audran.<\/p>\n<\/p>\n<p>Cinq personnes interpell\u00e9es et plac\u00e9es en garde \u00e0 vue<\/p>\n<p>Les policiers ont interpell\u00e9 cinq personnes dans le secteur, \u00ab\u00a0dont probablement l\u2019auteur des coups\u00a0\u00bb mortels, a pr\u00e9cis\u00e9 la magistrate. Toutes ont \u00e9t\u00e9 plac\u00e9es en garde \u00e0 vue pour permettre aux enqu\u00eateurs de d\u00e9terminer les circonstances exactes de cette confrontation sur la voie publique.<\/p>\n<p><a href=\"https:\/\/www.20minutes.fr\/dossier\/allier\" target=\"_blank\" class=\"c-link c-btn c-btn--primary\" rel=\"noopener\">Toute l&rsquo;actualit\u00e9 dans l&rsquo;Allier<\/a><\/p>\n<p>Le parquet de Cusset a ouvert une <a href=\"https:\/\/www.20minutes.fr\/dossier\/enquete\" target=\"_blank\" class=\"c-link c-link--is-underlined\" rel=\"noopener\">enqu\u00eate<\/a> de flagrance pour \u00ab\u00a0homicide volontaire\u00a0\u00bb, tandis que les investigations se poursuivent afin d\u2019\u00e9tablir le d\u00e9roul\u00e9 pr\u00e9cis des faits et le r\u00f4le de chacun des protagonistes.<\/p>\n","protected":false},"excerpt":{"rendered":"Un homme de 29 ans a \u00e9t\u00e9 tu\u00e9 mardi en pleine rue \u00e0 Cusset dans l\u2019Allier, victime de&hellip;\n","protected":false},"author":2,"featured_media":543652,"comment_status":"","ping_status":"","sticky":false,"template":"","format":"standard","meta":{"footnotes":""},"categories":[4],"tags":[47,11,12148,6733,2430,7623,3983,118,1011,27,2683,12,25,809],"class_list":{"0":"post-543651","1":"post","2":"type-post","3":"status-publish","4":"format-standard","5":"has-post-thumbnail","7":"category-france","8":"tag-actualite","9":"tag-actualites","10":"tag-allier","11":"tag-auvergne","12":"tag-auvergne-rhone-alpes","13":"tag-coup-de-couteau","14":"tag-deces","15":"tag-faits-divers","16":"tag-fr","17":"tag-france","18":"tag-homicide","19":"tag-news","20":"tag-republique-francaise","21":"tag-violence"},"share_on_mastodon":{"url":"https:\/\/pubeurope.com\/@fr\/115573720655022607","error":""},"_links":{"self":[{"href":"https:\/\/www.europesays.com\/fr\/wp-json\/wp\/v2\/posts\/543651","targetHints":{"allow":["GET"]}}],"collection":[{"href":"https:\/\/www.europesays.com\/fr\/wp-json\/wp\/v2\/posts"}],"about":[{"href":"https:\/\/www.europesays.com\/fr\/wp-json\/wp\/v2\/types\/post"}],"author":[{"embeddable":true,"href":"https:\/\/www.europesays.com\/fr\/wp-json\/wp\/v2\/users\/2"}],"replies":[{"embeddable":true,"href":"https:\/\/www.europesays.com\/fr\/wp-json\/wp\/v2\/comments?post=543651"}],"version-history":[{"count":0,"href":"https:\/\/www.europesays.com\/fr\/wp-json\/wp\/v2\/posts\/543651\/revisions"}],"wp:featuredmedia":[{"embeddable":true,"href":"https:\/\/www.europesays.com\/fr\/wp-json\/wp\/v2\/media\/543652"}],"wp:attachment":[{"href":"https:\/\/www.europesays.com\/fr\/wp-json\/wp\/v2\/media?parent=543651"}],"wp:term":[{"taxonomy":"category","embeddable":true,"href":"https:\/\/www.europesays.com\/fr\/wp-json\/wp\/v2\/categories?post=543651"},{"taxonomy":"post_tag","embeddable":true,"href":"https:\/\/www.europesays.com\/fr\/wp-json\/wp\/v2\/tags?post=543651"}],"curies":[{"name":"wp","href":"https:\/\/api.w.org\/{rel}","templated":true}]}}