{"id":543655,"date":"2025-11-19T01:17:14","date_gmt":"2025-11-19T01:17:14","guid":{"rendered":"https:\/\/www.europesays.com\/fr\/543655\/"},"modified":"2025-11-19T01:17:14","modified_gmt":"2025-11-19T01:17:14","slug":"un-coup-sur-la-caboche","status":"publish","type":"post","link":"https:\/\/www.europesays.com\/fr\/543655\/","title":{"rendered":"Un coup sur la caboche"},"content":{"rendered":"<p>                    Par<br \/>\n        <strong><br \/>\n            <a href=\"https:\/\/actu.fr\/auteur\/julien-sournies\" title=\"Consulter tous les articles de Julien Sournies\" target=\"_blank\" rel=\"noopener\">Julien Sournies<\/a><br \/>\n                    <\/strong><\/p>\n<p>        Publi\u00e9 le<\/p>\n<p>            18 nov. 2025 \u00e0 17h07        <\/p>\n<p>Les feux semblaient pourtant quasiment tous aux verts il y a une poign\u00e9e de semaines seulement \u00e0 <a href=\"https:\/\/actu.fr\/saint-etienne\/\" target=\"_blank\" rel=\"noopener\">Saint-\u00c9tienne<\/a>. Alors que plusieurs offres concr\u00e8tes de reprise du site st\u00e9phanois de Novasco (ex-Ascometal), plac\u00e9 en redressement judiciaire au mois d\u2019ao\u00fbt, \u00e9taient initialement sur la table, celles-ci se sont effrit\u00e9es au fil du temps, avant que le tribunal de commerce de Strasbourg ne <a href=\"https:\/\/actu.fr\/auvergne-rhone-alpes\/saint-etienne_42218\/l-usine-de-saint-etienne-en-grand-danger-les-metallos-de-novasco-fixes-sur-leur-sort-lundi_63445745.html\" target=\"_blank\" rel=\"noopener\">scelle finalement son sort ce lundi 17\u00a0novembre<\/a>\u2009: l\u2019usine du Marais, n\u2019ayant pas \u00e9t\u00e9 s\u00e9lectionn\u00e9e dans le projet de reprise de M\u00e9tal Blanc, est d\u00e9sormais plus que jamais <strong>promise \u00e0 la liquidation<\/strong>.<\/p>\n<p>    <a href=\"https:\/\/www.google.com\/maps\/embed?pb=!1m18!1m12!1m3!1d501.9416307618399!2d4.394075365829345!3d45.4600530429993!2m3!1f0!2f0!3f0!3m2!1i1024!2i768!4f13.1!3m3!1m2!1s0x47f5ac74ccc686b9%3A0xe5c7edc1d0bb12a4!2sAscom%C3%A9tal!5e1!3m2!1sfr!2sfr!4v1763479965289!5m2!1sfr!2sfr\" title=\"Ouvrie le lien\" target=\"_blank\" rel=\"noopener\">Cliquez ici pour visualiser le contenu<\/a><\/p>\n<p>\u00ab\u00a0Beaucoup de salari\u00e9s ont pris un sacr\u00e9 coup sur la caboche\u00a0\u00bb<\/p>\n<p class=\" wall-content\">La chambre commerciale du tribunal judiciaire a en effet seulement retenu l\u2019offre du consortium pilot\u00e9 par l\u2019industriel fran\u00e7ais M\u00e9tal Blanc, laquelle cible uniquement l\u2019usine de Leffrinckoucke, pr\u00e8s de Dunkerque (Nord). Avec cette d\u00e9cision, <strong>seuls 145 emplois sur les 696<\/strong> du groupe sont ainsi sauv\u00e9s.<\/p>\n<blockquote class=\"ac-article-quote wall-content\">\n<p>On ressent forc\u00e9ment de la col\u00e8re. Depuis le d\u00e9but, on croyait qu\u2019il y aurait un repreneur puisqu&rsquo;on \u00e9tait quand m\u00eame un site qui fonctionnait bien. En tout cas, beaucoup de salari\u00e9s ont pris un sacr\u00e9 coup sur la caboche.<\/p>\n<p>    <strong>Lo\u00efc Devis<\/strong><br \/>\n        Secr\u00e9taire CFDT du CSE Novasco Le Marais    <\/p><\/blockquote>\n<p class=\" wall-content\">L\u2019autre candidat, l\u2019industriel fran\u00e7ais Europlasma, proposait, lui, de reprendre tous les sites de Novasco, mais au prix de licenciements massifs comme \u00e0 Hagondange, o\u00f9 seuls 75 emplois sur les 434 auraient \u00e9t\u00e9 maintenus. Dans la capitale de la Loire, les pertes auraient \u00e9t\u00e9 certes moins lourdes, avec cinq suppressions de postes sur les 37 existants, mais tout aussi \u201cdommageables\u201d.<\/p>\n<p>Un ultime espoir\u2009?<\/p>\n<p class=\" wall-content\">Outre d\u2019importantes suppressions d\u2019emplois, l\u2019offre d\u2019Europlasma a par ailleurs \u00ab\u2009pr\u00e9sent\u00e9 des faiblesses dans le financement\u2009\u00bb. \u00ab\u2009Quand le repr\u00e9sentant d\u2019Europlasma est pass\u00e9 devant le tribunal la semaine derni\u00e8re, j\u2019ai compris que \u00e7a n\u2019allait pas le faire. <strong>C\u2019\u00e9tait flou, on ne comprenait pas tout<\/strong>. Au final, m\u00eame si on est d\u00e9\u00e7u d\u2019en arriver l\u00e0, on n\u2019\u00e9tait pas plus surpris que \u00e7a. Depuis mercredi dernier, on s\u2019attendait \u00e0 cette d\u00e9cision\u2009\u00bb, poursuit Lo\u00efc Devis.<\/p>\n<p class=\" wall-content\">M\u00eame si la situation ne pr\u00eate pas \u00e0 l\u2019optimisme, certains salari\u00e9s du site st\u00e9phanois s\u2019\u00e9tant \u00ab\u2009compl\u00e8tement arr\u00eat\u00e9s de travailler depuis vendredi\u2009\u00bb, d\u2019autres ne perdent pas enti\u00e8rement espoir. Pour cause\u2009: une \u00e9ventuelle <strong>reprise post-liquidation<\/strong> par un industriel, int\u00e9ress\u00e9 par leur seul site, est encore envisageable.<\/p>\n<p>Votre r\u00e9gion, votre actu !<\/p>\n<p>Recevez chaque jour les infos qui comptent pour vous.<\/p>\n<p>\t<a href=\"https:\/\/actu.fr\/newsletter\" class=\"ac-btn ac-btn--corner ac-btn--medium ac-btn--blue800\" target=\"_blank\" rel=\"noopener\">S&rsquo;incrire<\/a><br \/>\n\u00ab\u2009M\u00eame si le temps presse, on a l\u2019espoir de retrouver un repreneur\u2009\u00bb<\/p>\n<p class=\" wall-content\">Mais le temps presse\u2009: le 1\u1d49\u02b3 d\u00e9cembre, les salari\u00e9s du groupe laiss\u00e9s sur le carreau recevront leur lettre de licenciement. Une offre doit donc \u00eatre formul\u00e9e d\u2019ici \u00e0 cette date avant que la \u00ab\u2009flamme\u2009\u00bb ne s\u2019\u00e9teigne pour de bon.<\/p>\n<p class=\" wall-content\">\u00ab\u2009On n\u2019est pas encore en liquidation judiciaire. On le sera une fois que le consortium de Metal Blanc aura repris le site de Leffrinckoucke. M\u00eame si le temps presse, on a l\u2019espoir de retrouver un repreneur. Nous travaillons d\u2019arrache-pied en ce sens avec des repr\u00e9sentants de l\u2019\u00c9tat\u2009\u00bb, explique Lo\u00efc Devis.<\/p>\n<p class=\" wall-content\">Pour m\u00e9moire, Novasco, qui fabrique des aciers sp\u00e9ciaux, notamment pour le secteur automobile, en est \u00e0 son <strong>quatri\u00e8me redressement judiciaire<\/strong> depuis 2014.<\/p>\n<p class=\" wall-content\">Personnalisez votre actualit\u00e9 en ajoutant vos villes et m\u00e9dias en favori avec <a href=\"https:\/\/moncompte.actu.fr\" title=\"D\u00e9couvez Mon Actu\" rel=\"nofollow noopener\" data-trk=\"{&quot;cta&quot;:{&quot;action&quot;:&quot;https:\\\/\\\/moncompte.actu.fr&quot;,&quot;category&quot;:&quot;mon compte&quot;,&quot;from&quot;:&quot;article footer&quot;,&quot;name&quot;:&quot;Mon actu&quot;,&quot;type&quot;:&quot;cta&quot;}}\" target=\"_blank\">Mon Actu<\/a>.<\/p>\n","protected":false},"excerpt":{"rendered":"Par Julien Sournies Publi\u00e9 le 18 nov. 2025 \u00e0 17h07 Les feux semblaient pourtant quasiment tous aux verts&hellip;\n","protected":false},"author":2,"featured_media":539907,"comment_status":"","ping_status":"","sticky":false,"template":"","format":"standard","meta":{"footnotes":""},"categories":[9653],"tags":[1111,11,2430,341,1777,674,1011,27,693,12,25,4001,104],"class_list":{"0":"post-543655","1":"post","2":"type-post","3":"status-publish","4":"format-standard","5":"has-post-thumbnail","7":"category-saint-etienne","8":"tag-actu","9":"tag-actualites","10":"tag-auvergne-rhone-alpes","11":"tag-emploi","12":"tag-eu","13":"tag-europe","14":"tag-fr","15":"tag-france","16":"tag-industrie","17":"tag-news","18":"tag-republique-francaise","19":"tag-saint-etienne","20":"tag-societe"},"share_on_mastodon":{"url":"https:\/\/pubeurope.com\/@fr\/115573728565460285","error":""},"_links":{"self":[{"href":"https:\/\/www.europesays.com\/fr\/wp-json\/wp\/v2\/posts\/543655","targetHints":{"allow":["GET"]}}],"collection":[{"href":"https:\/\/www.europesays.com\/fr\/wp-json\/wp\/v2\/posts"}],"about":[{"href":"https:\/\/www.europesays.com\/fr\/wp-json\/wp\/v2\/types\/post"}],"author":[{"embeddable":true,"href":"https:\/\/www.europesays.com\/fr\/wp-json\/wp\/v2\/users\/2"}],"replies":[{"embeddable":true,"href":"https:\/\/www.europesays.com\/fr\/wp-json\/wp\/v2\/comments?post=543655"}],"version-history":[{"count":0,"href":"https:\/\/www.europesays.com\/fr\/wp-json\/wp\/v2\/posts\/543655\/revisions"}],"wp:featuredmedia":[{"embeddable":true,"href":"https:\/\/www.europesays.com\/fr\/wp-json\/wp\/v2\/media\/539907"}],"wp:attachment":[{"href":"https:\/\/www.europesays.com\/fr\/wp-json\/wp\/v2\/media?parent=543655"}],"wp:term":[{"taxonomy":"category","embeddable":true,"href":"https:\/\/www.europesays.com\/fr\/wp-json\/wp\/v2\/categories?post=543655"},{"taxonomy":"post_tag","embeddable":true,"href":"https:\/\/www.europesays.com\/fr\/wp-json\/wp\/v2\/tags?post=543655"}],"curies":[{"name":"wp","href":"https:\/\/api.w.org\/{rel}","templated":true}]}}