{"id":543662,"date":"2025-11-19T01:22:43","date_gmt":"2025-11-19T01:22:43","guid":{"rendered":"https:\/\/www.europesays.com\/fr\/543662\/"},"modified":"2025-11-19T01:22:43","modified_gmt":"2025-11-19T01:22:43","slug":"la-magie-de-noel-2025-dans-le-var-festivites-marches","status":"publish","type":"post","link":"https:\/\/www.europesays.com\/fr\/543662\/","title":{"rendered":"La magie de No\u00ebl 2025 dans le Var : festivit\u00e9s &#038; march\u00e9s"},"content":{"rendered":"<p dir=\"auto\">Les premiers \u00e9v\u00e9nements festifs pour No\u00ebl sont annonc\u00e9s ! D\u00e9couvrez la s\u00e9lection d\u2019info83 ! March\u00e9s de No\u00ebl, foires aux santons, animations pour les enfants, feux d\u2019artifice\u2026 INFO83 vous souhaite de belles f\u00eates de fin d\u2019ann\u00e9e dans le Var !<\/p>\n<p dir=\"auto\"><strong>N\u2019h\u00e9sitez pas \u00e0 revenir sur cette page, elle sera mise \u00e0 jour r\u00e9guli\u00e8rement.<\/strong><\/p>\n<p>La Garde : No\u00ebl 2025<br \/>\nLes Hivernales \u00e0 La Garde, du 28 novembre au 28 d\u00e9cembre 2025<\/p>\n<p>La Ville de la Garde vous donne rendez-vous au plus beau village de No\u00ebl de Provence !<\/p>\n<p>Lancement des festivit\u00e9s vendredi 28 novembre 2025 \u00e0 18h30<\/p>\n<p>Un mois o\u00f9 la magie de No\u00ebl illumine le centre-ville aux rythmes des parades, concerts et spectacles fabuleux avec acrobates, danseurs, jongleurs, clowns, com\u00e9diens, chanteurs et musiciens\u2026 pour le plus grand plaisirs des petits et des grands ! <strong><a href=\"https:\/\/www.calameo.com\/read\/007606562563f4bf68421\" target=\"_blank\" rel=\"noopener\">Programme complet ici<\/a><\/strong><\/p>\n<p>Horaires d\u2019ouverture : lundi de 14h \u00e0 20h30 \u2013 Mardi, mercredi, jeudi et dimanche de 10h30 \u00e0 20h30 \u2013 Vendredi et samedi de 10h30 \u00e0 22h.<\/p>\n<p><img loading=\"lazy\" decoding=\"async\" class=\"size-full wp-image-56858\" src=\"https:\/\/www.europesays.com\/fr\/wp-content\/uploads\/2025\/11\/les-hivernales-LA-GARDE-2025-info83.jpg\" alt=\"Les sorties dans le Var en novembre et d\u00e9cembre 2025\" width=\"571\" height=\"800\"  \/>Les Hivernales \u00e0 La Garde, du 28 novembre au 28 d\u00e9cembre 2025<br \/>\nOllioules : No\u00ebl 2025<br \/>\nMarch\u00e9 de No\u00ebl des Cr\u00e9ateurs, dimanche 23 novembre \u00e0 Ollioules<\/p>\n<p>Rendez-vous dimanche 23 novembre de 9h \u00e0 17h, place Jean Jaur\u00e8s, pour un March\u00e9 de No\u00ebl des Cr\u00e9ateurs \u00e0 Ollioules.<\/p>\n<p><img loading=\"lazy\" decoding=\"async\" class=\"size-full wp-image-57117\" src=\"https:\/\/www.europesays.com\/fr\/wp-content\/uploads\/2025\/11\/marche-de-noel-des-createurs-2025-ollioules-info83.jpg\" alt=\"No\u00ebl 2025 dans le Var\" width=\"480\" height=\"600\"  \/>March\u00e9 de No\u00ebl des Cr\u00e9ateurs, dimanche 23 novembre \u00e0 Ollioules<\/p>\n<p>Organis\u00e9 par la boutique Creacioun d\u2019Art, ce march\u00e9 mettra \u00e0 l\u2019honneur l\u2019artisanat local\u00a0 : objets de d\u00e9coration, bijoux, cr\u00e9ations textiles, c\u00e9ramiques, gourmandises et bien d\u2019autres id\u00e9es cadeaux pour les f\u00eates de fin d\u2019ann\u00e9e.<\/p>\n<p>Sur place, profitez \u00e9galement d\u2019un espace restauration et de nombreuses animations dans une ambiance chaleureuse et festive.<\/p>\n<p>Parking gratuit \u00e0 proximit\u00e9 pour faciliter l\u2019acc\u00e8s \u00e0 tous.<\/p>\n<p>Ne manquez pas ce rendez-vous incontournable de la magie de No\u00ebl \u00e0 Ollioules !<\/p>\n<p>Foire aux santons et sa cr\u00e8che du 23 novembre 2025 au 28 d\u00e9cembre 2025 \u00e0 Ollioules<br \/>\n<img loading=\"lazy\" decoding=\"async\" class=\"size-full wp-image-56860\" src=\"https:\/\/www.europesays.com\/fr\/wp-content\/uploads\/2025\/11\/Foire-aux-Santons-2025-ollioules-info83.jpg\" alt=\"Les sorties dans le Var en novembre et d\u00e9cembre 2025\" width=\"571\" height=\"800\"  \/>Foire aux santons et sa cr\u00e8che du 23 novembre 2025 au 28 d\u00e9cembre 2025 \u00e0 Ollioules<\/p>\n<p>La Foire aux santons et sa cr\u00e8che reviennent \u00e0 Ollioules du 23 novembre au 28 d\u00e9cembre 2025. La Ville et l\u2019association Ollioules d\u2019abord organisent cette 38\u1d49 \u00e9dition au Vieux Moulin, rue Roger-Salengro. Le public y d\u00e9couvre une exposition-vente de santons, de cr\u00e9ations artisanales et de produits issus des terroirs. L\u2019\u00e9v\u00e9nement ouvre du jeudi au dimanche, de 14 h 30 \u00e0 18 h, sauf le 25 d\u00e9cembre o\u00f9 la foire reste ferm\u00e9e. L\u2019entr\u00e9e et les parkings sont gratuits afin de faciliter l\u2019acc\u00e8s aux visiteurs.<\/p>\n<p>March\u00e9 de No\u00ebl en Corse, les 29 et 30 novembre 2025 \u00e0 Ollioules<\/p>\n<p>En parall\u00e8le, Ollioules accueille son March\u00e9 de No\u00ebl 2025 plac\u00e9 sous le signe de la Corse. Nadine Alessi, conseill\u00e8re municipale d\u00e9l\u00e9gu\u00e9e aux commerces, et Joseph Santiago, artisan reconnu pour ses beignets corses, sont les invit\u00e9s d\u2019INFO83. <a href=\"https:\/\/www.info83.fr\/marche-de-noel-corse-a-ollioules-les-29-et-30-novembre-2025\/\" target=\"_blank\" rel=\"noopener\">Interview ici<\/a><\/p>\n<p><img loading=\"lazy\" decoding=\"async\" class=\"size-full wp-image-57097\" src=\"https:\/\/www.europesays.com\/fr\/wp-content\/uploads\/2025\/11\/Marche-de-Noel-en-Corse-2025-info83.jpg\" alt=\"March\u00e9 de No\u00ebl Corse \u00e0 Ollioules\" width=\"566\" height=\"800\"  \/>D\u00e9couvrez le March\u00e9 de No\u00ebl en Corse \u00e0 Ollioules les samedi 29 et dimanche 30 novembre 2025. Produits corses, concerts, animations et ambiance chaleureuse au c\u0153ur de la ville.<\/p>\n<p>Le March\u00e9 de No\u00ebl s\u2019installe place Jean-Jaur\u00e8s les 29 et 30 novembre, avec produits corses, animations musicales et restauration. Les horaires annonc\u00e9s vont de 10 h \u00e0 22 h le samedi et de 10 h \u00e0 17 h le dimanche.<\/p>\n<p>Boom de No\u00ebl, samedi 13 d\u00e9cembre 2025 \u00e0 Ollioules<\/p>\n<p>La Ville d\u2019Ollioules organise une Boom de No\u00ebl, place Jean-Jaur\u00e8s.<br \/>Au programme : Dj, chasse au tr\u00e9sor, ateleirs cr\u00e9atifs, maquillage, chocolats et vins chauds, arriv\u00e9e du P\u00e8re No\u00ebl. Venez avec votre plus beau pull de No\u00ebl !<\/p>\n<p><img loading=\"lazy\" decoding=\"async\" class=\"size-full wp-image-57115\" src=\"https:\/\/www.europesays.com\/fr\/wp-content\/uploads\/2025\/11\/Boom-de-noel-2025-ollioules-info83.jpg\" alt=\"No\u00ebl 2025 dans le Var\" width=\"566\" height=\"800\"  \/>Boom de No\u00ebl, samedi 13 d\u00e9cembre 2025 \u00e0 Ollioules<br \/>\nJoyeux No\u00ebl \u00e0 La Seyne-sur-mer, du 13 au 28 d\u00e9cembre 2025<\/p>\n<p>Village de No\u00ebl en centre-ville : Espace gourmand, patinoire, parades, carrousel, march\u00e9s, animations, salon du vin\u2026<\/p>\n<p><img loading=\"lazy\" decoding=\"async\" class=\"size-full wp-image-57122\" src=\"https:\/\/www.europesays.com\/fr\/wp-content\/uploads\/2025\/11\/NOEL-2025-DANS-LE-VAR-LA-SEYNE-INFO83.jpg\" alt=\"No\u00ebl 2025 dans le Var\" width=\"1074\" height=\"800\"  \/>Joyeux No\u00ebl \u00e0 La Seyne-sur-mer, du 13 au 28 d\u00e9cembre 2025<br \/>\nLes festivit\u00e9s de No\u00ebl \u00e0 Toulon<br \/>\n<img loading=\"lazy\" decoding=\"async\" class=\"size-full wp-image-56523\" src=\"https:\/\/www.europesays.com\/fr\/wp-content\/uploads\/2025\/11\/entraide-marine-marche-brocante-2025-info83.jpg\" alt=\"brocante 2025\" width=\"572\" height=\"800\"  \/>March\u00e9 de l\u2019Entraide Marine ADOSM Vendredi 21 novembre 2025 et Samedi 22 novembre 2025 \u00e0 Toulon<br \/>\nMarch\u00e9 de l\u2019Entraide, les 21 et 22 novembre 2025 \u00e0 Toulon<\/p>\n<p>Venez partager un moment de convivialit\u00e9. Bar \u00e0 huitres, salon de th\u00e9, animations pour les enfants et participation du Bagad de Saint-Mandrier.<br \/>Souvenirs, livres et objets Marine, brocante, santons, mode, d\u00e9dicaces d\u2019\u00e9crivains, vins, fleurs, d\u00e9coration, \u00e9picerie fine\u2026<\/p>\n<p>Vendredi 21 novembre 2025 de 9h30 \u00e0 18h.<br \/>Samedi 22 novembre de 10h \u00e0 18h.<br \/>Avenue Amiral Aube \u00e0 Toulon<br \/>Entr\u00e9e libre et parking gratuit.<br \/>Organis\u00e9 par l\u2019Association Entraide Marine \u2013 ADOSM<br \/><a href=\"https:\/\/www.entraidemarine.org\/\" target=\"_blank\" rel=\"noopener\">Site internet de l\u2019association<\/a><\/p>\n<p>La Ville de Toulon : des f\u00eates de fin d\u2019ann\u00e9e enchanteresses<\/p>\n<p>No\u00ebl 2025 \u00e0 Toulon, du 21 novembre 2025 au 4 janvier 2026. La ville se pare de ses plus beaux atours et illuminations pour offrir \u00e0 ses habitants et aux visiteurs un No\u00ebl enchant\u00e9.<br \/>Au programme : les animations en centre-ville et dans les quartiers, jusqu\u2019au 24 d\u00e9cembre 2025. Elles se poursuivront jusqu\u2019\u00e0 d\u00e9but\u00a0 janvier 2026.<br \/><strong>La place de la Libert\u00e9. <\/strong>March\u00e9 de No\u00ebl f\u00e9erique et sa for\u00eat enchant\u00e9e.<br \/>Chalets, tables conviviales, chalet du P\u00e8re No\u00ebl, man\u00e8ges.<br \/>La traditionnelle cr\u00e8che anim\u00e9e avec de nouveaux santons et d\u00e9cors<br \/>Quelques nouveaut\u00e9s dont un spectacle d\u2019eau et de lumi\u00e8re dans la fontaine de la F\u00e9d\u00e9ration.<br \/><strong>La place d\u2019Armes. <\/strong>Un v\u00e9ritable village des enfants avec patinoire, man\u00e8ges et chalets.<br \/><strong>La place du th\u00e9\u00e2tre.<\/strong> Sapin g\u00e9ant et illuminations<br \/>Un programme des festivit\u00e9s \u00e9labor\u00e9 par la Ville de Toulon pour apporter du r\u00eave et de la magie \u00e0 tous !<\/p>\n<p>No\u00ebl \u00e0 La Valette-du-Var<br \/>\nFoire aux Santons, \u00e0 La Valette, du 15 novembre 2025 au 15 d\u00e9cembre 2025<\/p>\n<p>Foire aux Santons \u00e0 La Valette-du-Var, Salle Le Lavoir.<br \/>V\u00e9ritable tradition proven\u00e7ale, venez d\u00e9couvrir le savoir-faire des santonniers !<\/p>\n<p><img loading=\"lazy\" decoding=\"async\" class=\"size-full wp-image-57151\" src=\"https:\/\/www.europesays.com\/fr\/wp-content\/uploads\/2025\/11\/Foire-aux-santons-2025-la-valette-info83.jpg\" alt=\"No\u00ebl 2025 dans le Var\" width=\"760\" height=\"500\"  \/>Foire aux Santons, \u00e0 La Valette, du 15 novembre 2025 au 15 d\u00e9cembre 2025<\/p>\n<p>Horaires d\u2019ouverture :<br \/>Lundi : 9h \u00e0 12h30<br \/>Du mardi au vendredi : 14h \u00e0 18h<br \/>Samedi et dimanche : 10h \u00e0 12h30 et 14h \u00e0 18h<br \/>S\u00e9ances de d\u00e9dicaces :<br \/>Dimanche 16 novembre \u00e0 15h \u2013 <a href=\"http:\/\/www.evelyne-maushart.e-monsite.com\" target=\"_blank\" rel=\"noopener\">Evelyne Maushart<\/a><br \/>Toulon des origines \u00e0 nos jours \u2013 La vie quotidienne \u00e0 Toulon 1935 \u2013 1945<br \/>Dimanche 30 novembre \u00e0 11h \u2013 <a href=\"http:\/\/www.yvespujol.com\" target=\"_blank\" rel=\"noopener\">Yves Pujol<\/a><br \/>Parlez-vous le sud ? Tome 1 \u2013 2 et 3<\/p>\n<p>Renseignements : 06 19 30 93 58<br \/>La Respelido Valetenco<br \/>04 94 91 63 22<br \/>respelido.valetenco@orange.fr<\/p>\n<p>\u00a0<\/p>\n<p>\u00a0<\/p>\n<p><strong>A voir aussi :<\/strong><\/p>\n<p><strong><img decoding=\"async\" class=\"emoji\" role=\"img\" draggable=\"false\" src=\"https:\/\/s.w.org\/images\/core\/emoji\/13.1.0\/svg\/1f538.svg\" alt=\"\ud83d\udd38\" data-pin-no-hover=\"true\"\/>Info83, le Var proche de vous<br \/><\/strong><\/p>\n<p><img decoding=\"async\" class=\"emoji\" role=\"img\" draggable=\"false\" src=\"https:\/\/s.w.org\/images\/core\/emoji\/13.1.0\/svg\/27a1.svg\" alt=\"\u27a1\ufe0f\" data-pin-no-hover=\"true\"\/>\u00a0<a href=\"https:\/\/bit.ly\/2OZZMMK\" target=\"_blank\" rel=\"noopener noreferrer\">Facebook Info83<\/a><\/p>\n<p><img decoding=\"async\" class=\"emoji\" role=\"img\" draggable=\"false\" src=\"https:\/\/s.w.org\/images\/core\/emoji\/13.1.0\/svg\/27a1.svg\" alt=\"\u27a1\ufe0f\" data-pin-no-hover=\"true\"\/>\u00a0<a href=\"https:\/\/bit.ly\/2ONkTC9\" target=\"_blank\" rel=\"noopener noreferrer\">Youtube Info83<\/a><\/p>\n<p>\u00a0<\/p>\n","protected":false},"excerpt":{"rendered":"Les premiers \u00e9v\u00e9nements festifs pour No\u00ebl sont annonc\u00e9s ! D\u00e9couvrez la s\u00e9lection d\u2019info83 ! March\u00e9s de No\u00ebl, foires&hellip;\n","protected":false},"author":2,"featured_media":543663,"comment_status":"","ping_status":"","sticky":false,"template":"","format":"standard","meta":{"footnotes":""},"categories":[9619],"tags":[12281,1111,11,66173,66174,27374,66175,29046,66176,66177,66178,66179,66180,1777,674,66181,66182,62974,66183,65079,1011,27,66184,66185,66186,66187,20778,66188,12,66189,66190,66191,882,25,611,66192,66193,2310,66194,66195],"class_list":{"0":"post-543662","1":"post","2":"type-post","3":"status-publish","4":"format-standard","5":"has-post-thumbnail","7":"category-toulon","8":"tag-activites-familiales","9":"tag-actu","10":"tag-actualites","11":"tag-ambiance-festive","12":"tag-ambiance-hivernale","13":"tag-animations-enfants","14":"tag-animations-gratuites","15":"tag-artisanat-local","16":"tag-ateliers-enfants","17":"tag-calendrier-des-fetes","18":"tag-concerts-de-noel","19":"tag-creches-provencales","20":"tag-decorations-de-noel","21":"tag-eu","22":"tag-europe","23":"tag-evenements-var","24":"tag-festivites-locales","25":"tag-fetes-de-noel","26":"tag-feux-dartifice-var","27":"tag-foire-aux-santons","28":"tag-fr","29":"tag-france","30":"tag-gastronomie-festive","31":"tag-idees-week-end","32":"tag-illuminations-var","33":"tag-magie-de-noel","34":"tag-marche-artisanal","35":"tag-marches-de-noel-var","36":"tag-news","37":"tag-noel-2025-var","38":"tag-photos-avec-le-pere-noel","39":"tag-produits-artisanaux","40":"tag-provence-alpes-cote-dazur","41":"tag-republique-francaise","42":"tag-sorties-famille","43":"tag-spectacles-noel","44":"tag-stands-gourmands","45":"tag-toulon","46":"tag-traditions-provencales","47":"tag-villages-de-noel"},"share_on_mastodon":{"url":"","error":"Validation failed: Text character limit of 500 exceeded"},"_links":{"self":[{"href":"https:\/\/www.europesays.com\/fr\/wp-json\/wp\/v2\/posts\/543662","targetHints":{"allow":["GET"]}}],"collection":[{"href":"https:\/\/www.europesays.com\/fr\/wp-json\/wp\/v2\/posts"}],"about":[{"href":"https:\/\/www.europesays.com\/fr\/wp-json\/wp\/v2\/types\/post"}],"author":[{"embeddable":true,"href":"https:\/\/www.europesays.com\/fr\/wp-json\/wp\/v2\/users\/2"}],"replies":[{"embeddable":true,"href":"https:\/\/www.europesays.com\/fr\/wp-json\/wp\/v2\/comments?post=543662"}],"version-history":[{"count":0,"href":"https:\/\/www.europesays.com\/fr\/wp-json\/wp\/v2\/posts\/543662\/revisions"}],"wp:featuredmedia":[{"embeddable":true,"href":"https:\/\/www.europesays.com\/fr\/wp-json\/wp\/v2\/media\/543663"}],"wp:attachment":[{"href":"https:\/\/www.europesays.com\/fr\/wp-json\/wp\/v2\/media?parent=543662"}],"wp:term":[{"taxonomy":"category","embeddable":true,"href":"https:\/\/www.europesays.com\/fr\/wp-json\/wp\/v2\/categories?post=543662"},{"taxonomy":"post_tag","embeddable":true,"href":"https:\/\/www.europesays.com\/fr\/wp-json\/wp\/v2\/tags?post=543662"}],"curies":[{"name":"wp","href":"https:\/\/api.w.org\/{rel}","templated":true}]}}