{"id":543664,"date":"2025-11-19T01:24:25","date_gmt":"2025-11-19T01:24:25","guid":{"rendered":"https:\/\/www.europesays.com\/fr\/543664\/"},"modified":"2025-11-19T01:24:25","modified_gmt":"2025-11-19T01:24:25","slug":"fin-de-cavale-pour-un-automobiliste-mais-que-sest-il-passe-avant-sa-fuite","status":"publish","type":"post","link":"https:\/\/www.europesays.com\/fr\/543664\/","title":{"rendered":"fin de cavale pour un automobiliste, mais que s\u2019est-il pass\u00e9 avant sa fuite\u00a0?"},"content":{"rendered":"<p>                    Par<br \/>\n        <strong><br \/>\n            <a href=\"https:\/\/actu.fr\/auteur\/metropoop\" title=\"Consulter tous les articles de R\u00e9daction M\u00e9tropolitain\" rel=\"nofollow noopener\" target=\"_blank\">R\u00e9daction M\u00e9tropolitain<\/a><br \/>\n                    <\/strong><\/p>\n<p>        Publi\u00e9 le<\/p>\n<p>            18 nov. 2025 \u00e0 17h56        <\/p>\n<p><strong>Les policiers nationaux<\/strong> ont interpell\u00e9 ce mardi 18 novembre 2025 <strong>un homme de 21 ans<\/strong>. Il a \u00e9t\u00e9 entendu dans le cadre de <strong>l\u2019enqu\u00eate ouverte apr\u00e8s un accident<\/strong> survenu samedi matin. Les enqu\u00eateurs le <strong>soup\u00e7onnent d\u2019\u00eatre <\/strong><a href=\"https:\/\/actu.fr\/occitanie\/montpellier_34172\/montpellier-le-conducteur-d-un-scooter-blesse-le-chauffard-abandonne-sa-voiture-et-s-enfuit-a-pied_63441954.html\" rel=\"nofollow noopener\" target=\"_blank\"><strong>le conducteur<\/strong> qui a percut\u00e9 un scoot\u00e9riste de 28 ans.<\/a><\/p>\n<p>Un choc soudain au petit matin<\/p>\n<p class=\" wall-content\">Le drame s\u2019est produit ce 15 novembre vers 6h30. Le scoot\u00e9riste circulait entre le rond-point des Pr\u00e9s d\u2019Ar\u00e8nes et le rond-point Paul-Louis Bret. La victime avan\u00e7ait sans difficult\u00e9 lorsqu\u2019une Renault Clio a brusquement d\u00e9vi\u00e9 de sa trajectoire et a heurt\u00e9 le deux-roues.<\/p>\n<p>    <a href=\"https:\/\/www.google.com\/maps\/embed?pb=!1m18!1m12!1m3!1d23119.125339846523!2d3.8502399999999994!3d43.587993600000004!2m3!1f0!2f0!3f0!3m2!1i1024!2i768!4f13.1!3m3!1m2!1s0x12b6afeb6934cbfb%3A0x4482359e3b87883a!2sRdpt%20des%20Pr%C3%A9s%20d%27Ar%C3%A8nes%2C%2034000%20Montpellier!5e0!3m2!1sfr!2sfr!4v1763484610612!5m2!1sfr!2sfr\" title=\"Ouvrie le lien\" rel=\"nofollow noopener\" target=\"_blank\">Cliquez ici pour visualiser le contenu<\/a><\/p>\n<p class=\" wall-content\">Le choc a projet\u00e9 le scoot\u00e9riste au sol au niveau du 136 de la rue Montels-l\u2019\u00c9glise. Il souffrait d\u2019une fracture \u00e0 la jambe gauche. Les sapeurs-pompiers de l\u2019H\u00e9rault l\u2019ont pris en charge et \u00e9vacu\u00e9 vers l\u2019h\u00f4pital Lapeyronie. Le conducteur de la Clio a stopp\u00e9 sa voiture quelques m\u00e8tres plus loin. Il a ensuite abandonn\u00e9 le v\u00e9hicule et s\u2019est enfui \u00e0 pied.<\/p>\n<p class=\" wall-content\">Personnalisez votre actualit\u00e9 en ajoutant vos villes et m\u00e9dias en favori avec <a href=\"https:\/\/moncompte.actu.fr\" title=\"D\u00e9couvez Mon Actu\" rel=\"nofollow noopener\" data-trk=\"{&quot;cta&quot;:{&quot;action&quot;:&quot;https:\\\/\\\/moncompte.actu.fr&quot;,&quot;category&quot;:&quot;mon compte&quot;,&quot;from&quot;:&quot;article footer&quot;,&quot;name&quot;:&quot;Mon actu&quot;,&quot;type&quot;:&quot;cta&quot;}}\" target=\"_blank\">Mon Actu<\/a>.<\/p>\n","protected":false},"excerpt":{"rendered":"Par R\u00e9daction M\u00e9tropolitain Publi\u00e9 le 18 nov. 2025 \u00e0 17h56 Les policiers nationaux ont interpell\u00e9 ce mardi 18&hellip;\n","protected":false},"author":2,"featured_media":543665,"comment_status":"","ping_status":"","sticky":false,"template":"","format":"standard","meta":{"footnotes":""},"categories":[9599],"tags":[119,1111,11,15154,1777,674,118,1011,27,2208,12,2680,1072,25],"class_list":{"0":"post-543664","1":"post","2":"type-post","3":"status-publish","4":"format-standard","5":"has-post-thumbnail","7":"category-montpellier","8":"tag-accident","9":"tag-actu","10":"tag-actualites","11":"tag-chu-de-montpellier","12":"tag-eu","13":"tag-europe","14":"tag-faits-divers","15":"tag-fr","16":"tag-france","17":"tag-montpellier","18":"tag-news","19":"tag-occitanie","20":"tag-police","21":"tag-republique-francaise"},"share_on_mastodon":{"url":"https:\/\/pubeurope.com\/@fr\/115573756733305880","error":""},"_links":{"self":[{"href":"https:\/\/www.europesays.com\/fr\/wp-json\/wp\/v2\/posts\/543664","targetHints":{"allow":["GET"]}}],"collection":[{"href":"https:\/\/www.europesays.com\/fr\/wp-json\/wp\/v2\/posts"}],"about":[{"href":"https:\/\/www.europesays.com\/fr\/wp-json\/wp\/v2\/types\/post"}],"author":[{"embeddable":true,"href":"https:\/\/www.europesays.com\/fr\/wp-json\/wp\/v2\/users\/2"}],"replies":[{"embeddable":true,"href":"https:\/\/www.europesays.com\/fr\/wp-json\/wp\/v2\/comments?post=543664"}],"version-history":[{"count":0,"href":"https:\/\/www.europesays.com\/fr\/wp-json\/wp\/v2\/posts\/543664\/revisions"}],"wp:featuredmedia":[{"embeddable":true,"href":"https:\/\/www.europesays.com\/fr\/wp-json\/wp\/v2\/media\/543665"}],"wp:attachment":[{"href":"https:\/\/www.europesays.com\/fr\/wp-json\/wp\/v2\/media?parent=543664"}],"wp:term":[{"taxonomy":"category","embeddable":true,"href":"https:\/\/www.europesays.com\/fr\/wp-json\/wp\/v2\/categories?post=543664"},{"taxonomy":"post_tag","embeddable":true,"href":"https:\/\/www.europesays.com\/fr\/wp-json\/wp\/v2\/tags?post=543664"}],"curies":[{"name":"wp","href":"https:\/\/api.w.org\/{rel}","templated":true}]}}