{"id":543668,"date":"2025-11-19T01:27:26","date_gmt":"2025-11-19T01:27:26","guid":{"rendered":"https:\/\/www.europesays.com\/fr\/543668\/"},"modified":"2025-11-19T01:27:26","modified_gmt":"2025-11-19T01:27:26","slug":"equiseine-rendez-vous-incontournable-pour-les-fans-dequitation","status":"publish","type":"post","link":"https:\/\/www.europesays.com\/fr\/543668\/","title":{"rendered":"Equiseine, rendez-vous incontournable pour les fans d&rsquo;\u00e9quitation"},"content":{"rendered":"\n<p>         Publi\u00e9 le\u00a0:\u00a0       <\/p>\n<p>Mardi 18 novembre 2025 &#8211; 16h02<\/p>\n<p>         Th\u00e8me d\u2019actualit\u00e9\u00a0:\u00a0       <\/p>\n<p>                            <img loading=\"lazy\" decoding=\"async\" typeof=\"foaf:Image\" src=\"https:\/\/www.europesays.com\/fr\/wp-content\/uploads\/2025\/11\/equiseine.jpeg\" width=\"427\" height=\"640\" alt=\"Affiche \u00e9v\u00e9nement\" title=\"Affiche \u00e9v\u00e9nement\"\/>                          <\/p>\n<p>Du 20 et 23 novembre 2025, rendez vous au Parc des Expositions de Rouen pour la 25e \u00e9dition d\u2019Equiseine pour un grand spectacle autour de l\u2019\u00e9lite du saut d\u2019obstacles.<\/p>\n<p>Pendant quatre jours, le Parc des Expositions va accueillir les meilleurs cavaliers ainsi que leurs montures sur plusieurs \u00e9preuves. Une vente aux ench\u00e8res de poulains aura \u00e9galement lieu le dimanche 23 novembre au profil des\u00a0Chiens Guides d\u2019aveugle du centre Paul Cortecille.<\/p>\n<p>Mais ce n\u2019est pas tout puisque le salon des m\u00e9tiers du cheval et de la fili\u00e8re \u00e9quine sera \u00e9galement install\u00e9 dans le Hall 5. De nombreux professionnels pourront r\u00e9pondre aux questions de celles et ceux qui veulent travailler dans le monde \u00e9quin.<\/p>\n<p>Informations pratiquesEquiseine<\/p>\n<p>Du 20 au 23 novembre 2025<\/p>\n<p>Parc des expositions<\/p>\n<p><a href=\"http:\/\/equiseine.fr\" class=\"elf-external elf-icon\" rel=\"nofollow noopener\" target=\"_blank\">Plus de renseignements sur equiseine.fr<\/a><\/p>\n","protected":false},"excerpt":{"rendered":"Publi\u00e9 le\u00a0:\u00a0 Mardi 18 novembre 2025 &#8211; 16h02 Th\u00e8me d\u2019actualit\u00e9\u00a0:\u00a0 Du 20 et 23 novembre 2025, rendez vous&hellip;\n","protected":false},"author":2,"featured_media":543669,"comment_status":"","ping_status":"","sticky":false,"template":"","format":"standard","meta":{"footnotes":""},"categories":[9587],"tags":[1111,11,1777,674,1011,27,12,5161,25,9590],"class_list":{"0":"post-543668","1":"post","2":"type-post","3":"status-publish","4":"format-standard","5":"has-post-thumbnail","7":"category-rouen","8":"tag-actu","9":"tag-actualites","10":"tag-eu","11":"tag-europe","12":"tag-fr","13":"tag-france","14":"tag-news","15":"tag-normandie","16":"tag-republique-francaise","17":"tag-rouen"},"share_on_mastodon":{"url":"https:\/\/pubeurope.com\/@fr\/115573768654862277","error":""},"_links":{"self":[{"href":"https:\/\/www.europesays.com\/fr\/wp-json\/wp\/v2\/posts\/543668","targetHints":{"allow":["GET"]}}],"collection":[{"href":"https:\/\/www.europesays.com\/fr\/wp-json\/wp\/v2\/posts"}],"about":[{"href":"https:\/\/www.europesays.com\/fr\/wp-json\/wp\/v2\/types\/post"}],"author":[{"embeddable":true,"href":"https:\/\/www.europesays.com\/fr\/wp-json\/wp\/v2\/users\/2"}],"replies":[{"embeddable":true,"href":"https:\/\/www.europesays.com\/fr\/wp-json\/wp\/v2\/comments?post=543668"}],"version-history":[{"count":0,"href":"https:\/\/www.europesays.com\/fr\/wp-json\/wp\/v2\/posts\/543668\/revisions"}],"wp:featuredmedia":[{"embeddable":true,"href":"https:\/\/www.europesays.com\/fr\/wp-json\/wp\/v2\/media\/543669"}],"wp:attachment":[{"href":"https:\/\/www.europesays.com\/fr\/wp-json\/wp\/v2\/media?parent=543668"}],"wp:term":[{"taxonomy":"category","embeddable":true,"href":"https:\/\/www.europesays.com\/fr\/wp-json\/wp\/v2\/categories?post=543668"},{"taxonomy":"post_tag","embeddable":true,"href":"https:\/\/www.europesays.com\/fr\/wp-json\/wp\/v2\/tags?post=543668"}],"curies":[{"name":"wp","href":"https:\/\/api.w.org\/{rel}","templated":true}]}}