{"id":543673,"date":"2025-11-19T01:31:21","date_gmt":"2025-11-19T01:31:21","guid":{"rendered":"https:\/\/www.europesays.com\/fr\/543673\/"},"modified":"2025-11-19T01:31:21","modified_gmt":"2025-11-19T01:31:21","slug":"cinq-choses-a-savoir-sur-face-a-la-guerre-les-dialogues-europeens-a-rennes-2","status":"publish","type":"post","link":"https:\/\/www.europesays.com\/fr\/543673\/","title":{"rendered":"Cinq choses \u00e0 savoir sur Face \u00e0 la guerre, les Dialogues europ\u00e9ens \u00e0 Rennes"},"content":{"rendered":"<p>Projections de films<\/p>\n<p>Deux films seront projet\u00e9s durant les rencontres Face \u00e0 la guerre, les <a href=\"https:\/\/www.ouest-france.fr\/europe\/debats-europeens\/\" target=\"_blank\" rel=\"noopener\">Dialogues europ\u00e9ens, organis\u00e9es aux Champs libres \u00e0 Rennes\u00a0<\/a>: Ukraine, la guerre ordinaire, d\u2019Olha Zhurba, portrait collectif d\u2019une Ukraine en \u00e9tat de choc avec des habitants fuyant la guerre ou rest\u00e9s vivre sous les bombardements, et Zelensky, r\u00e9alis\u00e9 par Yves Jeuland et Lisa Vapn\u00e9, un r\u00e9cit sur les vies ant\u00e9rieures du pr\u00e9sident ukrainien et ce demi-si\u00e8cle d\u2019histoire ukrainienne qui a conduit au pire.<\/p>\n<p>Apr\u00e8s la guerre, la reconstruction<\/p>\n<p><a href=\"https:\/\/www.ouest-france.fr\/europe\/ukraine\/\" target=\"_blank\" rel=\"noopener\">Apr\u00e8s les nombreux conflits qui touchent actuellement des villes <\/a>et impactent lourdement leurs patrimoines et les populations, Fabien Bellat, historien de l\u2019architecture, Mazen Haidar architecte du patrimoine au Liban, Rita Khalaf architecte et doctorante en Irak et Anna Kirii, architecte, directrice adjointe de la Chambre d\u2019architecture de l\u2019Union nationale des architectes d\u2019Ukraine s\u2019interrogent. Comment appr\u00e9hender la reconstruction des villes\u00a0? Quels sont les enjeux de planification anticip\u00e9e, les actions de protection du patrimoine mat\u00e9riel et immat\u00e9riel\u00a0? Les choix de transformation post-conflit en Ukraine, en Irak et au Liban\u00a0?<\/p>\n<p>Lettres poignantes<\/p>\n<p>Une jeune m\u00e8re de famille, une soldate qui vit ses derni\u00e8res heures, un soldat qui part \u00e0 l\u2019assaut, un autre qui \u00e9crit \u00e0 son amoureuse\u2026 Des b\u00e9n\u00e9voles de l\u2019association Solidarit\u00e9 Bretagne Ukraine vont faire entendre des lettres \u00e9crites par des Ukrainiennes et des Ukrainiens.<\/p>\n<p>Photographier l\u2019Ukraine<\/p>\n<p>Une rencontre est propos\u00e9e avec Guillaume Herbaut. Photographe et journaliste aupr\u00e8s de Paris Match, le Figaro Magazine et Le Monde, il photographie l\u2019Ukraine depuis plus de vingt\u00a0ans. Il a commenc\u00e9 en 2001, \u00e0 Tchernobyl. Puis, tomb\u00e9 amoureux du pays, il n\u2019a cess\u00e9, chaque ann\u00e9e, d\u2019y revenir. Il a assist\u00e9, en premi\u00e8re ligne, aux \u00e9v\u00e9nements qui ont agit\u00e9 le pays\u00a0: de la r\u00e9volution orange en 2004, \u00e0 l\u2019invasion par la Russie en f\u00e9vrier\u00a02022.<\/p>\n<p>Cl\u00f4ture en musique<\/p>\n<p>Les deux pianistes, Renata Lichnovsk\u00e1 et Igor Arda\u0161evovi, interpr\u00e9teront simultan\u00e9ment, sur le m\u00eame instrument, un extrait de l\u2019\u0153uvre la plus c\u00e9l\u00e8bre du compositeur tch\u00e8que Bedrich Smetana, M\u00e1 vlast (Ma patrie), ainsi que plusieurs autres de ses compositions.<\/p>\n<p>\u00a0<\/p>\n","protected":false},"excerpt":{"rendered":"Projections de films Deux films seront projet\u00e9s durant les rencontres Face \u00e0 la guerre, les Dialogues europ\u00e9ens, organis\u00e9es&hellip;\n","protected":false},"author":2,"featured_media":543323,"comment_status":"","ping_status":"","sticky":false,"template":"","format":"standard","meta":{"footnotes":""},"categories":[2821],"tags":[1111,11,829,19938,66132,1777,674,11201,2823,1011,27,1146,12,584,25],"class_list":{"0":"post-543673","1":"post","2":"type-post","3":"status-publish","4":"format-standard","5":"has-post-thumbnail","7":"category-rennes","8":"tag-actu","9":"tag-actualites","10":"tag-bretagne","11":"tag-choses","12":"tag-dialogues","13":"tag-eu","14":"tag-europe","15":"tag-europeens","16":"tag-face","17":"tag-fr","18":"tag-france","19":"tag-guerre","20":"tag-news","21":"tag-rennes","22":"tag-republique-francaise"},"share_on_mastodon":{"url":"https:\/\/pubeurope.com\/@fr\/115573783528988264","error":""},"_links":{"self":[{"href":"https:\/\/www.europesays.com\/fr\/wp-json\/wp\/v2\/posts\/543673","targetHints":{"allow":["GET"]}}],"collection":[{"href":"https:\/\/www.europesays.com\/fr\/wp-json\/wp\/v2\/posts"}],"about":[{"href":"https:\/\/www.europesays.com\/fr\/wp-json\/wp\/v2\/types\/post"}],"author":[{"embeddable":true,"href":"https:\/\/www.europesays.com\/fr\/wp-json\/wp\/v2\/users\/2"}],"replies":[{"embeddable":true,"href":"https:\/\/www.europesays.com\/fr\/wp-json\/wp\/v2\/comments?post=543673"}],"version-history":[{"count":0,"href":"https:\/\/www.europesays.com\/fr\/wp-json\/wp\/v2\/posts\/543673\/revisions"}],"wp:featuredmedia":[{"embeddable":true,"href":"https:\/\/www.europesays.com\/fr\/wp-json\/wp\/v2\/media\/543323"}],"wp:attachment":[{"href":"https:\/\/www.europesays.com\/fr\/wp-json\/wp\/v2\/media?parent=543673"}],"wp:term":[{"taxonomy":"category","embeddable":true,"href":"https:\/\/www.europesays.com\/fr\/wp-json\/wp\/v2\/categories?post=543673"},{"taxonomy":"post_tag","embeddable":true,"href":"https:\/\/www.europesays.com\/fr\/wp-json\/wp\/v2\/tags?post=543673"}],"curies":[{"name":"wp","href":"https:\/\/api.w.org\/{rel}","templated":true}]}}