{"id":543676,"date":"2025-11-19T01:33:21","date_gmt":"2025-11-19T01:33:21","guid":{"rendered":"https:\/\/www.europesays.com\/fr\/543676\/"},"modified":"2025-11-19T01:33:21","modified_gmt":"2025-11-19T01:33:21","slug":"a-strasbourg-3-concerts-caritatifs-vont-nous-faire-danser","status":"publish","type":"post","link":"https:\/\/www.europesays.com\/fr\/543676\/","title":{"rendered":"\u00e0 Strasbourg, 3 concerts caritatifs vont nous faire danser"},"content":{"rendered":"<p>    <img loading=\"lazy\" width=\"1800\" height=\"900\" src=\"https:\/\/www.europesays.com\/fr\/wp-content\/uploads\/2025\/11\/jeanne-callthepolice.jpg\" class=\"attachment-full size-full\" alt=\"\" id=\"imageLove\" decoding=\"async\"  \/><\/p>\n<p id=\"breadcrumbs\"><a href=\"https:\/\/pokaa.fr\/\" target=\"_blank\" rel=\"noopener\">Accueil<\/a> \/ <a href=\"https:\/\/pokaa.fr\/categories\/ses-sorties\/\" target=\"_blank\" rel=\"noopener\">Sorties<\/a> \/ Un jouet = 1 entr\u00e9e gratuite : \u00e0 Strasbourg, 3 concerts caritatifs vont nous faire danser<\/p>\n<p>                    Sorties<\/p>\n<p><b>\u00c0 Strasbourg aussi, \u00ab Les Rockeurs ont du c\u0153ur \u00bb. Le jeudi 27 novembre, des artistes d\u2019ici viendront secouer la P\u00e9niche M\u00e9canique pour une soir\u00e9e caritative unique, en soutien aux Petites Roues. Au programme ? Trois concerts, avec comme prix d\u2019entr\u00e9e : un jouet neuf ou en tr\u00e8s bon \u00e9tat, qui sera ensuite donn\u00e9 \u00e0 un enfant dans le besoin.\u00a0<\/b><\/p>\n<p>D\u2019abord festival de musique nantais,<b> Les Rockeurs ont du c\u0153ur<\/b> ont fait des petits partout en France depuis 1988.<\/p>\n<p>Le principe ? <b>Organiser des concerts caritatifs, avec comme prix d\u2019entr\u00e9e : un jouet <\/b>neuf ou en tr\u00e8s bon \u00e9tat. Des jouets qui seront par la suite <b>offerts \u00e0 des enfants d\u00e9favoris\u00e9(e)s ou malades<\/b>, au moyen d\u2019associations locales.<\/p>\n<p>    <img width=\"800\" height=\"600\" src=\"https:\/\/www.europesays.com\/fr\/wp-content\/uploads\/2025\/11\/jouets-seconde-main-pokaa-1.jpg\" class=\"attachment-image-size-L size-image-size-L\" alt=\"jouets seconde main pokaa 1\" decoding=\"async\" loading=\"lazy\"  \/>         \u00a9 Pokaa <\/p>\n<p>Et pour la premi\u00e8re fois, Strasbourg s\u2019y met aussi\u00a0! <b>Le jeudi 27 novembre se tiendra, \u00e0 la P\u00e9niche M\u00e9canique, une soir\u00e9e de soutien pour Les Petites Roues<\/b>. Une association <b>qui accompagne des familles \u00e0 la rue et en situation d\u2019extr\u00eame pr\u00e9carit\u00e9<\/b> \u00e0 Strasbourg, depuis 2017, au moyen de nombreuses actions (dispositif d\u2019h\u00e9bergement, distribution alimentaire, kit pour b\u00e9b\u00e9 et fournitures scolaires, accompagnement administratif, intervention sur les campements).<\/p>\n<p>Actuellement, nous dit-on : ce sont pr\u00e8s d\u2019\u00ab\u00a0<b>une centaine d\u2019enfants <\/b>\u00e0 qui la petite structure apporte soutien et r\u00e9confort\u00a0\u00bb. Des missions d\u2019autant plus vitales, avec l\u2019arriv\u00e9e des temp\u00e9ratures hivernales et des f\u00eates.<\/p>\n<p>    <img width=\"800\" height=\"600\" src=\"https:\/\/www.europesays.com\/fr\/wp-content\/uploads\/2025\/11\/carijou-caritas-jouets-seconde-main-strasbourg-bastien-pietronaveimage00010.jpeg\" class=\"attachment-image-size-L size-image-size-L\" alt=\"Carijou Caritas jouets seconde main Strasbourg Bastien Pietronaveimage00010\" decoding=\"async\" loading=\"lazy\"  \/>         \u00a9 Bastien Pietronave \/ Pokaa <\/p>\n<p>Alors pour le 27, et pour <strong>faire plaisir \u00e0 un enfant<\/strong>, transforme-toi en lutin(e) de No\u00ebl. Si l\u2019association re\u00e7oit surtout des peluches et des jouets pour les plus petit(e)s, il manque <strong>de quoi g\u00e2ter aussi les plus grand(e)s, pour les 6-15 ans<\/strong>. Comme des jeux de soci\u00e9t\u00e9 pour jouer en famille, par exemple.<\/p>\n<p>Trois concerts contre un jouet<\/p>\n<p>Pour cette premi\u00e8re soir\u00e9e de soutien \u00e0 Strasbourg (coordonn\u00e9e par le CRMA Bas-Rhin Nord \u2013 centre de ressources des musiques actuelles),<b> trois groupes locaux<\/b> viendront jouer les lutins de No\u00ebl.<\/p>\n<p>Tout d\u2019abord : <b>Caesaria<\/b>, groupe incontournable de la sc\u00e8ne rock fran\u00e7aise qui nous offrira une <b>version acoustique <\/b>de ses titres. Pour un \u00ab acoustic club rock \u00bb,\u00a0qui fera aussi bien chavirer la P\u00e9niche que nos petits c\u0153urs.<\/p>\n<p>                <img width=\"750\" height=\"500\" src=\"https:\/\/www.europesays.com\/fr\/wp-content\/uploads\/2025\/05\/caesaria-david-leveque-pokaa-25-09-24-3-750x500.jpg\" class=\"attachment-gallery size-gallery\" alt=\"10 ans Pokaa \u00e9v\u00e9nement anniversaire Caesaria\" data-full-url=\"https:\/\/pokaa.fr\/wp-content\/uploads\/2024\/09\/30\/caesaria-david-leveque-pokaa-25-09-24-3.jpg\" decoding=\"async\" loading=\"lazy\"  \/>            <\/p>\n<p>                <img width=\"333\" height=\"500\" src=\"https:\/\/www.europesays.com\/fr\/wp-content\/uploads\/2025\/11\/caesaria-david-leveque-pokaa-25-09-24-2-333x500.jpg\" class=\"attachment-gallery size-gallery\" alt=\"10 ans Pokaa \u00e9v\u00e9nement anniversaire Caesaria\" data-full-url=\"https:\/\/pokaa.fr\/wp-content\/uploads\/2024\/09\/30\/caesaria-david-leveque-pokaa-25-09-24-2.jpg\" decoding=\"async\" loading=\"lazy\"  \/>            <\/p>\n<p>                <img width=\"750\" height=\"500\" src=\"https:\/\/www.europesays.com\/fr\/wp-content\/uploads\/2025\/11\/caesaria-david-leveque-pokaa-25-09-24-4-750x500.jpg\" class=\"attachment-gallery size-gallery\" alt=\"10 ans Pokaa \u00e9v\u00e9nement anniversaire Caesaria\" data-full-url=\"https:\/\/pokaa.fr\/wp-content\/uploads\/2024\/09\/30\/caesaria-david-leveque-pokaa-25-09-24-4.jpg\" decoding=\"async\" loading=\"lazy\"  \/>            <\/p>\n<p>                    Caesaria aux 10 ans de Pokaa (2024). \u00a9 David Lev\u00eaque \/ Pokaa<\/p>\n<p>Pour compl\u00e9ter l\u2019affiche\u00a0? <b>Le<\/b><b> \u00ab\u00a0power trio\u00a0\u00bb<\/b><b> Burning Birds<\/b> (desert rock), dont l\u2019univers \u00ab\u00a0oscille entre les paysages arides du Desert Rock et<b> les envol\u00e9es du rock psych\u00e9<\/b>, port\u00e9 par une section rythmique massive et une guitare satur\u00e9e d\u2019effets\u00a0\u00bb.<\/p>\n<p>Un voyage musical qui nous emm\u00e8nera jusqu\u2019aux States, sur les pas du \u00ab\u00a0Dirty Blues, Stoner et Hard Rock\u00a0\u00bb.<\/p>\n<\/p>\n<p>Et enfin, pour faire miauler sec la P\u00e9niche\u00a0: <b>Mad Kitten (indie punk noise)<\/b> qui s\u2019inspire \u00ab\u00a0du bouillonnement cr\u00e9atif de la <b>sc\u00e8ne underground des ann\u00e9es 90<\/b>\u00a0\u00bb de Sonic Youth \u00e0 Bikini Kill. \u00ab\u00a0Du punk avec son esprit, ses convictions et ses rythmes rapides, du garage avec une touche libre, lascive [\u2026]\u00a0\u00bb jusqu\u2019au noise qui crache.<\/p>\n<p><strong>Certes, c\u2019est toi qui ram\u00e8nes un jouet\u2026 Mais \u00e7a ne veut pas dire que tu ne seras pas g\u00e2t\u00e9(e) !<\/strong><\/p>\n<p>            Les Rockeurs ont du c\u0153ur <\/p>\n<p>            Quoi ? <\/p>\n<p>Soir\u00e9e caritative en soutien aux Petites Roues, avec trois concerts (Caesaria, Burning Birds et Mad Kitten)<\/p>\n<p>                Quand ?<\/p>\n<p>Jeudi 27 novembre, d\u00e8s 20h30<\/p>\n<p>            o\u00f9 ?<\/p>\n<p>\u00c0 la P\u00e9niche M\u00e9canique, presqu\u2019\u00eele Andr\u00e9-Malraux, \u00e0 Strasbourg<\/p>\n<p>                Plus d&rsquo;infos ?<\/p>\n<p><a href=\"https:\/\/fb.me\/e\/c5NFUQeAP\" target=\"_blank\" rel=\"noopener\">L\u2019\u00e9v\u00e9nement Facebook<\/a><br \/>Prix d\u2019entr\u00e9e : un jouet<\/p>\n","protected":false},"excerpt":{"rendered":"Accueil \/ Sorties \/ Un jouet = 1 entr\u00e9e gratuite : \u00e0 Strasbourg, 3 concerts caritatifs vont nous&hellip;\n","protected":false},"author":2,"featured_media":543677,"comment_status":"","ping_status":"","sticky":false,"template":"","format":"standard","meta":{"footnotes":""},"categories":[2820],"tags":[1111,11,66214,20817,20166,1697,1777,674,1011,27,775,66215,66216,66217,12,15830,34667,25,640],"class_list":{"0":"post-543676","1":"post","2":"type-post","3":"status-publish","4":"format-standard","5":"has-post-thumbnail","7":"category-strasbourg","8":"tag-actu","9":"tag-actualites","10":"tag-burning-birds","11":"tag-caesaria","12":"tag-caritatif","13":"tag-concert","14":"tag-eu","15":"tag-europe","16":"tag-fr","17":"tag-france","18":"tag-grand-est","19":"tag-les-petites-roues","20":"tag-les-rockeurs-ont-du-coeur","21":"tag-mad-kitten","22":"tag-news","23":"tag-noel","24":"tag-peniche-mecanique","25":"tag-republique-francaise","26":"tag-strasbourg"},"share_on_mastodon":{"url":"https:\/\/pubeurope.com\/@fr\/115573792960885622","error":""},"_links":{"self":[{"href":"https:\/\/www.europesays.com\/fr\/wp-json\/wp\/v2\/posts\/543676","targetHints":{"allow":["GET"]}}],"collection":[{"href":"https:\/\/www.europesays.com\/fr\/wp-json\/wp\/v2\/posts"}],"about":[{"href":"https:\/\/www.europesays.com\/fr\/wp-json\/wp\/v2\/types\/post"}],"author":[{"embeddable":true,"href":"https:\/\/www.europesays.com\/fr\/wp-json\/wp\/v2\/users\/2"}],"replies":[{"embeddable":true,"href":"https:\/\/www.europesays.com\/fr\/wp-json\/wp\/v2\/comments?post=543676"}],"version-history":[{"count":0,"href":"https:\/\/www.europesays.com\/fr\/wp-json\/wp\/v2\/posts\/543676\/revisions"}],"wp:featuredmedia":[{"embeddable":true,"href":"https:\/\/www.europesays.com\/fr\/wp-json\/wp\/v2\/media\/543677"}],"wp:attachment":[{"href":"https:\/\/www.europesays.com\/fr\/wp-json\/wp\/v2\/media?parent=543676"}],"wp:term":[{"taxonomy":"category","embeddable":true,"href":"https:\/\/www.europesays.com\/fr\/wp-json\/wp\/v2\/categories?post=543676"},{"taxonomy":"post_tag","embeddable":true,"href":"https:\/\/www.europesays.com\/fr\/wp-json\/wp\/v2\/tags?post=543676"}],"curies":[{"name":"wp","href":"https:\/\/api.w.org\/{rel}","templated":true}]}}