{"id":543684,"date":"2025-11-19T01:37:16","date_gmt":"2025-11-19T01:37:16","guid":{"rendered":"https:\/\/www.europesays.com\/fr\/543684\/"},"modified":"2025-11-19T01:37:16","modified_gmt":"2025-11-19T01:37:16","slug":"sinscrire-maintenant-pour-un-job-dating-a-nantes-le-9-decembre-2","status":"publish","type":"post","link":"https:\/\/www.europesays.com\/fr\/543684\/","title":{"rendered":"S\u2019inscrire maintenant pour un job dating \u00e0 Nantes le 9\u00a0d\u00e9cembre"},"content":{"rendered":"<p>Les entreprises qui recrutent dans le cadre de ce job dating priv\u00e9 organis\u00e9 sous l\u2019\u00e9gide de Youzful (Cr\u00e9dit agricole) sont issues de secteurs vari\u00e9s\u00a0: immobilier, service \u00e0 la personne, distribution automobile, habitat, textile. Mardi 9\u00a0d\u00e9cembre, de 17\u00a0h\u00a030 \u00e0 20\u00a0h\u00a030, les particuliers ou personnes sans emploi peuvent venir postuler sur plus de trente postes en CDD et CDI propos\u00e9s. Le lieu du job dating est donn\u00e9 lors de l\u2019inscription.<\/p>\n<p>Dix minutes d\u2019entretien<\/p>\n<p>Parmi les offres \u00e0 pourvoir\u00a0: assistant de vie en CDI \u00e0 Nantes, charg\u00e9 de client\u00e8le en CDI \u00e0 Nantes, m\u00e9canicien en CDI \u00e0 Saint-Herblain\u2026 Une fois sur place, le job dating d\u00e9bute avec la pr\u00e9sentation des entreprises pr\u00e9sentes, de leurs postes \u00e0 pourvoir ainsi que des explications concernant les entretiens. Ensuite, il suffit de se munir de son CV pour \u00e9changer pendant dix\u00a0minutes directement avec le recruteur de son choix, une opportunit\u00e9 pas si courante\u2026<\/p>\n<p>Pour rappel, le d\u00e9partement affiche un taux de ch\u00f4mage de 7,6\u00a0% au 2e trimestre 2025 (7,5\u00a0% au niveau national).<\/p>\n<p><strong>Informations pratiques<\/strong>\u00a0: inscriptions obligatoires et liste des postes \u00e0 pourvoir disponible <a href=\"https:\/\/job.wiz.bi\/gYYmW\" target=\"_blank\" rel=\"noopener\">en cliquant ici (<\/a> ou en \u00e9crivant \u00e0 carla@obendy.com. Tel : 06\u00a034\u00a049\u00a073\u00a060<\/p>\n<p>\u00a0<\/p>\n","protected":false},"excerpt":{"rendered":"Les entreprises qui recrutent dans le cadre de ce job dating priv\u00e9 organis\u00e9 sous l\u2019\u00e9gide de Youzful (Cr\u00e9dit&hellip;\n","protected":false},"author":2,"featured_media":543214,"comment_status":"","ping_status":"","sticky":false,"template":"","format":"standard","meta":{"footnotes":""},"categories":[2818],"tags":[5658,1111,11,26369,49832,1777,674,1011,27,66126,1231,43926,766,12,2636,25],"class_list":{"0":"post-543684","1":"post","2":"type-post","3":"status-publish","4":"format-standard","5":"has-post-thumbnail","7":"category-nantes","8":"tag-5658","9":"tag-actu","10":"tag-actualites","11":"tag-dating","12":"tag-decembre","13":"tag-eu","14":"tag-europe","15":"tag-fr","16":"tag-france","17":"tag-inscrire","18":"tag-job","19":"tag-maintenant","20":"tag-nantes","21":"tag-news","22":"tag-pays-de-la-loire","23":"tag-republique-francaise"},"share_on_mastodon":{"url":"https:\/\/pubeurope.com\/@fr\/115573807146400358","error":""},"_links":{"self":[{"href":"https:\/\/www.europesays.com\/fr\/wp-json\/wp\/v2\/posts\/543684","targetHints":{"allow":["GET"]}}],"collection":[{"href":"https:\/\/www.europesays.com\/fr\/wp-json\/wp\/v2\/posts"}],"about":[{"href":"https:\/\/www.europesays.com\/fr\/wp-json\/wp\/v2\/types\/post"}],"author":[{"embeddable":true,"href":"https:\/\/www.europesays.com\/fr\/wp-json\/wp\/v2\/users\/2"}],"replies":[{"embeddable":true,"href":"https:\/\/www.europesays.com\/fr\/wp-json\/wp\/v2\/comments?post=543684"}],"version-history":[{"count":0,"href":"https:\/\/www.europesays.com\/fr\/wp-json\/wp\/v2\/posts\/543684\/revisions"}],"wp:featuredmedia":[{"embeddable":true,"href":"https:\/\/www.europesays.com\/fr\/wp-json\/wp\/v2\/media\/543214"}],"wp:attachment":[{"href":"https:\/\/www.europesays.com\/fr\/wp-json\/wp\/v2\/media?parent=543684"}],"wp:term":[{"taxonomy":"category","embeddable":true,"href":"https:\/\/www.europesays.com\/fr\/wp-json\/wp\/v2\/categories?post=543684"},{"taxonomy":"post_tag","embeddable":true,"href":"https:\/\/www.europesays.com\/fr\/wp-json\/wp\/v2\/tags?post=543684"}],"curies":[{"name":"wp","href":"https:\/\/api.w.org\/{rel}","templated":true}]}}