{"id":543689,"date":"2025-11-19T01:41:13","date_gmt":"2025-11-19T01:41:13","guid":{"rendered":"https:\/\/www.europesays.com\/fr\/543689\/"},"modified":"2025-11-19T01:41:13","modified_gmt":"2025-11-19T01:41:13","slug":"enorme-moisson-de-commandes-pour-le-constructeur-qui-engrange-plus-de-200-engagements-en-un-jour","status":"publish","type":"post","link":"https:\/\/www.europesays.com\/fr\/543689\/","title":{"rendered":"\u00e9norme moisson de commandes pour le constructeur, qui engrange plus de 200 engagements en un jour"},"content":{"rendered":"<p>                    Par<br \/>\n        <strong><br \/>\n            <a href=\"https:\/\/actu.fr\/auteur\/guillaume-laurens\" title=\"Consulter tous les articles de Guillaume Laurens\" rel=\"nofollow noopener\" target=\"_blank\">Guillaume Laurens<\/a><br \/>\n                    <\/strong><\/p>\n<p>        Publi\u00e9 le<\/p>\n<p>            18 nov. 2025 \u00e0 18h46        <\/p>\n<p>Quelques heures apr\u00e8s une premi\u00e8re annonce forte, marqu\u00e9e par\u00a0<a href=\"https:\/\/actu.fr\/occitanie\/toulouse_31555\/une-compagnie-low-cost-100-boeing-bascule-chez-airbus-avec-une-enorme-commande_63451241.html\" rel=\"nofollow noopener\" target=\"_blank\">l\u2019\u00e9norme engagement de flydubai sur <strong>150<\/strong> appareils <\/a>de type A321neo, <strong>Airbus<\/strong> a continu\u00e9 son \u00e9norme <strong>moisson de commandes<\/strong> au deuxi\u00e8me jour du Salon a\u00e9ronautique de Duba\u00ef, ce mardi 18\u00a0novembre 2025. Au total, <strong>quatre signatures<\/strong> ont \u00e9t\u00e9 confirm\u00e9es dans la journ\u00e9e, alors qu\u2019aucune n\u2019avait officiellement \u00e9t\u00e9 engrang\u00e9e la veille. Le point.<\/p>\n<p>Etihad Airways\u2009: commande ferme de 16 A330 et A350 (+ neuf autres en location)<\/p>\n<p class=\" wall-content\">Au salon a\u00e9ronautique de Duba\u00ef, mardi matin, <strong>Etihad Airways<\/strong> a d\u2019abord annonc\u00e9 un important renforcement de sa flotte d\u2019Airbus gros-porteurs, avec une <strong>commande<\/strong> <strong>ferme<\/strong> de <strong>six A330-900.<\/strong> La compagnie bas\u00e9e \u00e0 Abou Dabi (\u00c9mirats arabes unis) devient ainsi le dernier client de l\u2019A330neo.<\/p>\n<p class=\" wall-content\">Etihad a aussi annonc\u00e9 une commande de <strong>sept A350-1000<\/strong> suppl\u00e9mentaires (portant son total \u00e0 27 appareils de ce type) et de <strong>trois A350F<\/strong> (portant son engagement en A350F \u00e0 10 appareils). Par la m\u00eame occasion, la compagnie a rendu publique la location de <strong>neuf A330-900<\/strong> aupr\u00e8s d\u2019Avolon.<\/p>\n<p>flydubai\u2009: protocole d\u2019accord pour 150 A321neo<\/p>\n<p class=\" wall-content\">Peu de temps apr\u00e8s, ce m\u00eame mardi, Airbus a d\u00e9voil\u00e9 la signature d\u2019un <strong>protocole d\u2019accord<\/strong> avec <strong>flydubai<\/strong>, pour l\u2019acquisition de<strong> 150 appareils A321neo<\/strong>. Jusqu\u2019ici 100\u2009% Boeing (avec 99 avions en exploitation et 211 autres en commande chez le grand rival am\u00e9ricain), cette compagnie low cost devient un tout nouveau client de l\u2019avionneur europ\u00e9en.<\/p>\n<p class=\" wall-content\">Cet achat massif du best-seller d\u2019Airbus \u00ab\u2009permettra \u00e0 flydubai de jouer un r\u00f4le cl\u00e9 dans le succ\u00e8s des plans d\u2019expansion de Duba\u00ef World Central, un a\u00e9roport que nous ambitionnons de devenir le plus grand au monde\u2009\u00bb, estime <strong>Cheikh Ahmed bin Saeed Al Maktoum<\/strong>, PDG de cette compagnie des \u00c9mirats.<\/p>\n<p>Vid\u00e9os : en ce moment sur ActuAir Europa\u2009: protocole d\u2019accord pour 40 A350-900<\/p>\n<p class=\" wall-content\">Airbus a ensuite confirm\u00e9 la signature d\u2019un autre contrat tr\u00e8s strat\u00e9gique, avec une compagnie a\u00e9rienne <strong>espagnole<\/strong> cette fois\u2009: <strong>Air Europa<\/strong> s\u2019est en effet engag\u00e9 sur un <strong>protocole d\u2019accord<\/strong> portant sur l\u2019acquisition de <strong>40 appareils A350-900.<\/strong><\/p>\n<p>Votre r\u00e9gion, votre actu !<\/p>\n<p>Recevez chaque jour les infos qui comptent pour vous.<\/p>\n<p>\t<a href=\"https:\/\/actu.fr\/newsletter\" class=\"ac-btn ac-btn--corner ac-btn--medium ac-btn--blue800\" rel=\"nofollow noopener\" target=\"_blank\">S&rsquo;incrire<\/a><\/p>\n<p class=\" wall-content\">Cette commande repr\u00e9sente \u00ab\u2009une \u00e9tape strat\u00e9gique majeure dans le d\u00e9veloppement de la flotte d\u2019Air Europa\u2009\u00bb, pour <strong>Juan Jos\u00e9 Hidalgo<\/strong>, pr\u00e9sident de la compagnie, car \u00ab\u2009l\u2019A350-900 change la donne pour les principales destinations d\u2019Am\u00e9rique latine\u2009\u00bb. Outre son \u00ab\u2009exp\u00e9rience exceptionnelle en cabine\u2009\u00bb, cet a\u00e9ronef offre \u00e0 ses yeux les \u00ab\u2009performances\u2009\u00bb et \u00ab\u2009la rentabilit\u00e9 n\u00e9cessaires \u00e0 l\u2019expansion\u2009\u00bb de son r\u00e9seau.<\/p>\n<p>Ethiopian Airlines\u2009: commande ferme pour six Airbus A350-900<\/p>\n<p class=\" wall-content\">Toujours ce mardi, Airbus a officialis\u00e9 une quatri\u00e8me <strong>commande ferme<\/strong> pass\u00e9e par <strong>Ethiopian Airlines<\/strong> pour un total de\u00a0<strong>six Airbus A350-900,<\/strong> \u00ab\u2009renfor\u00e7ant ainsi sa position de premier client d\u2019A350 en Afrique\u2009\u00bb.<\/p>\n<p class=\" wall-content\">\u00ab\u2009En tant que premi\u00e8re compagnie a\u00e9rienne du continent et principal op\u00e9rateur d\u2019A350, cette commande majeure conforte notre vision d\u2019une croissance durable\u2009\u00bb, a d\u00e9clar\u00e9 <strong>Mesfin Tasew<\/strong>, PDG du groupe Ethiopian Airlines, \u00ab\u2009tout en offrant une exp\u00e9rience de voyage de premier ordre \u00e0 nos passagers et en consolidant notre position de leader de l\u2019aviation en Afrique\u2009\u00bb.<\/p>\n<p>212 avions command\u00e9s (ou en MoU) pour Airbus, contre 15 chez Boeing<\/p>\n<p>Avec un bilan de 22 commandes fermes et 190 protocoles d&rsquo;accord (MoU), Airbus explose la concurrence au salon de l&rsquo;a\u00e9ronautique de Duba\u00ef, ce mardi soir.<br \/>De son c\u00f4t\u00e9, Boeing n&rsquo;a communiqu\u00e9 que sur un seul contrat pass\u00e9 \u00e0 cette heure lors de l&rsquo;\u00e9v\u00e9nement : une commande ferme de 15 Boeing 787 Dreamliners avec des options pour trois autres, pass\u00e9e par la compagnie a\u00e9rienne Gulf Air, bas\u00e9e \u00e0 Bahre\u00efn. Pas de quoi relancer les ventes du g\u00e9ant am\u00e9ricain, qui bat de l&rsquo;aile depuis de longs mois, et est d\u00e9sormais nettement devanc\u00e9 par Airbus.<\/p>\n<p>L\u2019A350 et l\u2019A321neo, deux a\u00e9ronefs qui cartonnent<\/p>\n<p class=\" wall-content\">Con\u00e7u pour parcourir jusqu\u2019\u00e0 18\u2009000 kilom\u00e8tres sans escale, <strong>l\u2019A350<\/strong> est d\u00e9peint par Airbus comme \u00ab\u2009l\u2019avion <strong>gros-porteur le plus moderne<\/strong> au monde\u2009\u00bb. L\u2019unique cha\u00eene d\u2019assemblage se trouve \u00e0 Toulouse, si\u00e8ge mondial de l\u2019avionneur. Fin octobre\u00a02025, la famille A350 avait enregistr\u00e9 plus de<strong> 1\u2009400 commandes<\/strong> aupr\u00e8s de 64 clients dans le monde entier.<\/p>\n<p class=\" wall-content\">Quant \u00e0 l\u2019A321neo, qui fait partie de la famille A320neo, c\u2019est le best-seller d\u2019Airbus, qui \u00ab\u2009int\u00e8gre les derni\u00e8res technologies du march\u00e9\u2009\u00bb. \u00c0 la m\u00eame date, <strong>plus de 7\u2009200 appareils<\/strong> avaient \u00e9t\u00e9 command\u00e9s par pr\u00e8s de 100 clients \u00e0 travers le monde.<\/p>\n<p class=\" wall-content\">Personnalisez votre actualit\u00e9 en ajoutant vos villes et m\u00e9dias en favori avec <a href=\"https:\/\/moncompte.actu.fr\" title=\"D\u00e9couvez Mon Actu\" rel=\"nofollow noopener\" data-trk=\"{&quot;cta&quot;:{&quot;action&quot;:&quot;https:\\\/\\\/moncompte.actu.fr&quot;,&quot;category&quot;:&quot;mon compte&quot;,&quot;from&quot;:&quot;article footer&quot;,&quot;name&quot;:&quot;Mon actu&quot;,&quot;type&quot;:&quot;cta&quot;}}\" target=\"_blank\">Mon Actu<\/a>.<\/p>\n","protected":false},"excerpt":{"rendered":"Par Guillaume Laurens Publi\u00e9 le 18 nov. 2025 \u00e0 18h46 Quelques heures apr\u00e8s une premi\u00e8re annonce forte, marqu\u00e9e&hellip;\n","protected":false},"author":2,"featured_media":543690,"comment_status":"","ping_status":"","sticky":false,"template":"","format":"standard","meta":{"footnotes":""},"categories":[2816],"tags":[1111,11,296,36,33,1777,674,1011,27,12,2680,25,2312],"class_list":{"0":"post-543689","1":"post","2":"type-post","3":"status-publish","4":"format-standard","5":"has-post-thumbnail","7":"category-toulouse","8":"tag-actu","9":"tag-actualites","10":"tag-aeronautique","11":"tag-airbus","12":"tag-economie","13":"tag-eu","14":"tag-europe","15":"tag-fr","16":"tag-france","17":"tag-news","18":"tag-occitanie","19":"tag-republique-francaise","20":"tag-toulouse"},"share_on_mastodon":{"url":"https:\/\/pubeurope.com\/@fr\/115573822807526690","error":""},"_links":{"self":[{"href":"https:\/\/www.europesays.com\/fr\/wp-json\/wp\/v2\/posts\/543689","targetHints":{"allow":["GET"]}}],"collection":[{"href":"https:\/\/www.europesays.com\/fr\/wp-json\/wp\/v2\/posts"}],"about":[{"href":"https:\/\/www.europesays.com\/fr\/wp-json\/wp\/v2\/types\/post"}],"author":[{"embeddable":true,"href":"https:\/\/www.europesays.com\/fr\/wp-json\/wp\/v2\/users\/2"}],"replies":[{"embeddable":true,"href":"https:\/\/www.europesays.com\/fr\/wp-json\/wp\/v2\/comments?post=543689"}],"version-history":[{"count":0,"href":"https:\/\/www.europesays.com\/fr\/wp-json\/wp\/v2\/posts\/543689\/revisions"}],"wp:featuredmedia":[{"embeddable":true,"href":"https:\/\/www.europesays.com\/fr\/wp-json\/wp\/v2\/media\/543690"}],"wp:attachment":[{"href":"https:\/\/www.europesays.com\/fr\/wp-json\/wp\/v2\/media?parent=543689"}],"wp:term":[{"taxonomy":"category","embeddable":true,"href":"https:\/\/www.europesays.com\/fr\/wp-json\/wp\/v2\/categories?post=543689"},{"taxonomy":"post_tag","embeddable":true,"href":"https:\/\/www.europesays.com\/fr\/wp-json\/wp\/v2\/tags?post=543689"}],"curies":[{"name":"wp","href":"https:\/\/api.w.org\/{rel}","templated":true}]}}