{"id":54369,"date":"2025-04-26T12:25:13","date_gmt":"2025-04-26T12:25:13","guid":{"rendered":"https:\/\/www.europesays.com\/fr\/54369\/"},"modified":"2025-04-26T12:25:13","modified_gmt":"2025-04-26T12:25:13","slug":"leurope-veut-attirer-les-universitaires-americains-menaces-de-coupes-budgetaires-par-ladministration-trump","status":"publish","type":"post","link":"https:\/\/www.europesays.com\/fr\/54369\/","title":{"rendered":"L&rsquo;Europe veut attirer les universitaires am\u00e9ricains menac\u00e9s de coupes budg\u00e9taires par l&rsquo;administration Trump"},"content":{"rendered":"<p>Depuis le retour au pouvoir du pr\u00e9sident am\u00e9ricain Donald Trump en janvier, la recherche universitaire a subi plusieurs coupes qui suscitent \u00ab\u00a0beaucoup d&rsquo;inqui\u00e9tude\u00a0\u00bb et poussent certains \u00e0 envisager de s&rsquo;installer en Europe.<\/p>\n<p>Donald Trump s&rsquo;en est pris aux universit\u00e9s de l&rsquo;Ivy League comme<a href=\"https:\/\/www.msn.com\/fr-fr\/actualite\/monde\/%C3%A9tats-unis-ladministration-trump-g%C3%A8le-plus-de-2-milliards-de-dollars-destin%C3%A9es-%C3%A0-harvard\/ar-AA1CXpbA?ocid=BingNewsSerp\" rel=\"nofollow noopener\" target=\"_blank\" data-ylk=\"slk:Harvard;elm:context_link;itc:0;sec:content-canvas\" class=\"link \"> Harvard <\/a>et <a href=\"https:\/\/www.bing.com\/search?q=l%27universit%C3%A9%20de%20Columbia%20%20euronews&amp;qs=n&amp;form=QBRE&amp;sp=-1&amp;lq=0&amp;pq=l%27universit%C3%A9%20columbia%20%20euronews&amp;sc=10-31&amp;sk=&amp;cvid=EC20FE25F39046C6A25258ABCCB2F9A6\" rel=\"nofollow noopener\" target=\"_blank\" data-ylk=\"slk:Columbia;elm:context_link;itc:0;sec:content-canvas\" class=\"link \">Columbia<\/a> en mena\u00e7ant de supprimer plusieurs milliards de dollars de financement f\u00e9d\u00e9ral si elles ne renon\u00e7aient pas aux mesures de diversit\u00e9, d&rsquo;\u00e9quit\u00e9 et d&rsquo;inclusion (DEI) et, dans le cas de Columbia, \u00e0 l&rsquo;\u00e9chec per\u00e7u de la lutte contre l&rsquo;antis\u00e9mitisme sur son campus.<\/p>\n<p>Le pr\u00e9sident am\u00e9ricain a \u00e9galement supprim\u00e9 des subventions de recherche de l&rsquo;Institut national de la sant\u00e9 (NIH), le plus grand fonds national pour la recherche biom\u00e9dicale, selon <a href=\"https:\/\/www.npr.org\/sections\/shots-health-news\/2025\/02\/22\/nx-s1-5305276\/trump-nih-funding-freeze-medical-research\" rel=\"nofollow noopener\" target=\"_blank\" data-ylk=\"slk:NPR;elm:context_link;itc:0;sec:content-canvas\" class=\"link \">NPR<\/a>.<\/p>\n<p>Certaines universit\u00e9s europ\u00e9ennes, telles que l&rsquo;<a href=\"https:\/\/www.univ-amu.fr\/en\/public\/actualites\/safe-place-science-aix-marseille-universite-ready-welcome-american-scientists\" rel=\"nofollow noopener\" target=\"_blank\" data-ylk=\"slk:universit\u00e9;elm:context_link;itc:0;sec:content-canvas\" class=\"link \">universit\u00e9<\/a> fran\u00e7aise <a href=\"https:\/\/www.univ-amu.fr\/en\/public\/actualites\/safe-place-science-aix-marseille-universite-ready-welcome-american-scientists\" rel=\"nofollow noopener\" target=\"_blank\" data-ylk=\"slk:d&#039;;elm:context_link;itc:0;sec:content-canvas\" class=\"link \">d&rsquo;<\/a>Aix-Marseille, <a href=\"https:\/\/www.universite-paris-saclay.fr\/en\/news\/universite-paris-saclay-ready-welcome-american-scientists-alongside-its-french-and-european-counterparts\" rel=\"nofollow noopener\" target=\"_blank\" data-ylk=\"slk:Paris-Saclay;elm:context_link;itc:0;sec:content-canvas\" class=\"link \">Paris-Saclay<\/a> et la <a href=\"https:\/\/press.vub.ac.be\/vub-opens-its-doors-to-censored-american-researchers#:~:text=The%20Vrije%20Universiteit%20Brussel%20(VUB,%2DCurie%20(MSCA)%20program.\" rel=\"nofollow noopener\" target=\"_blank\" data-ylk=\"slk:Vrije Universiteit Brussel;elm:context_link;itc:0;sec:content-canvas\" class=\"link \"><strong>Vrije Universiteit Brussel<\/strong><\/a> en Belgique,** mettent de c\u00f4t\u00e9 des fonds suppl\u00e9mentaires pour les chercheurs am\u00e9ricains. Mais est-ce suffisant pour les inciter \u00e0 apporter leur expertise dans l&rsquo;UE ?<\/p>\n<p>Le salaire, attrait principal pour les universitaires<\/p>\n<p>Reinhilde Veugelers, \u00e9conomiste et professeur \u00e0 l&rsquo;universit\u00e9 belge KU Leuven, explique qu&rsquo;il existe des liens professionnels \u00e9troits entre les chercheurs de l&rsquo;UE et des \u00c9tats-Unis.<\/p>\n<p>\u00ab\u00a0Nous avons des liens tr\u00e8s \u00e9troits avec les Etats-Unis, nous savons donc qui sont les meilleurs dans chaque domaine\u00a0\u00bb, a-t-elle dit.<\/p>\n<p>Ce type de r\u00e9seaux permet aux universit\u00e9s d&rsquo;effectuer une s\u00e9lection efficace afin de trouver les bonnes personnes et les meilleurs talents.<\/p>\n<p>Il y a n\u00e9anmoins des d\u00e9fis \u00e0 relever pour recruter des chercheurs dans l&rsquo;UE.<\/p>\n<p>Le salaire est le principal probl\u00e8me pour les jeunes universitaires dans les universit\u00e9s publiques en Belgique.<\/p>\n<p>Federico Steinberg, analyste principal de l&rsquo;\u00e9conomie et du commerce international \u00e0 l&rsquo;Institut royal Elcano, a expliqu\u00e9 que le salaire \u00e9tait le principal attrait pour les Europ\u00e9ens qui s&rsquo;\u00e9taient pr\u00e9c\u00e9demment install\u00e9s aux \u00c9tats-Unis.<\/p>\n<p>\u00ab\u00a0Traditionnellement, les gens disent qu&rsquo;aux \u00c9tats-Unis, si vous avez la trentaine, la quarantaine, que vous \u00eates au sommet de votre productivit\u00e9, il y a beaucoup plus de ressources aux \u00c9tats-Unis\u00a0\u00bb, a-t-il pr\u00e9cis\u00e9.<\/p>\n<p>\u00ab\u00a0Les universitaires europ\u00e9ens pourraient donc \u00eatre tent\u00e9s s&rsquo;il existe de bons programmes qui peuvent \u00eatre comp\u00e9titifs en offrant un bon package avec des perspectives de carri\u00e8re\u00a0\u00bb.<\/p>\n<p>Un autre facteur qu&rsquo;ils prennent en consid\u00e9ration est d&rsquo;aller l\u00e0 o\u00f9 se trouvent les meilleurs chercheurs dans leur domaine, et, historiquement, c&rsquo;est soit aux \u00c9tats-Unis, soit dans les universit\u00e9s britanniques, a fait savoir Reinhilde Veugelers.<\/p>\n<p>\u00ab\u00a0Cela signifie que le type d&rsquo;institutions qui seront en mesure de recruter, certainement \u00e0 court terme, seront vraiment les meilleurs endroits en Europe, donc les Cambridges, les Oxfords\u00a0\u00bb, a-t-elle ajout\u00e9.<\/p>\n<p>Les universit\u00e9s pourraient envisager d&rsquo;envoyer leurs meilleurs chercheurs \u00e0 l&rsquo;\u00e9tranger, dans ces universit\u00e9s prestigieuses, puis de les \u00ab\u00a0recruter \u00e0 leur retour\u00a0\u00bb afin qu&rsquo;ils aient un \u00ab\u00a0acc\u00e8s indirect\u00a0\u00bb aux r\u00e9seaux de ces \u00e9coles et qu&rsquo;ils restent comp\u00e9titifs,\u00a0\u00bb, a-t-elle pr\u00e9cis\u00e9.<\/p>\n<p>Y a-t-il de l&rsquo;argent pour faire venir des chercheurs dans l&rsquo;UE ?<\/p>\n<p>L&rsquo;un des principaux organismes fournissant aux universit\u00e9s des fonds pour les chercheurs \u00e9trangers est le Conseil europ\u00e9en de la recherche (CER), dont le mandat est d'\u00a0\u00bbencourager la recherche de la plus haute qualit\u00e9 en Europe par le biais d&rsquo;un financement comp\u00e9titif\u00a0\u00bb.<\/p>\n<p>Reinhilde Veugelers a expliqu\u00e9 que les subventions du CER \u00e9taient \u00ab\u00a0un tr\u00e8s bon instrument\u00a0\u00bb pour encourager les chercheurs am\u00e9ricains \u00e0 d\u00e9m\u00e9nager, car le Conseil est \u00ab\u00a0bien connu\u00a0\u00bb dans les milieux universitaires am\u00e9ricains.<\/p>\n<p>Ekaterina Zaharieva, ministre europ\u00e9enne des start-ups, de la recherche et de l&rsquo;innovation, a annonc\u00e9 le <a href=\"https:\/\/x.com\/EZaharievaEU\/status\/1906783702425665936\" rel=\"nofollow noopener\" target=\"_blank\" data-ylk=\"slk:mois;elm:context_link;itc:0;sec:content-canvas\" class=\"link \">mois<\/a> dernier que les subventions du CER seraient doubl\u00e9es pour atteindre 2 millions d&rsquo;euros par chercheur, apr\u00e8s qu&rsquo;une<a href=\"https:\/\/sciencebusiness.net\/sites\/default\/files\/inline-files\/Letter%20to%20Commissioner%20Zaharieva.pdf\" rel=\"nofollow noopener\" target=\"_blank\" data-ylk=\"slk:lettre ouverte;elm:context_link;itc:0;sec:content-canvas\" class=\"link \"> lettre ouverte<\/a> \u00e9manant de 13 gouvernements lui a demand\u00e9 de mettre en place un financement sp\u00e9cifique et un cadre d&rsquo;immigration pour les meilleurs talents cherchant \u00e0 s&rsquo;installer dans l&rsquo;UE, \u00e0 la lumi\u00e8re de la \u00ab\u00a0crise internationale actuelle\u00a0\u00bb.<\/p>\n<p>Un autre programme similaire est celui des actions Marie Sk\u0142odowska-Curie, qui offre des bourses d&rsquo;une dur\u00e9e maximale de deux ans pour soutenir les chercheurs \u00e9trangers en Europe. En f\u00e9vrier, 354,6 <a href=\"https:\/\/marie-sklodowska-curie-actions.ec.europa.eu\/news\/msca-awards-eu417-million-to-postdoctoral-researchers\" rel=\"nofollow noopener\" target=\"_blank\" data-ylk=\"slk:millions d&#039;;elm:context_link;itc:0;sec:content-canvas\" class=\"link \">millions d&rsquo;<\/a>euros de bourses ont \u00e9t\u00e9 accord\u00e9s \u00e0 plus de 1 500 chercheurs non europ\u00e9ens.<\/p>\n<p>Toutefois, Reinhilde Veugelers estime qu&rsquo;une partie de ces fonds individuels devrait \u00eatre affect\u00e9e \u00e0 des bureaux universitaires plut\u00f4t qu&rsquo;\u00e0 des chercheurs individuels, afin de faciliter le recrutement.<\/p>\n<p>J&rsquo;entends beaucoup de discours du type \u00ab\u00a0donnons-leur une subvention et ils viendront\u00a0\u00bb, mais je pense qu&rsquo;il faut r\u00e9fl\u00e9chir de mani\u00e8re plus structurelle \u00e0 la mani\u00e8re dont nous pouvons \u00eatre le meilleur endroit pour attirer les meilleurs talents\u00a0\u00bb, a-t-elle d\u00e9clar\u00e9.<\/p>\n<p>Dans la lettre adress\u00e9e \u00e0 Ekaterina Zaharieva, il est demand\u00e9 de cr\u00e9er une nouvelle voie d&rsquo;immigration pour les chercheurs qui viennent en Europe.<\/p>\n<p>Federico Steinberg estime que cette mesure pourrait inciter les Europ\u00e9ens et les Am\u00e9ricains \u00e0 rester en Europe.<\/p>\n<p>\u00ab\u00a0Les universit\u00e9s proposent des contrats de cinq ans, et apr\u00e8s cela, quoi ? Il s&rsquo;agit donc d&rsquo;une question de continuit\u00e9 et de perspectives de carri\u00e8re\u00a0\u00bb, a-t-il dit.<\/p>\n<p>Reinhilde Veugelerss, a d\u00e9clar\u00e9 \u00e0 la revue scientifique <a href=\"https:\/\/www.nature.com\/articles\/d41586-025-01002-5\" rel=\"nofollow noopener\" target=\"_blank\" data-ylk=\"slk:Nature;elm:context_link;itc:0;sec:content-canvas\" class=\"link \">Nature<\/a> que son bureau lancerait dans le courant de l&rsquo;ann\u00e9e une initiative intitul\u00e9e \u00ab\u00a0Choose Europe\u00a0\u00bb, qui offrira aux meilleurs chercheurs une voie d&rsquo;acc\u00e8s \u00e0 des postes permanents ainsi qu&rsquo;une strat\u00e9gie d&rsquo;accompagnement en mati\u00e8re de visas.<\/p>\n","protected":false},"excerpt":{"rendered":"Depuis le retour au pouvoir du pr\u00e9sident am\u00e9ricain Donald Trump en janvier, la recherche universitaire a subi plusieurs&hellip;\n","protected":false},"author":2,"featured_media":54370,"comment_status":"","ping_status":"","sticky":false,"template":"","format":"standard","meta":{"footnotes":""},"categories":[1586],"tags":[11,75,1777,674,1011,27,12,7274,14882,25,14881],"class_list":{"0":"post-54369","1":"post","2":"type-post","3":"status-publish","4":"format-standard","5":"has-post-thumbnail","7":"category-europe","8":"tag-actualites","9":"tag-donald-trump","10":"tag-eu","11":"tag-europe","12":"tag-fr","13":"tag-france","14":"tag-news","15":"tag-president-americain","16":"tag-recherche-universitaire","17":"tag-republique-francaise","18":"tag-universites-europeennes"},"share_on_mastodon":{"url":"https:\/\/pubeurope.com\/@fr\/114404256815812582","error":""},"_links":{"self":[{"href":"https:\/\/www.europesays.com\/fr\/wp-json\/wp\/v2\/posts\/54369","targetHints":{"allow":["GET"]}}],"collection":[{"href":"https:\/\/www.europesays.com\/fr\/wp-json\/wp\/v2\/posts"}],"about":[{"href":"https:\/\/www.europesays.com\/fr\/wp-json\/wp\/v2\/types\/post"}],"author":[{"embeddable":true,"href":"https:\/\/www.europesays.com\/fr\/wp-json\/wp\/v2\/users\/2"}],"replies":[{"embeddable":true,"href":"https:\/\/www.europesays.com\/fr\/wp-json\/wp\/v2\/comments?post=54369"}],"version-history":[{"count":0,"href":"https:\/\/www.europesays.com\/fr\/wp-json\/wp\/v2\/posts\/54369\/revisions"}],"wp:featuredmedia":[{"embeddable":true,"href":"https:\/\/www.europesays.com\/fr\/wp-json\/wp\/v2\/media\/54370"}],"wp:attachment":[{"href":"https:\/\/www.europesays.com\/fr\/wp-json\/wp\/v2\/media?parent=54369"}],"wp:term":[{"taxonomy":"category","embeddable":true,"href":"https:\/\/www.europesays.com\/fr\/wp-json\/wp\/v2\/categories?post=54369"},{"taxonomy":"post_tag","embeddable":true,"href":"https:\/\/www.europesays.com\/fr\/wp-json\/wp\/v2\/tags?post=54369"}],"curies":[{"name":"wp","href":"https:\/\/api.w.org\/{rel}","templated":true}]}}