{"id":543693,"date":"2025-11-19T01:43:15","date_gmt":"2025-11-19T01:43:15","guid":{"rendered":"https:\/\/www.europesays.com\/fr\/543693\/"},"modified":"2025-11-19T01:43:15","modified_gmt":"2025-11-19T01:43:15","slug":"airbnb-35-000-e-damende-pour-un-lillois-qui-louait-son-logement-sans-autorisation","status":"publish","type":"post","link":"https:\/\/www.europesays.com\/fr\/543693\/","title":{"rendered":"Airbnb\u00a0: 35\u00a0000\u00a0\u20ac d\u2019amende pour un Lillois qui louait son logement sans autorisation"},"content":{"rendered":"<p>Il pensait faire des profits. Un propri\u00e9taire lillois vient d\u2019\u00e9coper d\u2019une lourde amende pour avoir transform\u00e9 son logement en meubl\u00e9 touristique sans l\u2019autorisation de la mairie, rapporte <a href=\"https:\/\/france3-regions.franceinfo.fr\/hauts-de-france\/nord-0\/lille\/il-louait-son-logement-sur-airbnb-sans-autorisation-la-justice-condamne-ce-proprietaire-a-une-amende-tres-salee-3249688.html\" target=\"_blank\" rel=\"noopener\"> France 3\u00a0Hauts-de-France <\/a>. Le tribunal l\u2019a condamn\u00e9 le 21\u00a0octobre 2025\u00a0: il devra r\u00e9gler 35\u00a0000\u00a0\u20ac, dont 33\u00a0000\u00a0\u20ac d\u2019amende\u00a0\u00e0 la Ville et 2\u00a0000\u00a0\u20ac de frais de justice.<\/p>\n<p>Lutter contre la p\u00e9nurie de logements<\/p>\n<p>\u00c0\u00a0<a href=\"https:\/\/lille.maville.com\/\/\" target=\"_self\" rel=\"noopener\">Lille<\/a>, une proc\u00e9dure de <strong>\u00ab\u00a0changement d\u2019usage\u00a0\u00bb<\/strong> est obligatoire d\u00e8s lors qu\u2019il s\u2019agit d\u2019une location de courte dur\u00e9e hors r\u00e9sidence principale. La r\u00e8gle est en place depuis 2019. Et depuis le 1er\u00a0avril 2024, elle implique m\u00eame de compenser cette transformation par la cr\u00e9ation d\u2019un autre logement de taille \u00e9quivalente.<\/p>\n<p>L\u2019objectif\u00a0? <strong>\u00ab\u00a0R\u00e9guler les meubl\u00e9s de tourisme qui aggravent la p\u00e9nurie de logements\u00a0\u00bb,<\/strong> a indiqu\u00e9\u00a0la municipalit\u00e9 dans un communiqu\u00e9 relay\u00e9 par <a href=\"https:\/\/actu.fr\/hauts-de-france\/lille_59350\/lille-une-amende-tres-salee-pour-le-proprietaire-de-ce-logement-loue-en-airbnb-sans-autorisation_63436565.html\" target=\"_blank\" rel=\"noopener\"> Lille Actu <\/a>.\u00a0<strong>\u00ab\u00a0La Ville emploie tous les outils juridiques \u00e0 sa disposition pour encadrer les locations de courte dur\u00e9e\u00a0?\u00a0\u00bb<\/strong><\/p>\n<p><strong>Lire aussi\u00a0: <\/strong><a href=\"https:\/\/quimper.maville.com\/actu\/actudet_-meubles-de-tourisme-cette-ville-bretonne-fixe-des-limites-_6-7043645_actu.Htm\" target=\"_self\" rel=\"noopener\">Meubl\u00e9s de tourisme\u00a0: cette ville bretonne fixe des limites<\/a><\/p>\n<p>Des centaines de contr\u00f4les<\/p>\n<p>Le propri\u00e9taire avait \u00e9t\u00e9 rep\u00e9r\u00e9 par des agents municipaux sur <a href=\"https:\/\/www.ouest-france.fr\/economie\/entreprises\/airbnb\/\" target=\"_self\" rel=\"noopener\">la plateforme Airbnb<\/a>.\u00a0<strong>\u00ab\u00a0C\u2019est un vrai business qui s\u2019est cr\u00e9\u00e9 sur le dos du droit au logement, de l\u2019offre \u00e0 destination des Lillois, des \u00e9tudiants\u00a0\u00bb,<\/strong> a d\u00e9nonc\u00e9\u00a0Anissa Baderi, adjointe en charge de l\u2019Habitat, cit\u00e9e par <a href=\"https:\/\/www.lavoixdunord.fr\/1646094\/article\/2025-11-14\/une-amende-de-33-000-euros-pour-avoir-loue-son-logement-lillois-sur-airbnb\" target=\"_blank\" rel=\"noopener\"> La Voix du Nord <\/a>.\u00a0<strong>\u00ab\u00a0On n\u2019emp\u00eache pas les propri\u00e9taires de jouir de leur bien, ce n\u2019est pas une confiscation\u00a0\u00bb,<\/strong> a-t-elle ajout\u00e9.<\/p>\n<p><strong>Lire aussi\u00a0:<\/strong> <a href=\"https:\/\/saint-malo.maville.com\/actu\/actudet_-apres-avoir-gagne-contre-airbnb-cette-malouine-continue-sa-lutte-contre-le-geant-de-la-location-_7-7039215_actu.Htm\" target=\"_self\" rel=\"noopener\">Apr\u00e8s avoir gagn\u00e9 contre Airbnb, cette Malouine continue sa lutte contre le g\u00e9ant de la location<\/a><\/p>\n<p>Dans son communiqu\u00e9, la mairie a pr\u00e9cis\u00e9 que pas moins de 600\u00a0adresses ont \u00e9t\u00e9 v\u00e9rifi\u00e9es, que 200\u00a0contr\u00f4les ont eu lieu ainsi que\u00a060\u00a0visites de logements. En cas d\u2019infraction, la mairie transmet syst\u00e9matiquement le dossier \u00e0 la justice. La <a href=\"https:\/\/www.legifrance.gouv.fr\/dossierlegislatif\/JORFDOLE000049265492\/\" target=\"_blank\" rel=\"noopener\">Loi Le Meur<\/a>, vot\u00e9e le 19\u00a0novembre 2024, fixe l\u2019amende maximale \u00e0 100\u00a0000\u00a0\u20ac par logement lou\u00e9 en infraction\u2026\u00a0De quoi inqui\u00e9ter les propri\u00e9taires tent\u00e9s de contourner la r\u00e9glementation.\u00a0<\/p>\n<p>\u00a0<\/p>\n","protected":false},"excerpt":{"rendered":"Il pensait faire des profits. Un propri\u00e9taire lillois vient d\u2019\u00e9coper d\u2019une lourde amende pour avoir transform\u00e9 son logement&hellip;\n","protected":false},"author":2,"featured_media":543694,"comment_status":"","ping_status":"","sticky":false,"template":"","format":"standard","meta":{"footnotes":""},"categories":[2815],"tags":[6541,42537,1111,11,7345,7087,21120,1777,674,1011,27,811,1307,4670,1908,66219,12,25],"class_list":{"0":"post-543693","1":"post","2":"type-post","3":"status-publish","4":"format-standard","5":"has-post-thumbnail","7":"category-lille","8":"tag-6541","9":"tag-42537","10":"tag-actu","11":"tag-actualites","12":"tag-airbnb","13":"tag-amende","14":"tag-autorisation","15":"tag-eu","16":"tag-europe","17":"tag-fr","18":"tag-france","19":"tag-hauts-de-france","20":"tag-lille","21":"tag-lillois","22":"tag-logement","23":"tag-louait","24":"tag-news","25":"tag-republique-francaise"},"share_on_mastodon":{"url":"https:\/\/pubeurope.com\/@fr\/115573830921398905","error":""},"_links":{"self":[{"href":"https:\/\/www.europesays.com\/fr\/wp-json\/wp\/v2\/posts\/543693","targetHints":{"allow":["GET"]}}],"collection":[{"href":"https:\/\/www.europesays.com\/fr\/wp-json\/wp\/v2\/posts"}],"about":[{"href":"https:\/\/www.europesays.com\/fr\/wp-json\/wp\/v2\/types\/post"}],"author":[{"embeddable":true,"href":"https:\/\/www.europesays.com\/fr\/wp-json\/wp\/v2\/users\/2"}],"replies":[{"embeddable":true,"href":"https:\/\/www.europesays.com\/fr\/wp-json\/wp\/v2\/comments?post=543693"}],"version-history":[{"count":0,"href":"https:\/\/www.europesays.com\/fr\/wp-json\/wp\/v2\/posts\/543693\/revisions"}],"wp:featuredmedia":[{"embeddable":true,"href":"https:\/\/www.europesays.com\/fr\/wp-json\/wp\/v2\/media\/543694"}],"wp:attachment":[{"href":"https:\/\/www.europesays.com\/fr\/wp-json\/wp\/v2\/media?parent=543693"}],"wp:term":[{"taxonomy":"category","embeddable":true,"href":"https:\/\/www.europesays.com\/fr\/wp-json\/wp\/v2\/categories?post=543693"},{"taxonomy":"post_tag","embeddable":true,"href":"https:\/\/www.europesays.com\/fr\/wp-json\/wp\/v2\/tags?post=543693"}],"curies":[{"name":"wp","href":"https:\/\/api.w.org\/{rel}","templated":true}]}}