{"id":543697,"date":"2025-11-19T01:45:17","date_gmt":"2025-11-19T01:45:17","guid":{"rendered":"https:\/\/www.europesays.com\/fr\/543697\/"},"modified":"2025-11-19T01:45:17","modified_gmt":"2025-11-19T01:45:17","slug":"laffaire-mehdi-kessaci-au-coeur-des-questions-au-gouvernement","status":"publish","type":"post","link":"https:\/\/www.europesays.com\/fr\/543697\/","title":{"rendered":"l&rsquo;affaire Mehdi Kessaci au c\u0153ur des questions au gouvernement"},"content":{"rendered":"<p><a href=\"https:\/\/www.laprovence.com\/article\/region\/1307248803484414\/a-marseille-mehdi-kessaci-un-beau-garcon-elance-et-souriant-qui-s-est-toujours-tenu-en-dehors-des-histoires\" target=\"_blank\" rel=\"noopener\">Mehdi Kessaci<\/a>. Le nom d\u2019un gamin de 20\u00a0ans, sans histoire, originaire de Frais-Vallon et <a href=\"https:\/\/www.laprovence.com\/article\/faits-divers-justice\/21428037805115\/info-la-provence-un-autre-frere-damine-kessaci-tue-par-balle-a-marseille\" target=\"_blank\" rel=\"noopener\">assassin\u00e9 jeudi dernier <\/a>en plein apr\u00e8s-midi dans le 4e arrondissement de Marseille, a r\u00e9sonn\u00e9 \u00e0 plusieurs reprises dans l\u2019h\u00e9micycle de l\u2019Assembl\u00e9e nationale ce mardi 18\u00a0novembre.<\/p>\n<p>Si la majorit\u00e9 de la classe politique marseillaise a \u00e9voqu\u00e9 ces derniers jours \u00ab\u00a0le temps du deuil\u00a0\u00bb et s\u2019est restreinte \u00e0 des messages de soutien et de condol\u00e9ances \u00e0 la famille, la r\u00e9action politique n\u2019a finalement pas attendu la mise en terre du fr\u00e8re du <a href=\"https:\/\/www.laprovence.com\/article\/region\/64684008835563\/amine-kessaci-maman-ne-voulait-pas-que-ses-enfants-grandissent-avec-les-murs-du-quartier-comme-seul-horizon\" target=\"_blank\" rel=\"noopener\">militant \u00e9cologiste Amine Kessaci<\/a>, dont les obs\u00e8ques avaient lieu pendant la s\u00e9ance des questions au gouvernement.<\/p>\n<p>\u00ab\u00a0Combien de temps vous faudra-t-il pour ouvrir les yeux\u00a0? Les bougies, les paroles,<a href=\"https:\/\/www.laprovence.com\/article\/faits-divers-justice\/6618552540463514\/narcotrafic-emmanuel-macron-convoque-une-reunion-au-sommet-sur-la-situation-a-marseille-ce-mardi-a-lelysee\" target=\"_blank\" rel=\"noopener\"> les r\u00e9unions \u00e0 l\u2019\u00c9lys\u00e9e <\/a>ne suffisent plus\u00a0\u00bb, a interrog\u00e9 Franck Allisio, d\u00e9put\u00e9 (RN) des Bouches-du-Rh\u00f4ne et candidat \u00e0 l\u2019\u00e9lection municipale \u00e0 Marseille, \u00e0 l\u2019attention de Laurent Nu\u00f1ez, le ministre de l&rsquo;Int\u00e9rieur. Et d\u2019appeler \u00e0 mettre sur le m\u00eame plan la <a href=\"https:\/\/www.laprovence.com\/article\/politique\/32584885760291\/narcotrafic-le-candidat-rn-a-la-mairie-franck-allisio-demande-l-etat-d-urgence-a-marseille\" target=\"_blank\" rel=\"noopener\">lutte contre le narcotrafic<\/a> et celle contre \u00ab\u00a0le terrorisme islamiste\u00a0\u00bb.<\/p>\n<p>\u00ab\u00a0Si Marseille tombe, la France tombera et Marseille est en train de tomber\u00a0\u00bb, a-t-il lanc\u00e9, r\u00e9clamant comme il le fait depuis bient\u00f4t dix-huit mois l\u2019ins&#8230;<\/p>\n","protected":false},"excerpt":{"rendered":"Mehdi Kessaci. Le nom d\u2019un gamin de 20\u00a0ans, sans histoire, originaire de Frais-Vallon et assassin\u00e9 jeudi dernier en&hellip;\n","protected":false},"author":2,"featured_media":543698,"comment_status":"","ping_status":"","sticky":false,"template":"","format":"standard","meta":{"footnotes":""},"categories":[2814],"tags":[17,1111,11,66220,33049,154,16309,1777,674,1011,27,42592,884,12411,12,316,882,25],"class_list":{"0":"post-543697","1":"post","2":"type-post","3":"status-publish","4":"format-standard","5":"has-post-thumbnail","7":"category-marseille","8":"tag-17","9":"tag-actu","10":"tag-actualites","11":"tag-augmentations","12":"tag-durgence","13":"tag-des","14":"tag-etat","15":"tag-eu","16":"tag-europe","17":"tag-fr","18":"tag-france","19":"tag-laffaire","20":"tag-marseille","21":"tag-moyens","22":"tag-news","23":"tag-politique","24":"tag-provence-alpes-cote-dazur","25":"tag-republique-francaise"},"share_on_mastodon":{"url":"https:\/\/pubeurope.com\/@fr\/115573838567511505","error":""},"_links":{"self":[{"href":"https:\/\/www.europesays.com\/fr\/wp-json\/wp\/v2\/posts\/543697","targetHints":{"allow":["GET"]}}],"collection":[{"href":"https:\/\/www.europesays.com\/fr\/wp-json\/wp\/v2\/posts"}],"about":[{"href":"https:\/\/www.europesays.com\/fr\/wp-json\/wp\/v2\/types\/post"}],"author":[{"embeddable":true,"href":"https:\/\/www.europesays.com\/fr\/wp-json\/wp\/v2\/users\/2"}],"replies":[{"embeddable":true,"href":"https:\/\/www.europesays.com\/fr\/wp-json\/wp\/v2\/comments?post=543697"}],"version-history":[{"count":0,"href":"https:\/\/www.europesays.com\/fr\/wp-json\/wp\/v2\/posts\/543697\/revisions"}],"wp:featuredmedia":[{"embeddable":true,"href":"https:\/\/www.europesays.com\/fr\/wp-json\/wp\/v2\/media\/543698"}],"wp:attachment":[{"href":"https:\/\/www.europesays.com\/fr\/wp-json\/wp\/v2\/media?parent=543697"}],"wp:term":[{"taxonomy":"category","embeddable":true,"href":"https:\/\/www.europesays.com\/fr\/wp-json\/wp\/v2\/categories?post=543697"},{"taxonomy":"post_tag","embeddable":true,"href":"https:\/\/www.europesays.com\/fr\/wp-json\/wp\/v2\/tags?post=543697"}],"curies":[{"name":"wp","href":"https:\/\/api.w.org\/{rel}","templated":true}]}}