{"id":543703,"date":"2025-11-19T01:48:19","date_gmt":"2025-11-19T01:48:19","guid":{"rendered":"https:\/\/www.europesays.com\/fr\/543703\/"},"modified":"2025-11-19T01:48:19","modified_gmt":"2025-11-19T01:48:19","slug":"rue89-lyon-et-jean-michel-aulas-fixes-sur-leur-sort-le-20-janvier","status":"publish","type":"post","link":"https:\/\/www.europesays.com\/fr\/543703\/","title":{"rendered":"Rue89 Lyon et Jean-Michel Aulas fix\u00e9s sur leur sort le 20 janvier"},"content":{"rendered":"<p data-start=\"1868\" data-end=\"2205\">Le tribunal correctionnel de Lyon a examin\u00e9 le contentieux qui oppose Jean-Michel Aulas et son fils Alexandre au m\u00e9dia Rue89Lyon, poursuivi apr\u00e8s la publication d\u2019un dossier sur l\u2019investissement de la holding Holnest dans un a\u00e9roport pour jets priv\u00e9s aux \u00c9tats-Unis.<\/p>\n<p>Deux journalistes sur les trois mis en examen \u00e9taient pr\u00e9sents pour compara\u00eetre, \u00e0 savoir Moran Kerinec, pigiste, ainsi que Pierre Lemerle, directeur de la publication.<\/p>\n<p>\u00a0<\/p>\n<p>D\u00e9fendus par l\u2019avocat Thomas Fourrey, les journalistes se disent \u00ab\u00a0surpris par la r\u00e9action\u00a0\u00bb\u00a0du clan Aulas, et que cette attaque en diffamation se veut \u00ab\u00a0disproportionn\u00e9e\u00a0\u00bb.<\/p>\n<p>\u00a0<\/p>\n<p>Rue89Lyon a ainsi d\u00e9cid\u00e9 de demander le remboursement int\u00e9gral des frais de justice li\u00e9s \u00e0 cette proc\u00e9dure, alors que leur avocat a d\u00e9fendu la l\u00e9gitimit\u00e9 journalistique de ses clients et m\u00eame une \u00ab\u00a0proc\u00e9dure b\u00e2illon\u00a0\u00bb\u00a0pour intimider les journalistes, qu\u2019il qualifie de \u00ab\u00a0chiens de gardes de la d\u00e9mocratie.\u00a0\u00bb<\/p>\n<p data-start=\"1868\" data-end=\"2205\">L\u2019audience a ainsi \u00e9t\u00e9 domin\u00e9e par deux strat\u00e9gies clairement distinctes. D\u2019un c\u00f4t\u00e9, Rue89 Lyon a sollicit\u00e9 le remboursement de l\u2019ensemble de ses frais de justice, estimant que la proc\u00e9dure engag\u00e9e contre son \u00e9quipe relevait d\u2019un abus visant \u00e0 freiner la publication d\u2019informations d\u00e9j\u00e0 document\u00e9es.<\/p>\n<p data-start=\"1868\" data-end=\"2205\">Le m\u00e9dia local a d\u00e9fendu la l\u00e9gitimit\u00e9 de son enqu\u00eate et la n\u00e9cessit\u00e9 de couvrir les enjeux financiers entourant la holding familiale de Jean-Michel Aulas.<\/p>\n<p data-start=\"2584\" data-end=\"2919\">De l\u2019autre, les avocats de l\u2019ancien pr\u00e9sident de l\u2019OL ont r\u00e9clam\u00e9 un euro symbolique de dommages et int\u00e9r\u00eats, assorti de la publication du jugement sur le site d\u2019information. Pour la partie civile, l\u2019article incrimin\u00e9 portait atteinte \u00e0 la r\u00e9putation de la famille Aulas et laissait entendre une interpr\u00e9tation jug\u00e9e infond\u00e9e du montage financier.<\/p>\n<p><img loading=\"lazy\" decoding=\"async\" style=\"display: block; margin-left: auto; margin-right: auto;\" src=\"https:\/\/www.europesays.com\/fr\/wp-content\/uploads\/2025\/11\/img-0089-21538.jpg\" alt=\"\" width=\"600\" height=\"450\"\/><\/p>\n<p>Alexis Chabert, un des avocats du clan Aulas, a notamment avanc\u00e9 l\u2019argument que \u00ab\u00a0sans informations, un journaliste ne devrait pas \u00e9crire\u00a0\u00bb\u00a0et a \u00e9galement point\u00e9 du doigt la \u00ab\u00a0mauvaise foi\u00a0\u00bb\u00a0de Rue89Lyon qui aurait eu la \u00ab\u00a0volont\u00e9 de nuire \u00e0 l\u2019image\u00a0\u00bb du candidat aux \u00e9lections municipales de Lyon. Pourtant, lorsque l&rsquo;enqu\u00eate est parue en 2023, JMA \u00e9tait \u00e0 des ann\u00e9es-lumi\u00e8re d&rsquo;imaginer se pr\u00e9senter.<\/p>\n<p>\u00a0<\/p>\n<p>Les juges de la chambre de la presse rendront leur d\u00e9cision<strong> <\/strong>le 20 janvier, date \u00e0 laquelle sera tranch\u00e9e la question du caract\u00e8re diffamatoire du dossier et des \u00e9ventuelles suites demand\u00e9es par chaque partie.<\/p>\n","protected":false},"excerpt":{"rendered":"Le tribunal correctionnel de Lyon a examin\u00e9 le contentieux qui oppose Jean-Michel Aulas et son fils Alexandre au&hellip;\n","protected":false},"author":2,"featured_media":543704,"comment_status":"","ping_status":"","sticky":false,"template":"","format":"standard","meta":{"footnotes":""},"categories":[1889],"tags":[1111,11,2813,2190,2430,1109,251,1112,2811,1777,674,118,1011,27,1922,1110,1114,2428,2810,12,241,316,25,2812,517,800],"class_list":{"0":"post-543703","1":"post","2":"type-post","3":"status-publish","4":"format-standard","5":"has-post-thumbnail","7":"category-lyon","8":"tag-actu","9":"tag-actualites","10":"tag-article","11":"tag-asvel","12":"tag-auvergne-rhone-alpes","13":"tag-breves","14":"tag-culture","15":"tag-depeches","16":"tag-economique","17":"tag-eu","18":"tag-europe","19":"tag-faits-divers","20":"tag-fr","21":"tag-france","22":"tag-info","23":"tag-informations","24":"tag-infos","25":"tag-lyon","26":"tag-lyonmag","27":"tag-news","28":"tag-ol","29":"tag-politique","30":"tag-republique-francaise","31":"tag-sociale","32":"tag-sport","33":"tag-transports"},"share_on_mastodon":{"url":"https:\/\/pubeurope.com\/@fr\/115573850896233126","error":""},"_links":{"self":[{"href":"https:\/\/www.europesays.com\/fr\/wp-json\/wp\/v2\/posts\/543703","targetHints":{"allow":["GET"]}}],"collection":[{"href":"https:\/\/www.europesays.com\/fr\/wp-json\/wp\/v2\/posts"}],"about":[{"href":"https:\/\/www.europesays.com\/fr\/wp-json\/wp\/v2\/types\/post"}],"author":[{"embeddable":true,"href":"https:\/\/www.europesays.com\/fr\/wp-json\/wp\/v2\/users\/2"}],"replies":[{"embeddable":true,"href":"https:\/\/www.europesays.com\/fr\/wp-json\/wp\/v2\/comments?post=543703"}],"version-history":[{"count":0,"href":"https:\/\/www.europesays.com\/fr\/wp-json\/wp\/v2\/posts\/543703\/revisions"}],"wp:featuredmedia":[{"embeddable":true,"href":"https:\/\/www.europesays.com\/fr\/wp-json\/wp\/v2\/media\/543704"}],"wp:attachment":[{"href":"https:\/\/www.europesays.com\/fr\/wp-json\/wp\/v2\/media?parent=543703"}],"wp:term":[{"taxonomy":"category","embeddable":true,"href":"https:\/\/www.europesays.com\/fr\/wp-json\/wp\/v2\/categories?post=543703"},{"taxonomy":"post_tag","embeddable":true,"href":"https:\/\/www.europesays.com\/fr\/wp-json\/wp\/v2\/tags?post=543703"}],"curies":[{"name":"wp","href":"https:\/\/api.w.org\/{rel}","templated":true}]}}