{"id":543756,"date":"2025-11-19T02:30:16","date_gmt":"2025-11-19T02:30:16","guid":{"rendered":"https:\/\/www.europesays.com\/fr\/543756\/"},"modified":"2025-11-19T02:30:16","modified_gmt":"2025-11-19T02:30:16","slug":"chatgpt-corrige-lun-de-ses-tics-de-langage-les-plus-reconnaissables","status":"publish","type":"post","link":"https:\/\/www.europesays.com\/fr\/543756\/","title":{"rendered":"ChatGPT corrige l\u2019un de ses tics de langage les plus reconnaissables"},"content":{"rendered":"<p class=\"ed__a-p ed__bdy__l\">ChatGPT se rapproche de l\u2019humain\u2009! S\u2019il \u00e9tait ais\u00e9 de rep\u00e9rer un texte \u00e9crit en IA, la t\u00e2che s\u2019av\u00e8re plus compliqu\u00e9e, car le chatbot d\u2019<a href=\"https:\/\/www.lesnumeriques.com\/intelligence-artificielle\/anthropic-s-installe-en-france-la-startup-rivale-d-openai-intensifie-sa-presence-en-europe-n245117.html\" title=\"Anthropic s\u2019installe en France : la startup rivale d\u2019OpenAI intensifie sa pr\u00e9sence en Europe\" rel=\"nofollow noopener\" target=\"_blank\">OpenAI<\/a> se d\u00e9barrasse de ses tics de langage.<\/p>\n<p>            Publicit\u00e9, votre contenu continue ci-dessous<\/p>\n<p>            Publicit\u00e9<\/p>\n<p class=\"ed__a-p ed__bdy__l\">Plus pr\u00e9cis\u00e9ment, c\u2019est le tiret cadratin (ou tiret long) qui a disparu avec l\u2019arriv\u00e9e de ChatGPT\u00a05-1. Cette \u00e9volution rend les textes g\u00e9n\u00e9r\u00e9s plus naturels et difficiles \u00e0 distinguer de ceux \u00e9crits par un humain.<\/p>\n<p>La fin du tiret de ChatGPT<\/p>\n<p class=\"ed__a-p ed__bdy__l\">Attention, ce texte ci-dessous est \u00e9crit par une intelligence artificielle, et il y a un moyen tr\u00e8s facile de le deviner.<\/p>\n<p>Les Num\u00e9riques est un m\u00e9dia fran\u00e7ais d\u00e9di\u00e9 au high-tech et au num\u00e9rique \u2014 smartphones, ordinateurs, objets connect\u00e9s, audio et \u00e9lectrom\u00e9nager. Chaque produit est test\u00e9 selon des crit\u00e8res techniques et pratiques pour guider les consommateurs. Le site couvre aussi l\u2019actualit\u00e9 technologique \u2014 conf\u00e9rences, salons, innovations comme l\u2019IA ou la 5G \u2014 et analyse leur impact sur le quotidien.<\/p>\n<p class=\"ed__a-p ed__bdy__l\">Il est immanquable\u2009! Le tiret cadratin inonde les textes de <a href=\"https:\/\/www.lesnumeriques.com\/intelligence-artificielle\/une-mesure-excessive-le-new-york-times-veut-20-millions-de-conversations-chatgpt-n245445.html\" title=\"\u201cUne mesure excessive\u201d : le New York Times veut 20 millions de conversations ChatGPT\" rel=\"nofollow noopener\" target=\"_blank\">ChatGPT<\/a>, ou plut\u00f4t inondait, car il est d\u00e9sormais port\u00e9 disparu depuis la mise \u00e0 jour\u00a05-1.<\/p>\n<p class=\"ed__a-p ed__bdy__l\">Petit cours de grammaire pour remettre le caract\u00e8re dans le contexte\u00a0: \u00e0 l\u2019origine, le tiret cadratin (\u2014 ) sert \u00e0 marquer une pause forte ou introduire une explication dans une phrase. Certains \u00e9crivains, ou internautes aiment l\u2019utiliser, mais il reste normalement assez rare de le croiser dans la vie de tous les jours.<\/p>\n<p class=\"ed__a-p ed__bdy__l\">C\u2019est tout le contraire de son cousin\u00a0: le tiret demi-cadratin (\u2013 ), aussi appel\u00e9 tiret du 6, souvent confondu avec le premier. Il est plus court et s\u2019utilise pour les intervalles, pour relier deux \u00e9l\u00e9ments, ou m\u00eame en liste.<\/p>\n<p>Un tiret moqu\u00e9, mais embl\u00e9matique<\/p>\n<p class=\"ed__a-p ed__bdy__l\">Comme on vous le disait, normalement, le cadratin est rare, mais avec ChatGPT, il \u00e9tait devenu presque syst\u00e9matique et r\u00e9v\u00e9lateur <a href=\"https:\/\/www.lesnumeriques.com\/telephone-portable\/fini-la-rigolade-apple-s-attaque-aux-apps-qui-collectent-vos-donnees-pour-entrainer-leurs-ia-n245771.html\" title=\"Fini la rigolade\u00a0: Apple s\u2019attaque aux apps qui collectent vos donn\u00e9es pour entra\u00eener leurs IA\" rel=\"nofollow noopener\" target=\"_blank\">de l\u2019utilisation de l\u2019IA<\/a>. Point\u00e9 du doigt, il a \u00e9t\u00e9 le centre de nombreuses moqueries et m\u00eame surnomm\u00e9 le \u00ab\u00a0ChatGPT hyphen\u00a0\u00bb.<\/p>\n<p class=\"ed__a-p ed__bdy__l\"><img loading=\"lazy\" decoding=\"async\" src=\"data:image\/svg+xml,%3Csvg xmlns='http:\/\/www.w3.org\/2000\/svg'%3E%3C\/svg%3E\" draggable=\"false\" width=\"6240\" height=\"4160\" class=\"ed__title-xxs\" alt=\"Chat GPT sur t\u00e9l\u00e9phone\" style=\"background-color: #f2f2f2; aspect-ratio:6240\/4160;\"\/><\/p>\n<p>Le tiret cadratin, devenu symbole des textes g\u00e9n\u00e9r\u00e9s par ChatGPT, a \u00e9t\u00e9 tourn\u00e9 en d\u00e9rision sur les r\u00e9seaux.<\/p>\n<p>\u00a9 Shutterstock<\/p>\n<\/p>\n<p class=\"ed__a-p ed__bdy__l\">OpenAI a reconnu avec humour le probl\u00e8me du tiret cadratin devenu viral, allant jusqu\u2019\u00e0 faire pr\u00e9senter des excuses par ChatGPT. L\u2019entreprise assure d\u00e9sormais que le mod\u00e8le respecte les consignes personnalis\u00e9es concernant ce tiret, permettant aux utilisateurs de contr\u00f4ler sa fr\u00e9quence.<\/p>\n<p class=\"ed__a-p ed__bdy__l\">Pour le moment, l\u2019acc\u00e8s \u00e0 <a href=\"https:\/\/www.lesnumeriques.com\/intelligence-artificielle\/chatgpt-5-1-arrive-ce-qui-change-vraiment-apres-la-deception-de-gpt-5-n245408.html\" title=\"ChatGPT-5.1 arrive\u00a0: ce qui change vraiment apr\u00e8s la d\u00e9ception de GPT-5\" rel=\"nofollow noopener\" target=\"_blank\">GPT-5.1<\/a> reste limit\u00e9\u00a0: OpenAI le d\u00e9ploie d\u2019abord sur les versions payantes avant d\u2019\u00e9tendre aux comptes gratuits.<\/p>\n<p>            Publicit\u00e9, votre contenu continue ci-dessous<\/p>\n<p>            Publicit\u00e9<\/p>\n","protected":false},"excerpt":{"rendered":"ChatGPT se rapproche de l\u2019humain\u2009! S\u2019il \u00e9tait ais\u00e9 de rep\u00e9rer un texte \u00e9crit en IA, la t\u00e2che s\u2019av\u00e8re&hellip;\n","protected":false},"author":2,"featured_media":543757,"comment_status":"","ping_status":"","sticky":false,"template":"","format":"standard","meta":{"footnotes":""},"categories":[7],"tags":[1011,27,43,40,41,39,42,44],"class_list":{"0":"post-543756","1":"post","2":"type-post","3":"status-publish","4":"format-standard","5":"has-post-thumbnail","7":"category-sciences-et-technologies","8":"tag-fr","9":"tag-france","10":"tag-science","11":"tag-science-and-technology","12":"tag-sciences","13":"tag-sciences-et-technologies","14":"tag-technologies","15":"tag-technology"},"share_on_mastodon":{"url":"https:\/\/pubeurope.com\/@fr\/115574015553352193","error":""},"_links":{"self":[{"href":"https:\/\/www.europesays.com\/fr\/wp-json\/wp\/v2\/posts\/543756","targetHints":{"allow":["GET"]}}],"collection":[{"href":"https:\/\/www.europesays.com\/fr\/wp-json\/wp\/v2\/posts"}],"about":[{"href":"https:\/\/www.europesays.com\/fr\/wp-json\/wp\/v2\/types\/post"}],"author":[{"embeddable":true,"href":"https:\/\/www.europesays.com\/fr\/wp-json\/wp\/v2\/users\/2"}],"replies":[{"embeddable":true,"href":"https:\/\/www.europesays.com\/fr\/wp-json\/wp\/v2\/comments?post=543756"}],"version-history":[{"count":0,"href":"https:\/\/www.europesays.com\/fr\/wp-json\/wp\/v2\/posts\/543756\/revisions"}],"wp:featuredmedia":[{"embeddable":true,"href":"https:\/\/www.europesays.com\/fr\/wp-json\/wp\/v2\/media\/543757"}],"wp:attachment":[{"href":"https:\/\/www.europesays.com\/fr\/wp-json\/wp\/v2\/media?parent=543756"}],"wp:term":[{"taxonomy":"category","embeddable":true,"href":"https:\/\/www.europesays.com\/fr\/wp-json\/wp\/v2\/categories?post=543756"},{"taxonomy":"post_tag","embeddable":true,"href":"https:\/\/www.europesays.com\/fr\/wp-json\/wp\/v2\/tags?post=543756"}],"curies":[{"name":"wp","href":"https:\/\/api.w.org\/{rel}","templated":true}]}}