{"id":543758,"date":"2025-11-19T02:31:13","date_gmt":"2025-11-19T02:31:13","guid":{"rendered":"https:\/\/www.europesays.com\/fr\/543758\/"},"modified":"2025-11-19T02:31:13","modified_gmt":"2025-11-19T02:31:13","slug":"la-taxe-fonciere-va-augmenter-pour-74-millions-de-logements-en-2026-consequence-dune-mise-a-jour-de-donnees","status":"publish","type":"post","link":"https:\/\/www.europesays.com\/fr\/543758\/","title":{"rendered":"La taxe fonci\u00e8re va augmenter pour 7,4 millions de logements en 2026, cons\u00e9quence d&rsquo;une mise \u00e0 jour de donn\u00e9es"},"content":{"rendered":"\n<p class=\"c-chapo \">\n  Cette r\u00e9\u00e9valuation vise \u00e0 mieux prendre en compte certains crit\u00e8res dits \u00ab\u00a0de confort\u00a0\u00bb, tels que la pr\u00e9sence d&rsquo;eau courante, d&rsquo;\u00e9lectricit\u00e9, de WC ou de lavabos dans le logement.\n<\/p>\n<p>      lire plus tard<\/p>\n<p id=\"dialog__title\" class=\"dialog__title\">Pour sauvegarder cet article, connectez-vous ou cr\u00e9ez un compte franceinfo<\/p>\n<p class=\"dialog__description\">Sans paiement. Sans abonnement.<\/p>\n<p>        Fermer la fen\u00eatre d\u2019activation des notifications France Info<\/p>\n<p>      cr\u00e9er votre compte<\/p>\n<p>      se connecter<\/p>\n<p>        Fermer la fen\u00eatre de pr\u00e9sentation<\/p>\n<p>    <img loading=\"lazy\" decoding=\"async\" class=\"signature__image lazyload\" width=\"100\" height=\"100\" data- alt=\"\" src=\"https:\/\/www.europesays.com\/fr\/wp-content\/uploads\/2025\/05\/64a68815cd1a7_placeholder-36b69ec8.png\"\/><\/p>\n<p>    Publi\u00e9 le 18\/11\/2025 22:18<\/p>\n<p>        Temps de lecture : 1min<\/p>\n<p>    <img decoding=\"async\"  alt=\"Le minist\u00e8re de l'Economie dans le 12e arrondissement de Paris, le 27 ao\u00fbt 2025. (STEPHANE FRANCES \/ ONLY FRANCE \/ AFP)\" width=\"432\" height=\"243\" src=\"https:\/\/www.europesays.com\/fr\/wp-content\/uploads\/2025\/11\/050-only-0258362-691ce2395a74e808610400.jpg\" fetchpriority=\"high\"\/><\/p>\n<p>      Le minist\u00e8re de l&rsquo;Economie dans le 12e arrondissement de Paris, le 27 ao\u00fbt 2025. (STEPHANE FRANCES \/ ONLY FRANCE \/ AFP)<\/p>\n<p>Une mise \u00e0 jour des fichiers de logements par le minist\u00e8re de l&rsquo;Economie va provoquer l&rsquo;augmentation de la taxe fonci\u00e8re pour 7,4 millions de logements en 2026, a annonc\u00e9 Bercy \u00e0 l&rsquo;AFP, confirmant une information du <a href=\"https:\/\/www.leparisien.fr\/economie\/impots\/bercy-va-augmenter-doffice-la-taxe-fonciere-pour-74-millions-de-logements-en-2026-18-11-2025-BNTEXGPX45HJPG52AJCMIN6KNY.php\" target=\"_blank\" rel=\"noopener nofollow\">Parisien<\/a>. \u00ab\u00a0C&rsquo;est une question d&rsquo;efficacit\u00e9 et d&rsquo;\u00e9quit\u00e9 de l&rsquo;imp\u00f4t\u00a0: que chacun paie selon le type de logement qu&rsquo;il d\u00e9tient\u00a0\u00bb, justifie aupr\u00e8s de franceinfo le cabinet de la ministre des Comptes publics, Am\u00e9lie de Montchalin.<\/p>\n<p>Pay\u00e9e par quelque 32 millions de propri\u00e9taires, la taxe fonci\u00e8re repose, en plus de la surface en m\u00e8tres carr\u00e9s, sur des crit\u00e8res dits \u00ab\u00a0de confort\u00a0\u00bb tels que la pr\u00e9sence d&rsquo;eau courante, d&rsquo;\u00e9lectricit\u00e9, de WC ou de lavabos dans le logement. La pr\u00e9sence de chacun de ces \u00e9l\u00e9ments augmente artificiellement le nombre de m\u00e8tres carr\u00e9s pris en compte, et m\u00e9caniquement le montant de la taxe fonci\u00e8re.<\/p>\n<p>\u00ab\u00a0L&rsquo;op\u00e9ration de fiabilisation des bases fonci\u00e8res qui va \u00eatre men\u00e9e en 2026\u00a0\u00bb vise \u00e0 prendre en compte \u00ab\u00a0ces \u00e9l\u00e9ments de confort lorsqu&rsquo;ils ne sont pas aujourd&rsquo;hui int\u00e9gr\u00e9s \u00e0 la base fonci\u00e8re\u00a0\u00bb, explique Bercy \u00e0 franceinfo. D&rsquo;apr\u00e8s Le Parisien, cette mise \u00e0 jour aboutira \u00e0 une hausse moyenne de la taxe d&rsquo;habitation de 63 euros par logement concern\u00e9 et devrait rapporter 466 millions d&rsquo;euros suppl\u00e9mentaires aux collectivit\u00e9s locales.<\/p>\n<p>Les propri\u00e9taires qui ne seraient pas \u00e9quip\u00e9s de ces installations pourront faire une contestation, pr\u00e9cise\u00a0le minist\u00e8re de l&rsquo;Economie \u00e0 franceinfo.<\/p>\n","protected":false},"excerpt":{"rendered":"Cette r\u00e9\u00e9valuation vise \u00e0 mieux prendre en compte certains crit\u00e8res dits \u00ab\u00a0de confort\u00a0\u00bb, tels que la pr\u00e9sence d&rsquo;eau&hellip;\n","protected":false},"author":2,"featured_media":543759,"comment_status":"","ping_status":"","sticky":false,"template":"","format":"standard","meta":{"footnotes":""},"categories":[6],"tags":[35,33,34,1011,27],"class_list":{"0":"post-543758","1":"post","2":"type-post","3":"status-publish","4":"format-standard","5":"has-post-thumbnail","7":"category-economie","8":"tag-business","9":"tag-economie","10":"tag-economy","11":"tag-fr","12":"tag-france"},"share_on_mastodon":{"url":"https:\/\/pubeurope.com\/@fr\/115574019927459270","error":""},"_links":{"self":[{"href":"https:\/\/www.europesays.com\/fr\/wp-json\/wp\/v2\/posts\/543758","targetHints":{"allow":["GET"]}}],"collection":[{"href":"https:\/\/www.europesays.com\/fr\/wp-json\/wp\/v2\/posts"}],"about":[{"href":"https:\/\/www.europesays.com\/fr\/wp-json\/wp\/v2\/types\/post"}],"author":[{"embeddable":true,"href":"https:\/\/www.europesays.com\/fr\/wp-json\/wp\/v2\/users\/2"}],"replies":[{"embeddable":true,"href":"https:\/\/www.europesays.com\/fr\/wp-json\/wp\/v2\/comments?post=543758"}],"version-history":[{"count":0,"href":"https:\/\/www.europesays.com\/fr\/wp-json\/wp\/v2\/posts\/543758\/revisions"}],"wp:featuredmedia":[{"embeddable":true,"href":"https:\/\/www.europesays.com\/fr\/wp-json\/wp\/v2\/media\/543759"}],"wp:attachment":[{"href":"https:\/\/www.europesays.com\/fr\/wp-json\/wp\/v2\/media?parent=543758"}],"wp:term":[{"taxonomy":"category","embeddable":true,"href":"https:\/\/www.europesays.com\/fr\/wp-json\/wp\/v2\/categories?post=543758"},{"taxonomy":"post_tag","embeddable":true,"href":"https:\/\/www.europesays.com\/fr\/wp-json\/wp\/v2\/tags?post=543758"}],"curies":[{"name":"wp","href":"https:\/\/api.w.org\/{rel}","templated":true}]}}