{"id":54377,"date":"2025-04-26T12:29:17","date_gmt":"2025-04-26T12:29:17","guid":{"rendered":"https:\/\/www.europesays.com\/fr\/54377\/"},"modified":"2025-04-26T12:29:17","modified_gmt":"2025-04-26T12:29:17","slug":"ce-vtc-electrique-francais-frappe-fort","status":"publish","type":"post","link":"https:\/\/www.europesays.com\/fr\/54377\/","title":{"rendered":"ce VTC \u00e9lectrique fran\u00e7ais frappe fort"},"content":{"rendered":"<p>Troisi\u00e8me mod\u00e8le de la marque Radior, le v\u00e9lo \u00e9lectrique Colibri abaisse le ticket d\u2019entr\u00e9e tout en conservant un cadre fran\u00e7ais ainsi qu\u2019un moteur assembl\u00e9 en France, et ce sans compromis sur les composants.<\/p>\n<p><a href=\"https:\/\/images.frandroid.com\/wp-content\/uploads\/2025\/04\/radior-colibri-velo-electrique-origine-france-garantie.jpg\" target=\"_blank\" class=\"article-content__figure\" rel=\"noopener\"><img fetchpriority=\"high\" decoding=\"async\" loading=\"eager\" width=\"1200\" height=\"800\" src=\"https:\/\/www.europesays.com\/fr\/wp-content\/uploads\/2025\/04\/radior-colibri-velo-electrique-origine-france-garantie-1200x800-1.jpg\" alt=\"Radior Colibri v\u00e9lo \u00e9lectrique origine france garantie\" class=\"wp-image-2595817 wp-image wp-image\"  \/><\/a>Source : M. Lauraux pour Frandroid<\/p>\n<p>Marque plus que centenaire relanc\u00e9e voil\u00e0 5 ans, <a href=\"https:\/\/www.frandroid.com\/survoltes\/velo-electrique\/1961414_on-a-vu-lun-des-velos-electriques-les-plus-francais-et-il-donne-envie-voici-le-radior\" target=\"_blank\" rel=\"noopener\">Radior <\/a>reconstruit peu \u00e0 peu sa gamme de <a href=\"https:\/\/www.frandroid.com\/guide-dachat\/guides-dachat-survoltes\/guides-dachat-velos-electriques\/917361_guide-achat-choisir-meilleurs-velos-electriques-vae\" target=\"_blank\" rel=\"noopener\">v\u00e9los \u00e9lectriques<\/a>. Le Phen\u2019x a d\u00e9j\u00e0 pris son envol, suivi <a href=\"https:\/\/www.frandroid.com\/survoltes\/velo-electrique\/2506103_jai-roule-avec-le-velo-cargo-electrique-le-plus-francais-jamais-fabrique-moteur-puissant-et-belle-agilite\" target=\"_blank\" rel=\"noopener\">du biporteur Simurgh que nous avons pris en main<\/a> au Salon du 2 Roues, et d\u00e9sormais avec le plus abordable Colibri.<\/p>\n<p>Un cadre fabriqu\u00e9 en France<\/p>\n<p>Le Radio Colibri, c\u2019est le petit fr\u00e8re du Phen\u2019x, \u00e0 mi-chemin entre le VAE urbain polyvalent et le <a href=\"https:\/\/www.frandroid.com\/guide-dachat\/1927962_meilleurs-vtc-electriques-quel-velo-de-trekking-choisir\" target=\"_blank\" rel=\"noopener\">VTC \u00e9lectrique<\/a>. Tout comme les autres mod\u00e8les, il s\u2019appuie toujours sur un cadre en acier fabriqu\u00e9 en France.<\/p>\n<p><a href=\"https:\/\/images.frandroid.com\/wp-content\/uploads\/2025\/04\/radior-colibri-cadre-france.jpg\" target=\"_blank\" class=\"article-content__figure\" rel=\"noopener\"><img loading=\"lazy\" decoding=\"async\" width=\"1200\" height=\"800\" src=\"https:\/\/www.europesays.com\/fr\/wp-content\/uploads\/2025\/04\/radior-colibri-cadre-france-1200x800.jpg\" alt=\"Radior Colibri cadre france\" class=\"wp-image-2595833 wp-image\"  \/><\/a>Source : M. Lauraux pour Frandroid<\/p>\n<p>Afin de r\u00e9duire le prix, la firme fran\u00e7aise emploie des tubes standards qu\u2019elles n\u2019a pas con\u00e7us en interne. Assez curieux, sp\u00e9cialement au niveau de la poutre diagonale, ce cadre ouvert vient \u00e9pouser le syst\u00e8me \u00e9lectrique Yamaha et sa future version (que l\u2019on devrait voir appara\u00eetre d\u2019ici 2026).<\/p>\n<p>Moteur efficient, de beaux composants<\/p>\n<p>Adieu le moteur Valeo Cyclee \u00e0 bo\u00eete automatique, et il faut rappeler que le rempla\u00e7ant <a href=\"https:\/\/www.frandroid.com\/marques\/yamaha\/1983350_on-a-visite-lusine-ultra-moderne-de-yamaha-qui-fabrique-des-moteurs-pour-velo-electrique\" target=\"_blank\" rel=\"noopener\">Yamaha PW-S2 est un moteur central assembl\u00e9 en France<\/a> ! D\u2019un couple de 75 Nm, ce bloc est comparable \u00e0 un Bosch Performance Line mais se distingue par son efficience (voir notre essai du <a href=\"https:\/\/www.frandroid.com\/produits\/velo-electrique\/winora\/1732953-winora-yucatan-x8\" target=\"_blank\" rel=\"noopener\">Winora Yucatan X8<\/a>). On comprend ainsi l\u2019appellation Colibri\u2026<\/p>\n<p>\t\t\t\t\t\t<a href=\"https:\/\/images.frandroid.com\/wp-content\/uploads\/2025\/04\/radior-colibri-enviolo.jpg\" itemprop=\"url\" target=\"_blank\" rel=\"noopener\"><\/p>\n<p>\t\t\t\t\t\t\t<img decoding=\"async\" class=\"wp-image\" src=\"https:\/\/www.europesays.com\/fr\/wp-content\/uploads\/2025\/04\/radior-colibri-enviolo.jpg\"  width=\"459\" height=\"306\" loading=\"lazy\" data-original-width=\"459\" data-original-height=\"306\" itemprop=\"http:\/\/schema.org\/image\" title=\"Radior Colibri Enviolo\" alt=\"Source : M. Lauraux pour Frandroid\" style=\"width: 459px; height: 306px;\"\/><br \/>\n\t\t\t\t\t\t<\/a><\/p>\n<p>\n\t\t\t\t\t\t\t\tSource : M. Lauraux pour Frandroid\t\t\t\t\t\t\t<\/p>\n<p>\t\t\t\t\t\t<a href=\"https:\/\/images.frandroid.com\/wp-content\/uploads\/2025\/04\/radior-colibri-equipement.jpg\" itemprop=\"url\" target=\"_blank\" rel=\"noopener\"><\/p>\n<p>\t\t\t\t\t\t\t<img decoding=\"async\" class=\"wp-image\" src=\"https:\/\/www.europesays.com\/fr\/wp-content\/uploads\/2025\/04\/radior-colibri-equipement.jpg\"  width=\"459\" height=\"305\" loading=\"lazy\" data-original-width=\"459\" data-original-height=\"305\" itemprop=\"http:\/\/schema.org\/image\" title=\"Radior Colibri \u00e9quipement\" alt=\"Source : M. Lauraux pour Frandroid\" style=\"width: 459px; height: 305px;\"\/><br \/>\n\t\t\t\t\t\t<\/a><\/p>\n<p>\n\t\t\t\t\t\t\t\tSource : M. Lauraux pour Frandroid\t\t\t\t\t\t\t<\/p>\n<p>\t\t\t\t\t\t<a href=\"https:\/\/images.frandroid.com\/wp-content\/uploads\/2025\/04\/radior-colibri-fourche-suspendue.jpg\" itemprop=\"url\" target=\"_blank\" rel=\"noopener\"><\/p>\n<p>\t\t\t\t\t\t\t<img decoding=\"async\" class=\"wp-image\" src=\"https:\/\/www.europesays.com\/fr\/wp-content\/uploads\/2025\/04\/radior-colibri-fourche-suspendue.jpg\"  width=\"461\" height=\"615\" loading=\"lazy\" data-original-width=\"461\" data-original-height=\"615\" itemprop=\"http:\/\/schema.org\/image\" title=\"Radior Colibri fourche suspendue\" alt=\"Source : M. Lauraux pour Frandroid\" style=\"width: 461px; height: 615px;\"\/><br \/>\n\t\t\t\t\t\t<\/a><\/p>\n<p>\n\t\t\t\t\t\t\t\tSource : M. Lauraux pour Frandroid\t\t\t\t\t\t\t<\/p>\n<p>\t\t\t\t\t\t<a href=\"https:\/\/images.frandroid.com\/wp-content\/uploads\/2025\/04\/radior-colibri-freins-magura.jpg\" itemprop=\"url\" target=\"_blank\" rel=\"noopener\"><\/p>\n<p>\t\t\t\t\t\t\t<img decoding=\"async\" class=\"wp-image\" src=\"https:\/\/www.europesays.com\/fr\/wp-content\/uploads\/2025\/04\/radior-colibri-freins-magura.jpg\"  width=\"599\" height=\"399\" loading=\"lazy\" data-original-width=\"599\" data-original-height=\"399\" itemprop=\"http:\/\/schema.org\/image\" title=\"Radior Colibri freins Magura\" alt=\"Source : M. Lauraux pour Frandroid\" style=\"width: 599px; height: 399px;\"\/><br \/>\n\t\t\t\t\t\t<\/a><\/p>\n<p>\n\t\t\t\t\t\t\t\tSource : M. Lauraux pour Frandroid\t\t\t\t\t\t\t<\/p>\n<p>\t\t\t\t\t\t<a href=\"https:\/\/images.frandroid.com\/wp-content\/uploads\/2025\/04\/radior-colibri-guidon.jpg\" itemprop=\"url\" target=\"_blank\" rel=\"noopener\"><\/p>\n<p>\t\t\t\t\t\t\t<img decoding=\"async\" class=\"wp-image\" src=\"https:\/\/www.europesays.com\/fr\/wp-content\/uploads\/2025\/04\/radior-colibri-guidon.jpg\"  width=\"321\" height=\"181\" loading=\"lazy\" data-original-width=\"321\" data-original-height=\"181\" itemprop=\"http:\/\/schema.org\/image\" title=\"Radior Colibri guidon\" alt=\"Radior Colibri guidon\" style=\"width: 321px; height: 181px;\"\/><br \/>\n\t\t\t\t\t\t<\/a><\/p>\n<p>\n\t\t\t\t\t\t\t\tSource : M. Lauraux pour Frandroid\t\t\t\t\t\t\t<\/p>\n<p>\t\t\t\t\t\t<a href=\"https:\/\/images.frandroid.com\/wp-content\/uploads\/2025\/04\/radior-colibri-pneus-schwalbe.jpg\" itemprop=\"url\" target=\"_blank\" rel=\"noopener\"><\/p>\n<p>\t\t\t\t\t\t\t<img decoding=\"async\" class=\"wp-image\" src=\"https:\/\/www.europesays.com\/fr\/wp-content\/uploads\/2025\/04\/radior-colibri-pneus-schwalbe.jpg\"  width=\"321\" height=\"214\" loading=\"lazy\" data-original-width=\"321\" data-original-height=\"214\" itemprop=\"http:\/\/schema.org\/image\" title=\"Radior Colibri pneus Schwalbe\" alt=\"Source : M. Lauraux pour Frandroid\" style=\"width: 321px; height: 214px;\"\/><br \/>\n\t\t\t\t\t\t<\/a><\/p>\n<p>\n\t\t\t\t\t\t\t\tSource : M. Lauraux pour Frandroid\t\t\t\t\t\t\t<\/p>\n<p>Les deux pi\u00e8ces ma\u00eetresses du Radior Colibri \u00e9tant en France, tout comme les roues Mach 1 et l\u2019assemblage, la marque conserve le label Origine France Garantie (au moins 80 % de valeur).<\/p>\n<p>Le reste des composants provient de l\u2019\u00e9tranger, avec un segment plut\u00f4t haut de gamme. Notons la pr\u00e9sence de freins Magura MT Sport (Allemagne), d\u2019une Selle Italia GT (Italie), d\u2019une fourche Suntour \u00e0 80 mm de d\u00e9battement et d\u2019une transmission Enviolo City (Chine).<\/p>\n<p>Un VAE fabriqu\u00e9 en France pour moins de 3 000 euros<\/p>\n<p>Malgr\u00e9 localisation d\u2019une partie de la production et de composants r\u00e9put\u00e9s, le Radior Colibri affiche <a href=\"https:\/\/radior-bike.fr\/produit\/velo-electrique-colibri\/\" target=\"_blank\" rel=\"noopener\">un prix de 2\u2009990\u00a0euros<\/a>, plut\u00f4t attractif\u2009! En cadre ouvert et taille unique, le Colibri propose deux coloris, gris et bleu.<\/p>\n<p><a href=\"https:\/\/images.frandroid.com\/wp-content\/uploads\/2025\/04\/radior-colibri-vae-france-scaled.jpg\" target=\"_blank\" class=\"article-content__figure\" rel=\"noopener\"><img loading=\"lazy\" decoding=\"async\" width=\"1200\" height=\"900\" src=\"https:\/\/www.europesays.com\/fr\/wp-content\/uploads\/2025\/04\/radior-colibri-vae-france-1200x900.jpg\" alt=\"Radior Colibri VAE france\" class=\"wp-image-2595837 wp-image\"  \/><\/a><\/p>\n<p>Ce v\u00e9lo \u00e9lectrique devrait ouvrir ses pr\u00e9commandes d\u2019ici le d\u00e9but de l\u2019\u00e9t\u00e9, avant une commercialisation courant septembre 2025. Une nouveaut\u00e9 en cache une autre, puisque le <a href=\"https:\/\/www.frandroid.com\/survoltes\/velo-electrique\/2056644_ce-velo-electrique-francais-integre-une-suspension-inedite-une-lame-composite-tiree-on-vous-explique-ce-que-cest\" target=\"_blank\" rel=\"noopener\">Radior K<\/a> pourrait rejoindre la gamme d\u2019ici la fin de l\u2019ann\u00e9e.<\/p>\n<p><strong><a href=\"https:\/\/www.twitch.tv\/frandroidlive\" target=\"_blank\" rel=\"noopener\">Notre \u00e9mission Twitch SURVOLT\u00c9S<\/a><\/strong>, c\u2019est un mercredi sur deux de 18h \u00e0 20h : retrouvez-nous pour parler voiture \u00e9lectrique ou v\u00e9lo \u00e9lectrique, autour de d\u00e9bats, d\u2019interviews, d\u2019analyses et de jeux !<\/p>\n","protected":false},"excerpt":{"rendered":"Troisi\u00e8me mod\u00e8le de la marque Radior, le v\u00e9lo \u00e9lectrique Colibri abaisse le ticket d\u2019entr\u00e9e tout en conservant un&hellip;\n","protected":false},"author":2,"featured_media":54378,"comment_status":"","ping_status":"","sticky":false,"template":"","format":"standard","meta":{"footnotes":""},"categories":[4],"tags":[11,1011,27,14883,12,14884,14885,14886,25,14832,14887],"class_list":{"0":"post-54377","1":"post","2":"type-post","3":"status-publish","4":"format-standard","5":"has-post-thumbnail","7":"category-france","8":"tag-actualites","9":"tag-fr","10":"tag-france","11":"tag-made-in-france","12":"tag-news","13":"tag-origine-france-garantie","14":"tag-radior","15":"tag-radior-colibri","16":"tag-republique-francaise","17":"tag-velo-in-paris-2025","18":"tag-yamaha-pw-s2"},"share_on_mastodon":{"url":"https:\/\/pubeurope.com\/@fr\/114404272672986496","error":""},"_links":{"self":[{"href":"https:\/\/www.europesays.com\/fr\/wp-json\/wp\/v2\/posts\/54377","targetHints":{"allow":["GET"]}}],"collection":[{"href":"https:\/\/www.europesays.com\/fr\/wp-json\/wp\/v2\/posts"}],"about":[{"href":"https:\/\/www.europesays.com\/fr\/wp-json\/wp\/v2\/types\/post"}],"author":[{"embeddable":true,"href":"https:\/\/www.europesays.com\/fr\/wp-json\/wp\/v2\/users\/2"}],"replies":[{"embeddable":true,"href":"https:\/\/www.europesays.com\/fr\/wp-json\/wp\/v2\/comments?post=54377"}],"version-history":[{"count":0,"href":"https:\/\/www.europesays.com\/fr\/wp-json\/wp\/v2\/posts\/54377\/revisions"}],"wp:featuredmedia":[{"embeddable":true,"href":"https:\/\/www.europesays.com\/fr\/wp-json\/wp\/v2\/media\/54378"}],"wp:attachment":[{"href":"https:\/\/www.europesays.com\/fr\/wp-json\/wp\/v2\/media?parent=54377"}],"wp:term":[{"taxonomy":"category","embeddable":true,"href":"https:\/\/www.europesays.com\/fr\/wp-json\/wp\/v2\/categories?post=54377"},{"taxonomy":"post_tag","embeddable":true,"href":"https:\/\/www.europesays.com\/fr\/wp-json\/wp\/v2\/tags?post=54377"}],"curies":[{"name":"wp","href":"https:\/\/api.w.org\/{rel}","templated":true}]}}