{"id":54379,"date":"2025-04-26T12:30:09","date_gmt":"2025-04-26T12:30:09","guid":{"rendered":"https:\/\/www.europesays.com\/fr\/54379\/"},"modified":"2025-04-26T12:30:09","modified_gmt":"2025-04-26T12:30:09","slug":"un-ex-ambassadeur-au-chevet-du-golf","status":"publish","type":"post","link":"https:\/\/www.europesays.com\/fr\/54379\/","title":{"rendered":"Un ex-ambassadeur au chevet du golf"},"content":{"rendered":"<p class=\"\">Il semblait au fond du trou, mais le Golf de la Gruy\u00e8re donne quelques signes de vie. Deux soci\u00e9t\u00e9s li\u00e9es \u00e0 son projet d\u2019extension comptent \u00e0 nouveau des pilotes \u00e0 leur bord. Fille de l\u2019investisseur chinois YongJun Li, Jiayi Li est d\u00e9sormais pr\u00e9sidente du conseil d\u2019administration de la soci\u00e9t\u00e9 Resort Management SA, l\u2019entit\u00e9 en charge de la construction du complexe immobilier et h\u00f4telier estim\u00e9 \u00e0 350\u00a0millions de francs. L\u2019habitante de Shenzhen devient en outre\u00a0g\u00e9rante pr\u00e9sidente de Resort Energy S\u00e0rl, la soci\u00e9t\u00e9 de d\u00e9veloppement du projet de centrale de chauffe destin\u00e9e \u00e0 alimenter l\u2019ensemble du site.<\/p>\n","protected":false},"excerpt":{"rendered":"Il semblait au fond du trou, mais le Golf de la Gruy\u00e8re donne quelques signes de vie. Deux&hellip;\n","protected":false},"author":2,"featured_media":54380,"comment_status":"","ping_status":"","sticky":false,"template":"","format":"standard","meta":{"footnotes":""},"categories":[1418],"tags":[523,309,4476,312,1011,27,14888,1472,14890,14889,60,3067,2086],"class_list":{"0":"post-54379","1":"post","2":"type-post","3":"status-publish","4":"format-standard","5":"has-post-thumbnail","7":"category-golf","8":"tag-banque","9":"tag-chine","10":"tag-construction","11":"tag-diplomatie","12":"tag-fr","13":"tag-france","14":"tag-fribourg","15":"tag-golf","16":"tag-gruyere","17":"tag-pont-la-ville","18":"tag-sports","19":"tag-suisse","20":"tag-travaux"},"share_on_mastodon":{"url":"https:\/\/pubeurope.com\/@fr\/114404276504783975","error":""},"_links":{"self":[{"href":"https:\/\/www.europesays.com\/fr\/wp-json\/wp\/v2\/posts\/54379","targetHints":{"allow":["GET"]}}],"collection":[{"href":"https:\/\/www.europesays.com\/fr\/wp-json\/wp\/v2\/posts"}],"about":[{"href":"https:\/\/www.europesays.com\/fr\/wp-json\/wp\/v2\/types\/post"}],"author":[{"embeddable":true,"href":"https:\/\/www.europesays.com\/fr\/wp-json\/wp\/v2\/users\/2"}],"replies":[{"embeddable":true,"href":"https:\/\/www.europesays.com\/fr\/wp-json\/wp\/v2\/comments?post=54379"}],"version-history":[{"count":0,"href":"https:\/\/www.europesays.com\/fr\/wp-json\/wp\/v2\/posts\/54379\/revisions"}],"wp:featuredmedia":[{"embeddable":true,"href":"https:\/\/www.europesays.com\/fr\/wp-json\/wp\/v2\/media\/54380"}],"wp:attachment":[{"href":"https:\/\/www.europesays.com\/fr\/wp-json\/wp\/v2\/media?parent=54379"}],"wp:term":[{"taxonomy":"category","embeddable":true,"href":"https:\/\/www.europesays.com\/fr\/wp-json\/wp\/v2\/categories?post=54379"},{"taxonomy":"post_tag","embeddable":true,"href":"https:\/\/www.europesays.com\/fr\/wp-json\/wp\/v2\/tags?post=54379"}],"curies":[{"name":"wp","href":"https:\/\/api.w.org\/{rel}","templated":true}]}}