{"id":543814,"date":"2025-11-19T03:03:12","date_gmt":"2025-11-19T03:03:12","guid":{"rendered":"https:\/\/www.europesays.com\/fr\/543814\/"},"modified":"2025-11-19T03:03:12","modified_gmt":"2025-11-19T03:03:12","slug":"deux-diners-a-4-mains-ippei-uemara-et-julien-diaz-au-restaurant-tabi","status":"publish","type":"post","link":"https:\/\/www.europesays.com\/fr\/543814\/","title":{"rendered":"deux d\u00eeners \u00e0 4 mains Ippei Uemara et Julien Diaz au restaurant Tabi"},"content":{"rendered":"<p>Les nostalgiques de feu le restaurant Saisons (devenu depuis <a href=\"https:\/\/www.laprovence.com\/article\/region\/10238979501578\/m-rencontre-les-belles-envies-gastro-de-mathieu-bourdoiseau\" target=\"_blank\" rel=\"noopener\">M\u00a0Rencontre<\/a> sous la patte talentueuse de Mathieu Bourdoiseau et Manon Dubois) peuvent se r\u00e9jouir : les mercredi 26 et jeudi 27 novembre, le chef japonais Ippei Uemura leur donnera l\u2019occasion de recroiser la cuisine du Marseillais Julien Diaz.<\/p>\n<p>Les deux chefs cuisineront en effet ensemble pour deux d\u00eeners exceptionnels au sein du restaurant Tabi, sur la corniche Kennedy \u00e0 Marseille (7e).<\/p>\n<p>Cette rencontre culinaire ne doit rien au hasard. Le chef originaire de Kyoto et amoureux de Marseille est un ami de longue date de son confr\u00e8re marseillais, nourri aux mangas et anime des ann\u00e9es\u00a080.<\/p>\n<p>Sept temps mariant Japon et M\u00e9diterran\u00e9e<\/p>\n<p>Les deux soir\u00e9es, baptis\u00e9es \u00ab\u00a0Des \u00eeles aux \u00e9toiles\u00a0\u00bb, seront l\u2019occasion d\u2019une belle rencontre entre la partition kaiseki (la haute gastronomie nippone) d\u2019Ippei Uemura et la cuisine m\u00e9diterran\u00e9enne du chef Julien Diaz.<\/p>\n<p>Le menu en sept temps mettra \u00e0 l\u2019honneur le champignon (c\u00e8pe en tempura, chawanmushi aux go\u00fbts de sous-bois\u2026), les produits de la M\u00e9diterran\u00e9e (daurade et hu\u00eetres de Tamaris, anchois sauce oursin\u2026) ou encore les plus japonais b\u0153uf wagyu et anguilles grill\u00e9es.<\/p>\n<p><strong>160\u00a0\u20ac par personne, r\u00e9servations en ligne <a href=\"https:\/\/tabi.bonkdo.com\/fr\/events\/diner-a-4-mains-des-chefs-ippei-uemura-et-julien-diaz-le-retour-de-letoilesur-le-tablier-869\/\" target=\"_blank\" rel=\"noopener\">ici<\/a>. Tabi, 165 corniche Pr\u00e9sident-John-Fitzgerald-Kennedy, Marseille 7e, 04 91 22 09\u00a033.<\/strong><\/p>\n","protected":false},"excerpt":{"rendered":"Les nostalgiques de feu le restaurant Saisons (devenu depuis M\u00a0Rencontre sous la patte talentueuse de Mathieu Bourdoiseau et&hellip;\n","protected":false},"author":2,"featured_media":543815,"comment_status":"","ping_status":"","sticky":false,"template":"","format":"standard","meta":{"footnotes":""},"categories":[2814],"tags":[17,1111,11,4070,28936,27385,1777,674,1011,27,1661,66221,28935,64866,884,12,882,25,66222],"class_list":{"0":"post-543814","1":"post","2":"type-post","3":"status-publish","4":"format-standard","5":"has-post-thumbnail","7":"category-marseille","8":"tag-17","9":"tag-actu","10":"tag-actualites","11":"tag-deux","12":"tag-diaz","13":"tag-diners","14":"tag-eu","15":"tag-europe","16":"tag-fr","17":"tag-france","18":"tag-gastronomie","19":"tag-ippei","20":"tag-julien","21":"tag-mains","22":"tag-marseille","23":"tag-news","24":"tag-provence-alpes-cote-dazur","25":"tag-republique-francaise","26":"tag-uemara"},"share_on_mastodon":{"url":"https:\/\/pubeurope.com\/@fr\/115574145295741535","error":""},"_links":{"self":[{"href":"https:\/\/www.europesays.com\/fr\/wp-json\/wp\/v2\/posts\/543814","targetHints":{"allow":["GET"]}}],"collection":[{"href":"https:\/\/www.europesays.com\/fr\/wp-json\/wp\/v2\/posts"}],"about":[{"href":"https:\/\/www.europesays.com\/fr\/wp-json\/wp\/v2\/types\/post"}],"author":[{"embeddable":true,"href":"https:\/\/www.europesays.com\/fr\/wp-json\/wp\/v2\/users\/2"}],"replies":[{"embeddable":true,"href":"https:\/\/www.europesays.com\/fr\/wp-json\/wp\/v2\/comments?post=543814"}],"version-history":[{"count":0,"href":"https:\/\/www.europesays.com\/fr\/wp-json\/wp\/v2\/posts\/543814\/revisions"}],"wp:featuredmedia":[{"embeddable":true,"href":"https:\/\/www.europesays.com\/fr\/wp-json\/wp\/v2\/media\/543815"}],"wp:attachment":[{"href":"https:\/\/www.europesays.com\/fr\/wp-json\/wp\/v2\/media?parent=543814"}],"wp:term":[{"taxonomy":"category","embeddable":true,"href":"https:\/\/www.europesays.com\/fr\/wp-json\/wp\/v2\/categories?post=543814"},{"taxonomy":"post_tag","embeddable":true,"href":"https:\/\/www.europesays.com\/fr\/wp-json\/wp\/v2\/tags?post=543814"}],"curies":[{"name":"wp","href":"https:\/\/api.w.org\/{rel}","templated":true}]}}