{"id":543818,"date":"2025-11-19T03:05:25","date_gmt":"2025-11-19T03:05:25","guid":{"rendered":"https:\/\/www.europesays.com\/fr\/543818\/"},"modified":"2025-11-19T03:05:25","modified_gmt":"2025-11-19T03:05:25","slug":"la-metropole-vote-deux-deliberations-sur-les-reseaux-de-chaleur-et-de-froid","status":"publish","type":"post","link":"https:\/\/www.europesays.com\/fr\/543818\/","title":{"rendered":"La M\u00e9tropole vote deux d\u00e9lib\u00e9rations sur les r\u00e9seaux de chaleur et de froid"},"content":{"rendered":"<p><img width=\"487\" height=\"297\" src=\"https:\/\/www.europesays.com\/fr\/wp-content\/uploads\/2025\/09\/metropolegrandlyon.jpg\" class=\"attachment-post-thumbnail size-post-thumbnail wp-post-image\" alt=\"\" decoding=\"async\" fetchpriority=\"high\" \/><\/p>\n<p>(SdH\/LPI)<\/p>\n<p><strong>Ces d\u00e9lib\u00e9rations \u00e9taient relatives au fonctionnement et \u00e0 l\u2019\u00e9volution des r\u00e9seaux de chaleur et de froid urbains.<\/strong><\/p>\n<p>Le Conseil de la M\u00e9tropole de Lyon a adopt\u00e9 ce lundi deux d\u00e9lib\u00e9rations relatives au fonctionnement et \u00e0 l\u2019\u00e9volution des r\u00e9seaux de chaleur et de froid urbains de son territoire. La premi\u00e8re concernait l\u2019avenant n\u00b04 au contrat de d\u00e9l\u00e9gation du service public du r\u00e9seau de chauffage urbain du Plateau Nord, pour permettre l\u2019extension celui-ci jusqu\u2019au nord du 1er arrondissement de Lyon et prolonger le contrat jusqu\u2019en 2042.<\/p>\n<p>La seconde portait sur la pr\u00e9sentation des rapports d\u2019activit\u00e9 2024 des d\u00e9l\u00e9gataires de services publics assurant la production et la distribution de chaleur et de froid sur le territoire m\u00e9tropolitain.<\/p>\n<p>Extension du r\u00e9seau de chaleur du plateau nord<\/p>\n<p>Le r\u00e9seau de chaleur du Plateau Nord est exploit\u00e9 par la soci\u00e9t\u00e9 Plateau Nord \u00c9nergie (PNE). Celle-ci est filiale d\u2019Engie. Le r\u00e9seau dessert actuellement les communes de Rillieux-la-Pape, Caluire-et-Cuire, Sathonay-Camp, Fontaines-sur-Sa\u00f4ne et le 4\u1d49 arrondissement de Lyon. L\u2019avenant adopt\u00e9 pr\u00e9voit l\u2019extension du r\u00e9seau au nord du 1er arrondissement, et un d\u00e9veloppement sur Caluire-et-Cuire et le 4\u00e8me arrondissement, la prolongation du contrat de d\u00e9l\u00e9gation jusqu\u2019en 2042 et la poursuite des investissements techniques pour 58 millions d\u2019euros n\u00e9cessaires \u00e0 l\u2019exploitation du service. <\/p>\n<p><img decoding=\"async\" src=\"https:\/\/www.europesays.com\/fr\/wp-content\/uploads\/2025\/04\/abonnezvouslarge.jpg\" alt=\"\" \/><\/p>\n<p>Pour lire la totalit\u00e9 de l&rsquo;article,<strong> <a href=\"http:\/\/www.lyonpoleimmo.com\/membership-options-page\/\" target=\"_blank\" rel=\"noopener\">abonnez-vous<\/a> <\/strong>ou <a href=\"http:\/\/www.lyonpoleimmo.com\/senregistrer\/\" target=\"_blank\" rel=\"noopener\"><strong>identifiez-vous<\/strong><\/a> <\/p>\n<p><strong>Si vous avez appr\u00e9ci\u00e9 cet article, s&rsquo;il vous plait, prenez le temps de <a href=\"#comments\">laisser un commentaire<\/a> ou de <a href=\"http:\/\/www.lyonpoleimmo.com\/feed\/\" target=\"_blank\" rel=\"noopener\">souscrire au flux<\/a> afin de recevoir les futurs articles directement dans votre lecteur de flux.<br \/>\n    <\/strong><\/p>\n<p>\t<a href=\"http:\/\/www.lyonpoleimmo.com\/2025\/11\/18\/92996\/legere-hausse-des-taux-en-auvergne-rhone-alpes\/\" rel=\"bookmark noopener\" title=\"Lien Permanent vers L\u00e9g\u00e8re hausse des taux en Auvergne-Rh\u00f4ne-Alpes\" target=\"_blank\">L\u00e9g\u00e8re hausse des taux en Auvergne-Rh\u00f4ne-Alpes<\/a><\/p>\n<p>\t<a href=\"http:\/\/www.lyonpoleimmo.com\/2025\/11\/18\/92996\/legere-hausse-des-taux-en-auvergne-rhone-alpes\/\" rel=\"bookmark noopener\" title=\"Lien Permanent vers L\u00e9g\u00e8re hausse des taux en Auvergne-Rh\u00f4ne-Alpes\" target=\"_blank\"><\/p>\n<p><img loading=\"lazy\" decoding=\"async\" class=\"attachment-post-thumbnail size-post-thumbnail wp-post-image\" src=\"https:\/\/www.europesays.com\/fr\/wp-content\/uploads\/2025\/11\/immeuble84.jpg\" alt=\"\" width=\"487\" height=\"299\" \/>Empruntis a fait part en ce d\u00e9but de semaine de son barom\u00e8tre sur les taux r\u00e9gionaux.<\/p>\n<p><\/a><\/p>\n<p>\t<a href=\"http:\/\/www.lyonpoleimmo.com\/2025\/11\/18\/92993\/la-metropole-vote-deux-deliberations-sur-les-reseaux-de-chaleur-et-de-froid\/\" rel=\"bookmark noopener\" title=\"Lien Permanent vers La M\u00e9tropole vote deux d\u00e9lib\u00e9rations sur les r\u00e9seaux de chaleur et de froid\" target=\"_blank\">La M\u00e9tropole vote deux d\u00e9lib\u00e9rations sur les r\u00e9seaux de chaleur et de froid<\/a><\/p>\n<p>\t<a href=\"http:\/\/www.lyonpoleimmo.com\/2025\/11\/18\/92993\/la-metropole-vote-deux-deliberations-sur-les-reseaux-de-chaleur-et-de-froid\/\" rel=\"bookmark noopener\" title=\"Lien Permanent vers La M\u00e9tropole vote deux d\u00e9lib\u00e9rations sur les r\u00e9seaux de chaleur et de froid\" target=\"_blank\"><\/p>\n<p>Ces d\u00e9lib\u00e9rations \u00e9taient relatives au fonctionnement et \u00e0 l\u2019\u00e9volution des r\u00e9seaux de chaleur et de froid urbains.<\/p>\n<p><\/a><\/p>\n<p>\t<a href=\"http:\/\/www.lyonpoleimmo.com\/2025\/11\/18\/92987\/la-metropole-de-lyon-cree-la-cooperative-logement-dabord\/\" rel=\"bookmark noopener\" title=\"Lien Permanent vers La M\u00e9tropole de Lyon cr\u00e9e la coop\u00e9rative \u00ab Logement d\u2019Abord\u00bb\" target=\"_blank\">La M\u00e9tropole de Lyon cr\u00e9e la coop\u00e9rative \u00ab Logement d\u2019Abord\u00bb<\/a><\/p>\n<p>\t<a href=\"http:\/\/www.lyonpoleimmo.com\/2025\/11\/18\/92987\/la-metropole-de-lyon-cree-la-cooperative-logement-dabord\/\" rel=\"bookmark noopener\" title=\"Lien Permanent vers La M\u00e9tropole de Lyon cr\u00e9e la coop\u00e9rative \u00ab Logement d\u2019Abord\u00bb\" target=\"_blank\"><\/p>\n<p><img decoding=\"async\" src=\"https:\/\/www.europesays.com\/fr\/wp-content\/uploads\/2025\/06\/MetropolevueGaribaldi2.jpg\" alt=\"null\" \/>La M\u00e9tropole de Lyon a vot\u00e9 lundi \u00e0 l\u2019unanimit\u00e9 en faveur de la cr\u00e9ation d\u2019une coop\u00e9rative pour transformer des logements vacants en logements pour les plus pr\u00e9caires.<\/p>\n<p><\/a><\/p>\n<p>\t<a href=\"http:\/\/www.lyonpoleimmo.com\/2025\/11\/18\/92981\/bruno-bernard-fustige-le-declinisme-dun-soutien-daulas-sur-le-tourisme\/\" rel=\"bookmark noopener\" title=\"Lien Permanent vers Bruno Bernard fustige le d\u00e9clinisme d\u2019un soutien d\u2019Aulas sur le tourisme\" target=\"_blank\">Bruno Bernard fustige le d\u00e9clinisme d\u2019un soutien d\u2019Aulas sur le tourisme<\/a><\/p>\n<p>\t<a href=\"http:\/\/www.lyonpoleimmo.com\/2025\/11\/18\/92981\/bruno-bernard-fustige-le-declinisme-dun-soutien-daulas-sur-le-tourisme\/\" rel=\"bookmark noopener\" title=\"Lien Permanent vers Bruno Bernard fustige le d\u00e9clinisme d\u2019un soutien d\u2019Aulas sur le tourisme\" target=\"_blank\"><\/p>\n<p>Suite \u00e0 l\u2019interpellation de Pierre Chambon lundi sur la baisse du RevPar en conseil de la M\u00e9tropole, le pr\u00e9sident de la collectivit\u00e9 a r\u00e9pondu \u00e0 celui qui soutient la candidature de Jean-Michel Aulas.<\/p>\n<p><\/a><\/p>\n<p>\t<a href=\"http:\/\/www.lyonpoleimmo.com\/2025\/11\/17\/92974\/pierre-chambon-fustige-des-chiffres-en-trompe-loeil-sur-le-tourisme-lyonnais\/\" rel=\"bookmark noopener\" title=\"Lien Permanent vers Pierre Chambon fustige des chiffres en trompe-l\u2019\u0153il sur le tourisme lyonnais\" target=\"_blank\">Pierre Chambon fustige des chiffres en trompe-l\u2019\u0153il sur le tourisme lyonnais<\/a><\/p>\n<p>\t<a href=\"http:\/\/www.lyonpoleimmo.com\/2025\/11\/17\/92974\/pierre-chambon-fustige-des-chiffres-en-trompe-loeil-sur-le-tourisme-lyonnais\/\" rel=\"bookmark noopener\" title=\"Lien Permanent vers Pierre Chambon fustige des chiffres en trompe-l\u2019\u0153il sur le tourisme lyonnais\" target=\"_blank\"><\/p>\n<p><img decoding=\"async\" src=\"https:\/\/www.europesays.com\/fr\/wp-content\/uploads\/2025\/11\/Pierre-Chambon.jpg\" \/>Le soutien de Jean-Michel Aulas a, lors du Conseil de la M\u00e9tropole, clairement critiqu\u00e9 \u00abune rupture nette avec la dynamique ant\u00e9rieure\u00bb, qui reposait sur une promotion sur les march\u00e9s internationaux.<\/p>\n<p><\/a><\/p>\n<p>\t<a href=\"http:\/\/www.lyonpoleimmo.com\/2025\/11\/17\/92968\/caroline-martin-rejoint-jll-lyon\/\" rel=\"bookmark noopener\" title=\"Lien Permanent vers Caroline Martin rejoint JLL Lyon\" target=\"_blank\">Caroline Martin rejoint JLL Lyon<\/a><\/p>\n<p>\t<a href=\"http:\/\/www.lyonpoleimmo.com\/2025\/11\/17\/92968\/caroline-martin-rejoint-jll-lyon\/\" rel=\"bookmark noopener\" title=\"Lien Permanent vers Caroline Martin rejoint JLL Lyon\" target=\"_blank\"><\/p>\n<p>Elle interviendra sur le segment PMS au sein du secteur Lyon intra-muros et Est lyonnais.<\/p>\n<p><\/a><\/p>\n<p>\t<a href=\"http:\/\/www.lyonpoleimmo.com\/2025\/11\/17\/92957\/la-place-des-martyrs-de-la-resistance-a-ete-inauguree\/\" rel=\"bookmark noopener\" title=\"Lien Permanent vers La place des Martyrs de la R\u00e9sistance a \u00e9t\u00e9 inaugur\u00e9e\" target=\"_blank\">La place des Martyrs de la R\u00e9sistance a \u00e9t\u00e9 inaugur\u00e9e<\/a><\/p>\n<p>\t<a href=\"http:\/\/www.lyonpoleimmo.com\/2025\/11\/17\/92957\/la-place-des-martyrs-de-la-resistance-a-ete-inauguree\/\" rel=\"bookmark noopener\" title=\"Lien Permanent vers La place des Martyrs de la R\u00e9sistance a \u00e9t\u00e9 inaugur\u00e9e\" target=\"_blank\"><\/p>\n<p><img decoding=\"async\" src=\"https:\/\/www.europesays.com\/fr\/wp-content\/uploads\/2025\/11\/place-martyrs-resistance4.jpg\" alt=\"null\" \/>La r\u00e9novation de la place des Martyrs de la R\u00e9sistance, inaugur\u00e9e jeudi, a consist\u00e9 en un am\u00e9nagement sobre pour en faire un v\u00e9ritable espace public v\u00e9g\u00e9talis\u00e9, \u00e0 m\u00eame d\u2019accueillir plusieurs usages.<\/p>\n<p><\/a><\/p>\n<p>\t<a href=\"http:\/\/www.lyonpoleimmo.com\/2025\/11\/16\/92936\/le-statut-du-bailleur-prive-a-ete-adopte\/\" rel=\"bookmark noopener\" title=\"Lien Permanent vers Le statut du bailleur priv\u00e9 a \u00e9t\u00e9 adopt\u00e9\" target=\"_blank\">Le statut du bailleur priv\u00e9 a \u00e9t\u00e9 adopt\u00e9<\/a><\/p>\n<p>\t<a href=\"http:\/\/www.lyonpoleimmo.com\/2025\/11\/16\/92936\/le-statut-du-bailleur-prive-a-ete-adopte\/\" rel=\"bookmark noopener\" title=\"Lien Permanent vers Le statut du bailleur priv\u00e9 a \u00e9t\u00e9 adopt\u00e9\" target=\"_blank\"><\/p>\n<p><img decoding=\"async\" src=\"https:\/\/www.europesays.com\/fr\/wp-content\/uploads\/2025\/11\/immeubles72.jpg\" alt=\"null\" \/>Les d\u00e9put\u00e9s ont approuv\u00e9 vendredi la cr\u00e9ation de ce dispositif qui vise \u00e0 favoriser l\u2019investissement locatif.<\/p>\n<p><\/a><\/p>\n<p>\t<a href=\"http:\/\/www.lyonpoleimmo.com\/2025\/11\/14\/92926\/immobilier-neuf-quasi-stabilite-des-reservations-des-particuliers-au-3e-trimestre\/\" rel=\"bookmark noopener\" title=\"Lien Permanent vers Immobilier neuf : quasi stabilit\u00e9 des r\u00e9servations des particuliers au 3e trimestre\" target=\"_blank\">Immobilier neuf : quasi stabilit\u00e9 des r\u00e9servations des particuliers au 3e trimestre<\/a><\/p>\n<p>\t<a href=\"http:\/\/www.lyonpoleimmo.com\/2025\/11\/14\/92926\/immobilier-neuf-quasi-stabilite-des-reservations-des-particuliers-au-3e-trimestre\/\" rel=\"bookmark noopener\" title=\"Lien Permanent vers Immobilier neuf : quasi stabilit\u00e9 des r\u00e9servations des particuliers au 3e trimestre\" target=\"_blank\"><\/p>\n<p><img decoding=\"async\" src=\"https:\/\/www.europesays.com\/fr\/wp-content\/uploads\/2025\/11\/chantier-construction-maison.jpg\" alt=\"null\" \/>Les r\u00e9servations par des particuliers augmentent tr\u00e8s l\u00e9g\u00e8rement, de 0,4%, compar\u00e9 au trimestre pr\u00e9c\u00e9dent.  <\/p>\n<p><\/a><\/p>\n<p>\t<a href=\"http:\/\/www.lyonpoleimmo.com\/2025\/11\/14\/92929\/eiffage-une-commercialisation-de-logements-un-peu-plus-forte-quil-y-a-un-an\/\" rel=\"bookmark noopener\" title=\"Lien Permanent vers Eiffage\u00a0: une commercialisation de logements un peu plus forte qu\u2019il y a un an\" target=\"_blank\">Eiffage\u00a0: une commercialisation de logements un peu plus forte qu\u2019il y a un an<\/a><\/p>\n<p>\t<a href=\"http:\/\/www.lyonpoleimmo.com\/2025\/11\/14\/92929\/eiffage-une-commercialisation-de-logements-un-peu-plus-forte-quil-y-a-un-an\/\" rel=\"bookmark noopener\" title=\"Lien Permanent vers Eiffage\u00a0: une commercialisation de logements un peu plus forte qu\u2019il y a un an\" target=\"_blank\"><\/p>\n<p>Eiffage a fait part jeudi de ses r\u00e9sultats financiers au titre du 3e trimestre et sur 9 mois.<\/p>\n<p><\/a><\/p>\n<p>\t<a href=\"http:\/\/www.lyonpoleimmo.com\/2025\/11\/14\/92922\/andrezieux-boutheon-urgo-va-construire-une-usine-de-35-000-m%c2%b2\/\" rel=\"bookmark noopener\" title=\"Lien Permanent vers Andr\u00e9zieux-Bouth\u00e9on\u00a0: Urgo va construire une usine de 35.000 m\u00b2\" target=\"_blank\">Andr\u00e9zieux-Bouth\u00e9on\u00a0: Urgo va construire une usine de 35.000 m\u00b2<\/a><\/p>\n<p>\t<a href=\"http:\/\/www.lyonpoleimmo.com\/2025\/11\/14\/92922\/andrezieux-boutheon-urgo-va-construire-une-usine-de-35-000-m%c2%b2\/\" rel=\"bookmark noopener\" title=\"Lien Permanent vers Andr\u00e9zieux-Bouth\u00e9on\u00a0: Urgo va construire une usine de 35.000 m\u00b2\" target=\"_blank\"><\/p>\n<p>Urgo a indiqu\u00e9 ce vendredi r\u00e9aliser un investissement de 60 millions d\u2019euros pour cr\u00e9er une nouvelle usine dans la Loire, qui vise \u00e0 conqu\u00e9rir le march\u00e9 mondial de la compression m\u00e9dicale.<\/p>\n<p><\/a><\/p>\n<p>\t<a href=\"http:\/\/www.lyonpoleimmo.com\/2025\/11\/13\/92914\/2025-pourrait-constituer-la-pire-annee-pour-le-logement-neuf\/\" rel=\"bookmark noopener\" title=\"Lien Permanent vers 2025 pourrait constituer la pire ann\u00e9e pour le logement neuf\" target=\"_blank\">2025 pourrait constituer la pire ann\u00e9e pour le logement neuf<\/a><\/p>\n<p>\t<a href=\"http:\/\/www.lyonpoleimmo.com\/2025\/11\/13\/92914\/2025-pourrait-constituer-la-pire-annee-pour-le-logement-neuf\/\" rel=\"bookmark noopener\" title=\"Lien Permanent vers 2025 pourrait constituer la pire ann\u00e9e pour le logement neuf\" target=\"_blank\"><\/p>\n<p><img decoding=\"async\" src=\"https:\/\/www.europesays.com\/fr\/wp-content\/uploads\/2025\/11\/logementneuf-3.jpg\" alt=\"null\" \/>Un nouveau point bas historique pour le logement neuf a \u00e9t\u00e9 act\u00e9 au troisi\u00e8me trimestre, selon la FPI, qui appelle \u00e0 la mise en place effective, dans le projet de loi de finances, du statut du bailleur priv\u00e9.<\/p>\n<p><\/a><\/p>\n<p>\t<a href=\"http:\/\/www.lyonpoleimmo.com\/2025\/11\/13\/92911\/un-leger-mieux-pour-le-marche-locatif-qui-reste-sous-forte-tension\/\" rel=\"bookmark noopener\" title=\"Lien Permanent vers Un l\u00e9ger mieux pour le march\u00e9 locatif, qui reste sous forte tension\" target=\"_blank\">Un l\u00e9ger mieux pour le march\u00e9 locatif, qui reste sous forte tension<\/a><\/p>\n<p>\t<a href=\"http:\/\/www.lyonpoleimmo.com\/2025\/11\/13\/92911\/un-leger-mieux-pour-le-marche-locatif-qui-reste-sous-forte-tension\/\" rel=\"bookmark noopener\" title=\"Lien Permanent vers Un l\u00e9ger mieux pour le march\u00e9 locatif, qui reste sous forte tension\" target=\"_blank\"><\/p>\n<p>L\u2019Observatoire Guy Hoquet Location a fait un point jeudi sur le march\u00e9 locatif en France.<\/p>\n<p><\/a><\/p>\n<p>\t<a href=\"http:\/\/www.lyonpoleimmo.com\/2025\/11\/13\/92907\/le-secteur-du-paysage-en-nette-croissance-en-auvergne-rhone-alpes\/\" rel=\"bookmark noopener\" title=\"Lien Permanent vers Le secteur du paysage en nette croissance en Auvergne-Rh\u00f4ne-Alpes\" target=\"_blank\">Le secteur du paysage en nette croissance en Auvergne-Rh\u00f4ne-Alpes<\/a><\/p>\n<p>\t<a href=\"http:\/\/www.lyonpoleimmo.com\/2025\/11\/13\/92907\/le-secteur-du-paysage-en-nette-croissance-en-auvergne-rhone-alpes\/\" rel=\"bookmark noopener\" title=\"Lien Permanent vers Le secteur du paysage en nette croissance en Auvergne-Rh\u00f4ne-Alpes\" target=\"_blank\"><\/p>\n<p>L\u2019Union mationale des entreprises du paysage Auvergne-Rh\u00f4ne-Alpes (Unep) a d\u00e9voil\u00e9 ce jeudi les chiffres cl\u00e9s de la branche du paysage \u00e0 fin 2024.<\/p>\n<p><\/a><\/p>\n<p>\t<a href=\"http:\/\/www.lyonpoleimmo.com\/2025\/11\/12\/92902\/immobilier-neuf-une-baisse-des-prix-dans-un-contexte-de-stabilisation-des-taux\/\" rel=\"bookmark noopener\" title=\"Lien Permanent vers Immobilier neuf : une baisse des prix dans un contexte de stabilisation des taux\" target=\"_blank\">Immobilier neuf : une baisse des prix dans un contexte de stabilisation des taux<\/a><\/p>\n<p>\t<a href=\"http:\/\/www.lyonpoleimmo.com\/2025\/11\/12\/92902\/immobilier-neuf-une-baisse-des-prix-dans-un-contexte-de-stabilisation-des-taux\/\" rel=\"bookmark noopener\" title=\"Lien Permanent vers Immobilier neuf : une baisse des prix dans un contexte de stabilisation des taux\" target=\"_blank\"><\/p>\n<p><img decoding=\"async\" src=\"https:\/\/www.europesays.com\/fr\/wp-content\/uploads\/2025\/11\/logementneuf1-1.jpg\" \/>Empruntis a d\u00e9voil\u00e9 son 15e barom\u00e8tre semestriel du march\u00e9 immobilier neuf, en collaboration avec Trouver-un-logement-neuf.com.<\/p>\n<p><\/a><\/p>\n","protected":false},"excerpt":{"rendered":"(SdH\/LPI) Ces d\u00e9lib\u00e9rations \u00e9taient relatives au fonctionnement et \u00e0 l\u2019\u00e9volution des r\u00e9seaux de chaleur et de froid urbains.&hellip;\n","protected":false},"author":2,"featured_media":378953,"comment_status":"","ping_status":"","sticky":false,"template":"","format":"standard","meta":{"footnotes":""},"categories":[1889],"tags":[5265,1111,11,2430,1777,674,1011,27,2428,12,25],"class_list":{"0":"post-543818","1":"post","2":"type-post","3":"status-publish","4":"format-standard","5":"has-post-thumbnail","7":"category-lyon","8":"tag-abonnes","9":"tag-actu","10":"tag-actualites","11":"tag-auvergne-rhone-alpes","12":"tag-eu","13":"tag-europe","14":"tag-fr","15":"tag-france","16":"tag-lyon","17":"tag-news","18":"tag-republique-francaise"},"share_on_mastodon":{"url":"https:\/\/pubeurope.com\/@fr\/115574155876219337","error":""},"_links":{"self":[{"href":"https:\/\/www.europesays.com\/fr\/wp-json\/wp\/v2\/posts\/543818","targetHints":{"allow":["GET"]}}],"collection":[{"href":"https:\/\/www.europesays.com\/fr\/wp-json\/wp\/v2\/posts"}],"about":[{"href":"https:\/\/www.europesays.com\/fr\/wp-json\/wp\/v2\/types\/post"}],"author":[{"embeddable":true,"href":"https:\/\/www.europesays.com\/fr\/wp-json\/wp\/v2\/users\/2"}],"replies":[{"embeddable":true,"href":"https:\/\/www.europesays.com\/fr\/wp-json\/wp\/v2\/comments?post=543818"}],"version-history":[{"count":0,"href":"https:\/\/www.europesays.com\/fr\/wp-json\/wp\/v2\/posts\/543818\/revisions"}],"wp:featuredmedia":[{"embeddable":true,"href":"https:\/\/www.europesays.com\/fr\/wp-json\/wp\/v2\/media\/378953"}],"wp:attachment":[{"href":"https:\/\/www.europesays.com\/fr\/wp-json\/wp\/v2\/media?parent=543818"}],"wp:term":[{"taxonomy":"category","embeddable":true,"href":"https:\/\/www.europesays.com\/fr\/wp-json\/wp\/v2\/categories?post=543818"},{"taxonomy":"post_tag","embeddable":true,"href":"https:\/\/www.europesays.com\/fr\/wp-json\/wp\/v2\/tags?post=543818"}],"curies":[{"name":"wp","href":"https:\/\/api.w.org\/{rel}","templated":true}]}}