{"id":543819,"date":"2025-11-19T03:06:23","date_gmt":"2025-11-19T03:06:23","guid":{"rendered":"https:\/\/www.europesays.com\/fr\/543819\/"},"modified":"2025-11-19T03:06:23","modified_gmt":"2025-11-19T03:06:23","slug":"la-metropole-de-lyon-cree-la-cooperative-logement-dabord","status":"publish","type":"post","link":"https:\/\/www.europesays.com\/fr\/543819\/","title":{"rendered":"La M\u00e9tropole de Lyon cr\u00e9e la coop\u00e9rative \u00ab Logement d\u2019Abord\u00bb"},"content":{"rendered":"<p><img width=\"487\" height=\"298\" src=\"https:\/\/www.europesays.com\/fr\/wp-content\/uploads\/2025\/06\/MetropolevueGaribaldi2.jpg\" class=\"attachment-post-thumbnail size-post-thumbnail wp-post-image\" alt=\"\" decoding=\"async\" fetchpriority=\"high\" \/><\/p>\n<p>(SdH\/LPI)<\/p>\n<p><strong>La M\u00e9tropole de Lyon a vot\u00e9 lundi \u00e0 l\u2019unanimit\u00e9 en faveur de la cr\u00e9ation d\u2019une coop\u00e9rative pour transformer des logements vacants en logements pour les plus pr\u00e9caires.<\/strong><\/p>\n<p>La M\u00e9tropole de Lyon examinait ce lundi un projet de d\u00e9lib\u00e9ration visant \u00e0 la cr\u00e9ation d\u2019une fonci\u00e8re visant \u00e0 transformer les logements vacants en logements pour les plus pr\u00e9caires. La collectivit\u00e9 et le mouvement citoyen \u00abSolidarit\u00e9s Nouvelles pour le Logement\u00bb (SNL) avaient en effet souhait\u00e9 s\u2019associer pour lancer cette coop\u00e9rative, baptis\u00e9e \u00ab Soci\u00e9t\u00e9 coop\u00e9rative Logement d\u2019Abord\u00bb.<\/p>\n<p>L\u2019objectif de cette nouvelle fonci\u00e8re est de transformer des logements vacants en habitats accessibles pour les m\u00e9nages les plus pr\u00e9caires, tout en luttant contre la vacance immobili\u00e8re. \u00abLa M\u00e9tropole de Lyon, territoire de mise en \u0153uvre acc\u00e9l\u00e9r\u00e9e pour le Logement d\u2019Abord, renforce une nouvelle fois son action face la crise du logement et au sans-abrisme, avec la cr\u00e9ation d\u2019une Fonci\u00e8re solidaire\u00bb, a indiqu\u00e9 la collectivit\u00e9, qui pr\u00e9cise que ce nouvel outil novateur r\u00e9pond \u00e0 un triple enjeu : \u00abloger des m\u00e9nages pr\u00e9caires avec un accompagnement social, optimiser l\u2019usage des logements vacants et lutter contre les passoires et bouilloires thermiques\u00bb. Cette innovation sociale suivie de pr\u00e8s au niveau europ\u00e9en se veut r\u00e9plicable sur d\u2019autres territoires.<\/p>\n<p>Petite am\u00e9lioration des chiffres du logement<\/p>\n<p>\u00abLa politique du logement est une politique essentielle pour la M\u00e9tropole de Lyon\u00a0\u00bb, a indiqu\u00e9 le pr\u00e9sident de la M\u00e9tropole de Lyon, Bruno Bernard, qui a rappel\u00e9 la petite am\u00e9lioration des chiffres de r\u00e9servations sur la M\u00e9tropole de Lyon r\u00e9cemment d\u00e9voil\u00e9s par le CECIM. \u00abOn a 14% de r\u00e9servations de plus que l\u2019ann\u00e9e derni\u00e8re sur le logement priv\u00e9\u00a0\u00bb, a indiqu\u00e9 l\u2019\u00e9lu tout en temp\u00e9rant imm\u00e9diatement ce constat. \u00abOn reste sur des niveaux qui sont bas, indiscutablement, mais c\u2019est quant m\u00eame 14% de plus sur la M\u00e9tropole de Lyon, l\u00e0 o\u00f9, sur les ext\u00e9rieurs de la M\u00e9tropole de Lyon, on est \u00e0 -18%\u00bb, note Bruno Bernard.<\/p>\n<p><img decoding=\"async\" src=\"https:\/\/www.europesays.com\/fr\/wp-content\/uploads\/2025\/04\/abonnezvouslarge.jpg\" alt=\"\" \/><\/p>\n<p>Pour lire la totalit\u00e9 de l&rsquo;article,<strong> <a href=\"http:\/\/www.lyonpoleimmo.com\/membership-options-page\/\" target=\"_blank\" rel=\"noopener\">abonnez-vous<\/a> <\/strong>ou <a href=\"http:\/\/www.lyonpoleimmo.com\/senregistrer\/\" target=\"_blank\" rel=\"noopener\"><strong>identifiez-vous<\/strong><\/a>  <\/p>\n<p><strong>Si vous avez appr\u00e9ci\u00e9 cet article, s&rsquo;il vous plait, prenez le temps de <a href=\"#comments\">laisser un commentaire<\/a> ou de <a href=\"http:\/\/www.lyonpoleimmo.com\/feed\/\" target=\"_blank\" rel=\"noopener\">souscrire au flux<\/a> afin de recevoir les futurs articles directement dans votre lecteur de flux.<br \/>\n    <\/strong><\/p>\n<p>\t<a href=\"http:\/\/www.lyonpoleimmo.com\/2025\/11\/12\/92898\/lush-pousse-a-la-concretisation-dune-baisse-de-la-rls\/\" rel=\"bookmark noopener\" title=\"Lien Permanent vers L\u2019USH pousse \u00e0 la concr\u00e9tisation d\u2019une baisse de la RLS\" target=\"_blank\">L\u2019USH pousse \u00e0 la concr\u00e9tisation d\u2019une baisse de la RLS<\/a><\/p>\n<p>\t<a href=\"http:\/\/www.lyonpoleimmo.com\/2025\/11\/12\/92898\/lush-pousse-a-la-concretisation-dune-baisse-de-la-rls\/\" rel=\"bookmark noopener\" title=\"Lien Permanent vers L\u2019USH pousse \u00e0 la concr\u00e9tisation d\u2019une baisse de la RLS\" target=\"_blank\"><\/p>\n<p>Un vote transpartisan des commissions des Finances et des Affaires \u00e9conomiques de l\u2019Assembl\u00e9e nationale s\u2019est prononc\u00e9 en faveur d\u2019une baisse de la RLS. L\u2019Union sociale pour l\u2019habitat souhaite d\u00e9sormais un vote en s\u00e9ance \u00e0 la chambre basse du Parlement.<\/p>\n<p><\/a><\/p>\n<p>\t<a href=\"http:\/\/www.lyonpoleimmo.com\/2025\/11\/03\/92791\/transformation-ecologique-le-groupe-caisse-des-depots-accelere\/\" rel=\"bookmark noopener\" title=\"Lien Permanent vers Transformation \u00e9cologique : le groupe Caisse des D\u00e9p\u00f4ts acc\u00e9l\u00e8re\" target=\"_blank\">Transformation \u00e9cologique : le groupe Caisse des D\u00e9p\u00f4ts acc\u00e9l\u00e8re<\/a><\/p>\n<p>\t<a href=\"http:\/\/www.lyonpoleimmo.com\/2025\/11\/03\/92791\/transformation-ecologique-le-groupe-caisse-des-depots-accelere\/\" rel=\"bookmark noopener\" title=\"Lien Permanent vers Transformation \u00e9cologique : le groupe Caisse des D\u00e9p\u00f4ts acc\u00e9l\u00e8re\" target=\"_blank\"><\/p>\n<p>Le groupe Caisse des D\u00e9p\u00f4ts acc\u00e9l\u00e8re le d\u00e9ploiement de sa feuille de route avec 40 milliards d\u2019euros d\u00e9j\u00e0 mobilis\u00e9s en 18 mois.<\/p>\n<p><\/a><\/p>\n<p>\t<a href=\"http:\/\/www.lyonpoleimmo.com\/2025\/10\/27\/92713\/lush-et-fonciere-solidaire-france-alertent-sur-lavenir-du-brs\/\" rel=\"bookmark noopener\" title=\"Lien Permanent vers L\u2019USH et Fonci\u00e8re Solidaire France alertent sur l\u2019avenir du BRS\" target=\"_blank\">L\u2019USH et Fonci\u00e8re Solidaire France alertent sur l\u2019avenir du BRS<\/a><\/p>\n<p>\t<a href=\"http:\/\/www.lyonpoleimmo.com\/2025\/10\/27\/92713\/lush-et-fonciere-solidaire-france-alertent-sur-lavenir-du-brs\/\" rel=\"bookmark noopener\" title=\"Lien Permanent vers L\u2019USH et Fonci\u00e8re Solidaire France alertent sur l\u2019avenir du BRS\" target=\"_blank\"><\/p>\n<p><img decoding=\"async\" src=\"https:\/\/www.europesays.com\/fr\/wp-content\/uploads\/2025\/11\/Cosse-Payre.jpg\" \/>Pour les deux entit\u00e9s, la hausse du plafond d\u2019\u00e9ligibilit\u00e9 propos\u00e9e dans le cadre de l\u2019examen du PLF2026 ouvrirait le dispositif \u00e0 plus de 90% de la population et lui \u00f4terait de facto son caract\u00e8re social.<\/p>\n<p><\/a><\/p>\n<p>\t<a href=\"http:\/\/www.lyonpoleimmo.com\/2025\/10\/23\/92684\/lyon-2-grandlyon-habitat-acheve-la-rehabilitation-de-14-logements\/\" rel=\"bookmark noopener\" title=\"Lien Permanent vers Lyon 2\u00a0: GrandLyon Habitat ach\u00e8ve la r\u00e9habilitation de 14 logements\" target=\"_blank\">Lyon 2\u00a0: GrandLyon Habitat ach\u00e8ve la r\u00e9habilitation de 14 logements<\/a><\/p>\n<p>\t<a href=\"http:\/\/www.lyonpoleimmo.com\/2025\/10\/23\/92684\/lyon-2-grandlyon-habitat-acheve-la-rehabilitation-de-14-logements\/\" rel=\"bookmark noopener\" title=\"Lien Permanent vers Lyon 2\u00a0: GrandLyon Habitat ach\u00e8ve la r\u00e9habilitation de 14 logements\" target=\"_blank\"><\/p>\n<p>L\u2019office public de l\u2019habitat m\u00e9tropolitain a indiqu\u00e9 ce jeudi avoir achev\u00e9 la r\u00e9habilitation de 14 nouveaux logements sociaux \u00e9tudiants au 7 rue Mazard.<\/p>\n<p><\/a><\/p>\n<p>\t<a href=\"http:\/\/www.lyonpoleimmo.com\/2025\/10\/20\/92628\/lmh-a-livre-2-residences-etudiantes-a-lyon\/\" rel=\"bookmark noopener\" title=\"Lien Permanent vers LMH a livr\u00e9 2 r\u00e9sidences \u00e9tudiantes \u00e0 Lyon\" target=\"_blank\">LMH a livr\u00e9 2 r\u00e9sidences \u00e9tudiantes \u00e0 Lyon<\/a><\/p>\n<p>\t<a href=\"http:\/\/www.lyonpoleimmo.com\/2025\/10\/20\/92628\/lmh-a-livre-2-residences-etudiantes-a-lyon\/\" rel=\"bookmark noopener\" title=\"Lien Permanent vers LMH a livr\u00e9 2 r\u00e9sidences \u00e9tudiantes \u00e0 Lyon\" target=\"_blank\"><\/p>\n<p>Lyon M\u00e9tropole Habitat a annonc\u00e9 avoir livr\u00e9 deux nouvelles r\u00e9sidences \u00e9tudiantes \u00e0 Lyon.<\/p>\n<p><\/a><\/p>\n<p>\t<a href=\"http:\/\/www.lyonpoleimmo.com\/2025\/10\/18\/92562\/on-nest-pas-dans-une-logique-de-betonisation-a-outrance\/\" rel=\"bookmark noopener\" title=\"Lien Permanent vers \u00abOn n\u2019est pas dans une logique de b\u00e9tonisation \u00e0 outrance\u00bb\" target=\"_blank\">\u00abOn n\u2019est pas dans une logique de b\u00e9tonisation \u00e0 outrance\u00bb<\/a><\/p>\n<p>\t<a href=\"http:\/\/www.lyonpoleimmo.com\/2025\/10\/18\/92562\/on-nest-pas-dans-une-logique-de-betonisation-a-outrance\/\" rel=\"bookmark noopener\" title=\"Lien Permanent vers \u00abOn n\u2019est pas dans une logique de b\u00e9tonisation \u00e0 outrance\u00bb\" target=\"_blank\"><\/p>\n<p><img decoding=\"async\" src=\"https:\/\/www.europesays.com\/fr\/wp-content\/uploads\/2025\/10\/JeremieBreaud-1.jpg\" alt=\"null\" \/>J\u00e9r\u00e9mie Br\u00e9aud est maire de Bron et conseiller d\u00e9l\u00e9gu\u00e9 aux grands \u00e9v\u00e8nements de la R\u00e9gion Auvergne-Rh\u00f4ne-Alpes. Nous \u00e9voquons avec lui les diff\u00e9rents grands projets de la ville de Bron, comme la place de la Libert\u00e9, Terraillon, ou encore le renouvellement urbain de Parilly, mais aussi les sujets de tension avec la M\u00e9tropole comme la Voie Lyonnaise 12 ou le r\u00e9am\u00e9nagement de la route de Genas.<\/p>\n<p><\/a><\/p>\n<p>\t<a href=\"http:\/\/www.lyonpoleimmo.com\/2025\/10\/15\/92536\/lush-sinsurge-face-aux-prelevements-record-pour-les-organismes-hlm\/\" rel=\"bookmark noopener\" title=\"Lien Permanent vers L\u2019USH s\u2019insurge face aux pr\u00e9l\u00e8vements record pour les organismes HLM\" target=\"_blank\">L\u2019USH s\u2019insurge face aux pr\u00e9l\u00e8vements record pour les organismes HLM<\/a><\/p>\n<p>\t<a href=\"http:\/\/www.lyonpoleimmo.com\/2025\/10\/15\/92536\/lush-sinsurge-face-aux-prelevements-record-pour-les-organismes-hlm\/\" rel=\"bookmark noopener\" title=\"Lien Permanent vers L\u2019USH s\u2019insurge face aux pr\u00e9l\u00e8vements record pour les organismes HLM\" target=\"_blank\"><\/p>\n<p><img decoding=\"async\" src=\"https:\/\/www.europesays.com\/fr\/wp-content\/uploads\/2025\/10\/Cosse-5.jpg\" alt=\"null\" \/>L\u2019Union sociale pour l\u2019habitat a d\u00e9nonc\u00e9 un niveau de pr\u00e9l\u00e8vements record pour les organismes HLM dans le projet de loi de finances pour 2026, et un d\u00e9sengagement in\u00e9dit de l\u2019\u00c9tat.<\/p>\n<p><\/a><\/p>\n<p>\t<a href=\"http:\/\/www.lyonpoleimmo.com\/2025\/10\/13\/92476\/vers-un-rapprochement-des-groupes-de-conseil-de-la-cdc-et-de-lush\/\" rel=\"bookmark noopener\" title=\"Lien Permanent vers Vers un rapprochement des groupes de conseil de la CDC et de l\u2019USH\" target=\"_blank\">Vers un rapprochement des groupes de conseil de la CDC et de l\u2019USH<\/a><\/p>\n<p>\t<a href=\"http:\/\/www.lyonpoleimmo.com\/2025\/10\/13\/92476\/vers-un-rapprochement-des-groupes-de-conseil-de-la-cdc-et-de-lush\/\" rel=\"bookmark noopener\" title=\"Lien Permanent vers Vers un rapprochement des groupes de conseil de la CDC et de l\u2019USH\" target=\"_blank\"><\/p>\n<p>La Caisse des D\u00e9p\u00f4ts et l\u2019Union sociale pour l\u2019habitat ont indiqu\u00e9 avoir ouvert des discussions en vue du rapprochement de leurs groupes de conseil, SCET et HTC.<\/p>\n<p><\/a><\/p>\n<p>\t<a href=\"http:\/\/www.lyonpoleimmo.com\/2025\/10\/02\/92385\/un-leger-mieux-pour-limmobilier-neuf-a-lyon\/\" rel=\"bookmark noopener\" title=\"Lien Permanent vers Un l\u00e9ger mieux pour l\u2019immobilier neuf \u00e0 Lyon\" target=\"_blank\">Un l\u00e9ger mieux pour l\u2019immobilier neuf \u00e0 Lyon<\/a><\/p>\n<p>\t<a href=\"http:\/\/www.lyonpoleimmo.com\/2025\/10\/02\/92385\/un-leger-mieux-pour-limmobilier-neuf-a-lyon\/\" rel=\"bookmark noopener\" title=\"Lien Permanent vers Un l\u00e9ger mieux pour l\u2019immobilier neuf \u00e0 Lyon\" target=\"_blank\"><\/p>\n<p><img decoding=\"async\" src=\"https:\/\/www.europesays.com\/fr\/wp-content\/uploads\/2025\/10\/revel-bouvier.jpg\" alt=\"null\" \/>La FPI r\u00e9gion lyonnaise et le CECIM ont fait \u00e9tat d\u2019un l\u00e9ger mieux en mati\u00e8re de ventes de logements neufs, \u00e0 la faveur d\u2019un rebond de l\u2019accession. Mais l\u2019investissement locatif reste, lui, au point mort.<\/p>\n<p><\/a><\/p>\n<p>\t<a href=\"http:\/\/www.lyonpoleimmo.com\/2025\/09\/30\/92340\/la-refonte-du-fsl-adoptee-au-conseil-de-la-metropole\/\" rel=\"bookmark noopener\" title=\"Lien Permanent vers La refonte du FSL adopt\u00e9e au conseil de la M\u00e9tropole\" target=\"_blank\">La refonte du FSL adopt\u00e9e au conseil de la M\u00e9tropole<\/a><\/p>\n<p>\t<a href=\"http:\/\/www.lyonpoleimmo.com\/2025\/09\/30\/92340\/la-refonte-du-fsl-adoptee-au-conseil-de-la-metropole\/\" rel=\"bookmark noopener\" title=\"Lien Permanent vers La refonte du FSL adopt\u00e9e au conseil de la M\u00e9tropole\" target=\"_blank\"><\/p>\n<p>La M\u00e9tropole de Lyon a vot\u00e9 lors du conseil m\u00e9tropolitain un nouveau r\u00e8glement du fonds de solidarit\u00e9 logement, afin de renforcer l\u2019accompagnement des m\u00e9nages en difficult\u00e9.<\/p>\n<p><\/a><\/p>\n<p>\t<a href=\"http:\/\/www.lyonpoleimmo.com\/2025\/09\/29\/92310\/logement-etudiant-vote-dune-enveloppe-complementaire-de-187-me\/\" rel=\"bookmark noopener\" title=\"Lien Permanent vers Logement \u00e9tudiant : vote d\u2019une enveloppe compl\u00e9mentaire de 1,87 M\u20ac\" target=\"_blank\">Logement \u00e9tudiant : vote d\u2019une enveloppe compl\u00e9mentaire de 1,87 M\u20ac<\/a><\/p>\n<p>\t<a href=\"http:\/\/www.lyonpoleimmo.com\/2025\/09\/29\/92310\/logement-etudiant-vote-dune-enveloppe-complementaire-de-187-me\/\" rel=\"bookmark noopener\" title=\"Lien Permanent vers Logement \u00e9tudiant : vote d\u2019une enveloppe compl\u00e9mentaire de 1,87 M\u20ac\" target=\"_blank\"><\/p>\n<p>Cette enveloppe a \u00e9t\u00e9 vot\u00e9e par le conseil de la M\u00e9tropole de Lyon ce lundi 29 septembre, pour permettre l\u2019engagement de davantage de constructions de logements sociaux sur l\u2019ann\u00e9e 2025.<\/p>\n<p><\/a><\/p>\n<p>\t<a href=\"http:\/\/www.lyonpoleimmo.com\/2025\/09\/25\/92290\/accord-entre-lespi-et-la-federation-des-esh\/\" rel=\"bookmark noopener\" title=\"Lien Permanent vers Accord entre l\u2019ESPI et la f\u00e9d\u00e9ration des ESH\" target=\"_blank\">Accord entre l\u2019ESPI et la f\u00e9d\u00e9ration des ESH<\/a><\/p>\n<p>\t<a href=\"http:\/\/www.lyonpoleimmo.com\/2025\/09\/25\/92290\/accord-entre-lespi-et-la-federation-des-esh\/\" rel=\"bookmark noopener\" title=\"Lien Permanent vers Accord entre l\u2019ESPI et la f\u00e9d\u00e9ration des ESH\" target=\"_blank\"><\/p>\n<p>L\u2019ESPI et la F\u00e9d\u00e9ration des Entreprises Sociales pour l\u2019Habitat (ESH) ont sign\u00e9 un accord visant \u00e0 unir leurs expertises au service des m\u00e9tiers du logement social.<\/p>\n<p><\/a><\/p>\n<p>\t<a href=\"http:\/\/www.lyonpoleimmo.com\/2025\/09\/25\/92279\/les-logements-du-parc-social-tres-majoritairement-exposes-aux-fortes-chaleurs\/\" rel=\"bookmark noopener\" title=\"Lien Permanent vers Les logements du parc social tr\u00e8s majoritairement expos\u00e9s aux fortes chaleurs\" target=\"_blank\">Les logements du parc social tr\u00e8s majoritairement expos\u00e9s aux fortes chaleurs<\/a><\/p>\n<p>\t<a href=\"http:\/\/www.lyonpoleimmo.com\/2025\/09\/25\/92279\/les-logements-du-parc-social-tres-majoritairement-exposes-aux-fortes-chaleurs\/\" rel=\"bookmark noopener\" title=\"Lien Permanent vers Les logements du parc social tr\u00e8s majoritairement expos\u00e9s aux fortes chaleurs\" target=\"_blank\"><\/p>\n<p>Une nouvelle \u00e9tude de la FOPH et de la Banque des Territoires montre que 64% des logements du parc sont d\u00e9j\u00e0 expos\u00e9s aux fortes chaleurs, et que 94% pourraient l\u2019\u00eatre en 2100.<\/p>\n<p><\/a><\/p>\n<p>\t<a href=\"http:\/\/www.lyonpoleimmo.com\/2025\/09\/24\/92265\/logement-intermediaire-nouvelle-enveloppe-de-pret-de-500-millions-deuros\/\" rel=\"bookmark noopener\" title=\"Lien Permanent vers Logement interm\u00e9diaire : nouvelle enveloppe de pr\u00eat de 500 millions d\u2019euros\" target=\"_blank\">Logement interm\u00e9diaire : nouvelle enveloppe de pr\u00eat de 500 millions d\u2019euros<\/a><\/p>\n<p>\t<a href=\"http:\/\/www.lyonpoleimmo.com\/2025\/09\/24\/92265\/logement-intermediaire-nouvelle-enveloppe-de-pret-de-500-millions-deuros\/\" rel=\"bookmark noopener\" title=\"Lien Permanent vers Logement interm\u00e9diaire : nouvelle enveloppe de pr\u00eat de 500 millions d\u2019euros\" target=\"_blank\"><\/p>\n<p>La BEI et la Banque des Territoires annoncent cette nouvelle enveloppe de pr\u00eat pour accro\u00eetre l\u2019offre de financements en faveur de logements interm\u00e9diaires.<\/p>\n<p><\/a><\/p>\n<p>\t<a href=\"http:\/\/www.lyonpoleimmo.com\/2025\/09\/22\/92226\/ouverture-du-85e-congres-de-lunion-sociale-pour-lhabitat\/\" rel=\"bookmark noopener\" title=\"Lien Permanent vers Ouverture du 85e congr\u00e8s de l\u2019Union sociale pour l\u2019habitat\" target=\"_blank\">Ouverture du 85e congr\u00e8s de l\u2019Union sociale pour l\u2019habitat<\/a><\/p>\n<p>\t<a href=\"http:\/\/www.lyonpoleimmo.com\/2025\/09\/22\/92226\/ouverture-du-85e-congres-de-lunion-sociale-pour-lhabitat\/\" rel=\"bookmark noopener\" title=\"Lien Permanent vers Ouverture du 85e congr\u00e8s de l\u2019Union sociale pour l\u2019habitat\" target=\"_blank\"><\/p>\n<p>Ce congr\u00e8s s\u2019ouvre ce mardi pour trois jours, du 23 au 25 septembre, Porte de Versailles \u00e0 Paris. Plus de 25.000 visiteurs sont attendus.<\/p>\n<p><\/a><\/p>\n","protected":false},"excerpt":{"rendered":"(SdH\/LPI) La M\u00e9tropole de Lyon a vot\u00e9 lundi \u00e0 l\u2019unanimit\u00e9 en faveur de la cr\u00e9ation d\u2019une coop\u00e9rative pour&hellip;\n","protected":false},"author":2,"featured_media":172078,"comment_status":"","ping_status":"","sticky":false,"template":"","format":"standard","meta":{"footnotes":""},"categories":[1889],"tags":[5265,1111,11,2430,1777,674,1011,27,23563,16354,2428,12,25],"class_list":{"0":"post-543819","1":"post","2":"type-post","3":"status-publish","4":"format-standard","5":"has-post-thumbnail","7":"category-lyon","8":"tag-abonnes","9":"tag-actu","10":"tag-actualites","11":"tag-auvergne-rhone-alpes","12":"tag-eu","13":"tag-europe","14":"tag-fr","15":"tag-france","16":"tag-lactualite-du-neuf","17":"tag-logement-social","18":"tag-lyon","19":"tag-news","20":"tag-republique-francaise"},"share_on_mastodon":{"url":"https:\/\/pubeurope.com\/@fr\/115574157354560587","error":""},"_links":{"self":[{"href":"https:\/\/www.europesays.com\/fr\/wp-json\/wp\/v2\/posts\/543819","targetHints":{"allow":["GET"]}}],"collection":[{"href":"https:\/\/www.europesays.com\/fr\/wp-json\/wp\/v2\/posts"}],"about":[{"href":"https:\/\/www.europesays.com\/fr\/wp-json\/wp\/v2\/types\/post"}],"author":[{"embeddable":true,"href":"https:\/\/www.europesays.com\/fr\/wp-json\/wp\/v2\/users\/2"}],"replies":[{"embeddable":true,"href":"https:\/\/www.europesays.com\/fr\/wp-json\/wp\/v2\/comments?post=543819"}],"version-history":[{"count":0,"href":"https:\/\/www.europesays.com\/fr\/wp-json\/wp\/v2\/posts\/543819\/revisions"}],"wp:featuredmedia":[{"embeddable":true,"href":"https:\/\/www.europesays.com\/fr\/wp-json\/wp\/v2\/media\/172078"}],"wp:attachment":[{"href":"https:\/\/www.europesays.com\/fr\/wp-json\/wp\/v2\/media?parent=543819"}],"wp:term":[{"taxonomy":"category","embeddable":true,"href":"https:\/\/www.europesays.com\/fr\/wp-json\/wp\/v2\/categories?post=543819"},{"taxonomy":"post_tag","embeddable":true,"href":"https:\/\/www.europesays.com\/fr\/wp-json\/wp\/v2\/tags?post=543819"}],"curies":[{"name":"wp","href":"https:\/\/api.w.org\/{rel}","templated":true}]}}