{"id":543820,"date":"2025-11-19T03:09:21","date_gmt":"2025-11-19T03:09:21","guid":{"rendered":"https:\/\/www.europesays.com\/fr\/543820\/"},"modified":"2025-11-19T03:09:21","modified_gmt":"2025-11-19T03:09:21","slug":"radio-intensite-epernon-conseil-communautaire-des-portes-eureliennes-dile-de-france","status":"publish","type":"post","link":"https:\/\/www.europesays.com\/fr\/543820\/","title":{"rendered":"RADIO INTENSITE | \u00c9PERNON &#8211; Conseil communautaire des Portes Eur\u00e9liennes d&rsquo;Ile-de-France"},"content":{"rendered":"\n<p lang=\"fr-FR\" align=\"JUSTIFY\">Jeudi 20 novembre \u00e0 19h30 \u00e0 \u00c9pernon, 22 rue Savonni\u00e8re\u00a0: Conseil communautaire des Portes Eur\u00e9liennes d&rsquo;Ile-de-France.<\/p>\n<p lang=\"fr-FR\" align=\"JUSTIFY\">CONVENTION PRECISANT LES MODALITES D&rsquo;ENTRETIEN ET DE GARDIENNAGE DE LA SALLE OMNISPORT HELENE BOUCHER A PIERRES <\/p>\n<p lang=\"fr-FR\" align=\"JUSTIFY\">MODIFICATION DES STATUTS DU SICTOM DE LA REGION DE RAMBOUILLET: INTEGRATION DE SIX NOUVELLES COMMUNES <\/p>\n<p lang=\"fr-FR\" align=\"JUSTIFY\">MODIFICATION DES STATUTS DU SICTOM DE LA REGION DE RAMBOUILLET: CHANGEMENT DE NOM <\/p>\n<p lang=\"fr-FR\" align=\"JUSTIFY\">APPROBATION DU PROJET D&rsquo;AUGMENTATION DE CAPITAL DE LA SAEDEL ET DE LA PROPOSITION D&rsquo;UNE NOUVELLE REPARTITION ET COMPOSITION DES SIEGES AU SEIN DU CONSEIL D&rsquo;ADMINISTRATION <\/p>\n<p lang=\"fr-FR\" align=\"JUSTIFY\">CONVENTION AVEC LA COMMUNE D&rsquo;EPERNON POUR L&rsquo;OCCUPATION D&rsquo;UNE PARCELLE DE TERRAIN <\/p>\n<p lang=\"fr-FR\" align=\"JUSTIFY\">AERODROME &#8211; GROUPE L&rsquo;AIR &#8211; AUTORISATION D&rsquo;OCCUPATION TEMPORAIRE DU DOMAINE PUBLIC <\/p>\n<p lang=\"fr-FR\" align=\"JUSTIFY\">CONVENTION DE PARTENARIAT AVEC LE CENTRE VELIVOLE DU VAL DE L&rsquo;EURE ET LE LYCEE JOSEPHINE BAKER <\/p>\n<p lang=\"fr-FR\" align=\"JUSTIFY\">CONVENTION TRIENNALE 2025-2027-PROJET ARTISTIQUE DE TERRITOIRE \u00ab PACT COOPERATION \u00bb <\/p>\n<p lang=\"fr-FR\" align=\"JUSTIFY\">PETITE ENFANCE, ENFANCE ET JEUNESSE <\/p>\n<p lang=\"fr-FR\" align=\"JUSTIFY\">CONVENTION DE PARTENARIAT AVEC LA MISSION LOCALE DE CHARTRES <\/p>\n<p lang=\"fr-FR\" align=\"JUSTIFY\">ACTUALISATION DES REGLEMENTS EAJE <\/p>\n<p lang=\"fr-FR\" align=\"JUSTIFY\">MODIFICATION DES REGLEMENTS DE FONCTIONNEMENT ALSH <\/p>\n<p lang=\"fr-FR\" align=\"JUSTIFY\">TARIFS 2026 ENFANCE JEUNESSE <\/p>\n<p lang=\"fr-FR\" align=\"JUSTIFY\">CONVENTION D&rsquo;OBJECTIFS ET DE FINANCEMENT AVEC LA CAISSE D&rsquo;ALLOCATIONS FAMILLIALES <\/p>\n<p lang=\"fr-FR\" align=\"JUSTIFY\">MODIFICATION DU REGLEMENT D&rsquo;ATTRIBUTION DE L&rsquo;AIDE FINANCIERE A L&rsquo;ACQUISITION DE BATARDEAUX <\/p>\n<p lang=\"fr-FR\" align=\"JUSTIFY\">AVANT-PROJET DE CONVENTION CONSTITUTIVE D&rsquo;UNE ENTENTE INTERCOMMUNALE POUR LA PREFIGURATION D&rsquo;UN SAGE (SCHEMA D&rsquo;AMENAGEMENT ET DE GESTION DES EAUX) SUR LE SECTEUR EURE AMONT ET RECRUTEMENT D&rsquo;UN ANIMATEUR-PREFIGURATEUR <\/p>\n<p lang=\"fr-FR\" align=\"JUSTIFY\">RENOUVELLEMENT POUR L&rsquo;ANNEE 2026 DE L&rsquo;AIDE COMMUNAUTAIRE A L&rsquo;ACQUISITION DE VELOS A ASSISTANCE ELECTRIQUE <\/p>\n<p lang=\"fr-FR\" align=\"JUSTIFY\">DECISION MODIFICATIVE N\u00b01 AU BUDGET PRINCIPAL <\/p>\n<p lang=\"fr-FR\" align=\"JUSTIFY\">DOTATION DE SOLIDARITE COMMUNAUTAIRE 2025 <\/p>\n<p lang=\"fr-FR\" align=\"JUSTIFY\">INTEGRATION DU BUDGET ANNEXE PARKING DANS LE BUDGET ANNEXE MOBILITE <\/p>\n<p lang=\"fr-FR\" align=\"JUSTIFY\">APPROBATION DU TRANSFERT DE L&rsquo;ACTIF ET DU PASSIF ET DES PROCES-VERBAUX DE MISE A DISPOSITION CONCERNANT LA COMPETENCE EAU ET ASSAINISSEMENT <\/p>\n<p lang=\"fr-FR\" align=\"JUSTIFY\">PRESENTATION DU RAPPORT SOCIAL UNIQUE <\/p>\n<p lang=\"fr-FR\" align=\"JUSTIFY\">REORGANISATION DU SERVICE COLLECTE ET VALORISATION DES DECHETS <\/p>\n<p lang=\"fr-FR\" align=\"JUSTIFY\">CREATIONS D&rsquo;EMPLOIS PERMANENTS AU SEIN DE LA DIRECTION PETITE ENFANCE, ENFANCE JEUNESSE DANS LE CADRE DE LA MISE EN OEUVRE DE LA CTSF <\/p>\n<p lang=\"fr-FR\" align=\"JUSTIFY\">REORGANISATION DU SECRETARIAT GENERAL ET DU POLE JURIDIQUE <\/p>\n<p lang=\"fr-FR\" align=\"JUSTIFY\">CREATION DE POSTES STATUTAIRES- PROMOTION INTERNE <\/p>\n<p lang=\"fr-FR\" align=\"JUSTIFY\">AVENANT N\u00b01 A LA CONVENTION DE MUTUALISATION DESCENDANTE DE SERVICE DE LA COMMUNAUTE DE COMMUNES POUR LA SURVEILLANCE ET L&rsquo;ANIMATION DE LA PAUSE MERIDIENNE DES ECOLES DE LA VILLE D&rsquo;EPERNON <\/p>\n<p lang=\"fr-FR\" align=\"JUSTIFY\">AVENANT N\u00b0 1 A LA CONVENTION DE MUTUALISATION DESCENDANTE DE SERVICE DE LA COMMUNAUTE DE COMMUNES POUR LA SURVEILLANCE ET L&rsquo;ANIMATION DE LA PAUSE MERIDIENNE DE L&rsquo;ECOLE DE LA VILLE DE DROUE-SUR-DROUETTE <\/p>\n<p lang=\"fr-FR\" align=\"JUSTIFY\">CANDIDATURE A L&rsquo;APPEL A PROJET CITEO <\/p>\n<p lang=\"fr-FR\" align=\"JUSTIFY\">DEVELOPPEMENT ECONOMIQUE <\/p>\n<p lang=\"fr-FR\" align=\"JUSTIFY\">RENOUVELLEMENT DE LA CONVENTION TRIENNALE AVEC LA CRESS <\/p>\n<p lang=\"fr-FR\" align=\"JUSTIFY\">RENOUVELLEMENT DE LA CONVENTION AVEC LA CMA <\/p>\n<p lang=\"fr-FR\" align=\"JUSTIFY\">OUVERTURE DES MAGASINS LE DIMANCHE A AUNEAU-BLEURY-SAINT SYMPHORIEN <\/p>\n<p lang=\"fr-FR\" align=\"JUSTIFY\">DEMANDE DE SUBVENTION DE L&rsquo;ENTENTE COMMERCIALE ET ARTISANALE DE NOGENT LE ROI <\/p>\n<p lang=\"fr-FR\" align=\"JUSTIFY\">AUTORISATION DONNEE A M. LE PRESIDENT DE SIGNER UNE PROMESSE UNILATERALE DE VENTE AVEC LA SOCIETE EN NOM COLLECTIF \u00ab PARC DU LEVAIN \u00bb DANS LE CADRE DE LA REALISATION D&rsquo;UN SITE LOGISTIQUE SUR LE TERRITOIRE DE LA COMMUNE DE LEVAINVILLE. <\/p>\n<p lang=\"fr-FR\" align=\"JUSTIFY\">ACQUISITION DE LA PARCELLE AI 54 SITUEE RUE DU PRIEURE SAINT THOMAS A EPERNON APRES DIVISION. <\/p>\n<p lang=\"fr-FR\" align=\"JUSTIFY\">PROPOSITION D&rsquo;ACQUISITION D&rsquo;UNE PARCELLE DE TERRAIN AGRICOLE D&rsquo;UNE SUPERFICIE DE 4 HA 98 CA SITUEE A AUNEAU-BLEURY-SAINT SYMPHORIEN. <\/p>\n<p lang=\"fr-FR\" align=\"JUSTIFY\">APPROBATION DE LA 3EME MODIFICATION SIMPLIFIEE DU PLUI DES QUATRE VALLEES <\/p>\n<p lang=\"fr-FR\" align=\"JUSTIFY\">APPROBATION DE LA 3EME MODIFICATION SIMPLIFIEE DU PLUI DU VAL DROUETTE <\/p>\n<p lang=\"fr-FR\" align=\"JUSTIFY\">MISE EN COMPATIBILIT\u00c9 DU PLU DE LEVAINVILLE DANS LE CADRE D&rsquo;UNE D\u00c9CLARATION DE PROJET<\/p>\n","protected":false},"excerpt":{"rendered":"Jeudi 20 novembre \u00e0 19h30 \u00e0 \u00c9pernon, 22 rue Savonni\u00e8re\u00a0: Conseil communautaire des Portes Eur\u00e9liennes d&rsquo;Ile-de-France. CONVENTION PRECISANT&hellip;\n","protected":false},"author":2,"featured_media":543821,"comment_status":"","ping_status":"","sticky":false,"template":"","format":"standard","meta":{"footnotes":""},"categories":[1592],"tags":[1111,11,4763,20887,20886,4396,10036,340,5738,6961,4150,650,1697,20888,1777,1939,674,3696,1349,20889,19290,8181,1011,27,20883,662,5590,6653,330,1351,10265,20890,635,2742,12,626,4838,6426,1825,20891,20885,11725,17385,25,20892,20893,20894,20895,20896,14356,3552,16335,20884,853,517,20897,602,20898,20899],"class_list":{"0":"post-543820","1":"post","2":"type-post","3":"status-publish","4":"format-standard","5":"has-post-thumbnail","7":"category-ile-de-france","8":"tag-actu","9":"tag-actualites","10":"tag-agenda","11":"tag-agenda-complet","12":"tag-agenda-eure-et-loir","13":"tag-atelier","14":"tag-ateliers","15":"tag-bourse","16":"tag-bourses","17":"tag-brocante","18":"tag-ceremonie","19":"tag-cinema","20":"tag-concert","21":"tag-dons-du-sang","22":"tag-eu","23":"tag-eure-et-loir","24":"tag-europe","25":"tag-evenements","26":"tag-expositions","27":"tag-fetes-foraines","28":"tag-feux-dartifices","29":"tag-foires","30":"tag-fr","31":"tag-france","32":"tag-idees-sorties","33":"tag-ile-de-france","34":"tag-intensite","35":"tag-jeune-public","36":"tag-jeux","37":"tag-litterature","38":"tag-loto","39":"tag-lotos","40":"tag-marches","41":"tag-nature","42":"tag-news","43":"tag-paris","44":"tag-peche","45":"tag-petanque","46":"tag-radio","47":"tag-randonnees","48":"tag-region-centre-val-de-loir","49":"tag-religions","50":"tag-repas","51":"tag-republique-francaise","52":"tag-reunions","53":"tag-saison-halloween","54":"tag-saison-noel","55":"tag-saison-telethon","56":"tag-saisons-culturelles","57":"tag-salons","58":"tag-seniors","59":"tag-soirees","60":"tag-sortir-en-eure-et-loir","61":"tag-spectacles","62":"tag-sport","63":"tag-thes-dansants","64":"tag-tourisme","65":"tag-ventes-aux-encheres","66":"tag-visites"},"share_on_mastodon":{"url":"","error":"Validation failed: Text character limit of 500 exceeded"},"_links":{"self":[{"href":"https:\/\/www.europesays.com\/fr\/wp-json\/wp\/v2\/posts\/543820","targetHints":{"allow":["GET"]}}],"collection":[{"href":"https:\/\/www.europesays.com\/fr\/wp-json\/wp\/v2\/posts"}],"about":[{"href":"https:\/\/www.europesays.com\/fr\/wp-json\/wp\/v2\/types\/post"}],"author":[{"embeddable":true,"href":"https:\/\/www.europesays.com\/fr\/wp-json\/wp\/v2\/users\/2"}],"replies":[{"embeddable":true,"href":"https:\/\/www.europesays.com\/fr\/wp-json\/wp\/v2\/comments?post=543820"}],"version-history":[{"count":0,"href":"https:\/\/www.europesays.com\/fr\/wp-json\/wp\/v2\/posts\/543820\/revisions"}],"wp:featuredmedia":[{"embeddable":true,"href":"https:\/\/www.europesays.com\/fr\/wp-json\/wp\/v2\/media\/543821"}],"wp:attachment":[{"href":"https:\/\/www.europesays.com\/fr\/wp-json\/wp\/v2\/media?parent=543820"}],"wp:term":[{"taxonomy":"category","embeddable":true,"href":"https:\/\/www.europesays.com\/fr\/wp-json\/wp\/v2\/categories?post=543820"},{"taxonomy":"post_tag","embeddable":true,"href":"https:\/\/www.europesays.com\/fr\/wp-json\/wp\/v2\/tags?post=543820"}],"curies":[{"name":"wp","href":"https:\/\/api.w.org\/{rel}","templated":true}]}}