{"id":54383,"date":"2025-04-26T12:33:08","date_gmt":"2025-04-26T12:33:08","guid":{"rendered":"https:\/\/www.europesays.com\/fr\/54383\/"},"modified":"2025-04-26T12:33:08","modified_gmt":"2025-04-26T12:33:08","slug":"wta-madrid-federer-nadal-ou-djokovic-andreeva-nhesite-pas-il-a-toujours-ete-mon-idole","status":"publish","type":"post","link":"https:\/\/www.europesays.com\/fr\/54383\/","title":{"rendered":"WTA &#8211; Madrid > Federer, Nadal ou Djokovic, Andreeva n&rsquo;h\u00e9site pas : \u00ab\u00a0Il a toujours \u00e9t\u00e9 mon idole\u00a0\u00bb"},"content":{"rendered":"<p>Mirra Andreeva ayant remport\u00e9 son premier match en Masters 1000 \u00e0 Madrid en 2023, ce tournoi a une saveur parti\u00adcu\u00adli\u00e8re pour elle. La Russe compte d\u00e9j\u00e0 deux titres dans cette cat\u00e9\u00adgorie et fait d\u00e9j\u00e0 partie (\u00e0 17 ans) de l\u2019\u00e9lite de ce sport. Elle est revenue avec <a href=\"https:\/\/as.com\/tenis\/masters_1000\/andreeva-ganar-un-grand-slam-este-ano-es-un-objetivo-n\/\" data-wpel-link=\"external\" target=\"_blank\" rel=\"nofollow external noopener\">AS<\/a> sur les idoles qui ont inspir\u00e9 son tennis.<\/p>\n<p><strong>\u00ab\u202fMon idole au tennis a toujours \u00e9t\u00e9 Roger Federer. Ensuite, il y a eu, bien s\u00fbr, Rafa Nadal, Novak Djokovic, Andy Murray\u2026. Et aussi Marat Safin <\/strong>(elle le pointe du doigt car il s\u2019en\u00adtra\u00eene sur le court d\u2019\u00e0 c\u00f4t\u00e9)<strong>. Il y a beau\u00adcoup de joueurs que j\u2019ai admir\u00e9s et qui m\u2019ont inspir\u00e9. Je r\u00eave de les rencon\u00adtrer. J\u2019ai rencontr\u00e9 Rafa ici l\u2019ann\u00e9e derni\u00e8re, mais je n\u2019ai pas pu lui parler. J\u2019aimerais aussi rencon\u00adtrer Roger, j\u2019es\u00adp\u00e8re que ce sera possible.\u202f\u00bb<\/strong><\/p>\n<p class=\"post-published-date\" style=\"color: silver; font-size: 75%; text-align: left;\">Publi\u00e9 le samedi 26 avril 2025 \u00e0 13:19<\/p>\n","protected":false},"excerpt":{"rendered":"Mirra Andreeva ayant remport\u00e9 son premier match en Masters 1000 \u00e0 Madrid en 2023, ce tournoi a une&hellip;\n","protected":false},"author":2,"featured_media":54384,"comment_status":"","ping_status":"","sticky":false,"template":"","format":"standard","meta":{"footnotes":""},"categories":[1415],"tags":[7614,105,2199,1011,27,1960,60,1467],"class_list":{"0":"post-54383","1":"post","2":"type-post","3":"status-publish","4":"format-standard","5":"has-post-thumbnail","7":"category-tennis","8":"tag-andreeva","9":"tag-djokovic","10":"tag-federer","11":"tag-fr","12":"tag-france","13":"tag-nadal","14":"tag-sports","15":"tag-tennis"},"share_on_mastodon":{"url":"https:\/\/pubeurope.com\/@fr\/114404288313382398","error":""},"_links":{"self":[{"href":"https:\/\/www.europesays.com\/fr\/wp-json\/wp\/v2\/posts\/54383","targetHints":{"allow":["GET"]}}],"collection":[{"href":"https:\/\/www.europesays.com\/fr\/wp-json\/wp\/v2\/posts"}],"about":[{"href":"https:\/\/www.europesays.com\/fr\/wp-json\/wp\/v2\/types\/post"}],"author":[{"embeddable":true,"href":"https:\/\/www.europesays.com\/fr\/wp-json\/wp\/v2\/users\/2"}],"replies":[{"embeddable":true,"href":"https:\/\/www.europesays.com\/fr\/wp-json\/wp\/v2\/comments?post=54383"}],"version-history":[{"count":0,"href":"https:\/\/www.europesays.com\/fr\/wp-json\/wp\/v2\/posts\/54383\/revisions"}],"wp:featuredmedia":[{"embeddable":true,"href":"https:\/\/www.europesays.com\/fr\/wp-json\/wp\/v2\/media\/54384"}],"wp:attachment":[{"href":"https:\/\/www.europesays.com\/fr\/wp-json\/wp\/v2\/media?parent=54383"}],"wp:term":[{"taxonomy":"category","embeddable":true,"href":"https:\/\/www.europesays.com\/fr\/wp-json\/wp\/v2\/categories?post=54383"},{"taxonomy":"post_tag","embeddable":true,"href":"https:\/\/www.europesays.com\/fr\/wp-json\/wp\/v2\/tags?post=54383"}],"curies":[{"name":"wp","href":"https:\/\/api.w.org\/{rel}","templated":true}]}}