{"id":543833,"date":"2025-11-19T03:17:11","date_gmt":"2025-11-19T03:17:11","guid":{"rendered":"https:\/\/www.europesays.com\/fr\/543833\/"},"modified":"2025-11-19T03:17:11","modified_gmt":"2025-11-19T03:17:11","slug":"jd-vance-condamne-pour-avoir-menace-de-mort-jd-vance-le-vice-president","status":"publish","type":"post","link":"https:\/\/www.europesays.com\/fr\/543833\/","title":{"rendered":"JD Vance condamn\u00e9 pour avoir menac\u00e9 de mort&#8230; JD Vance, le vice-pr\u00e9sident"},"content":{"rendered":"<p>\n    Un homme du Michigan portant le m\u00eame nom que le vice-pr\u00e9sident des \u00c9tats-Unis a \u00e9t\u00e9 condamn\u00e9 lundi pour avoir prof\u00e9r\u00e9 des menaces de mort contre Donald Trump et JD Vance sur les r\u00e9seaux sociaux.<\/p>\n<p class=\"fig-paragraph\">Un Am\u00e9ricain de 67 ans r\u00e9pondant au nom de JD Vance a \u00e9t\u00e9 condamn\u00e9 lundi \u00e0 deux ans de prison par un tribunal du Michigan pour avoir menac\u00e9 de tuer\u00a0<a href=\"https:\/\/www.lefigaro.fr\/tag\/donald-trump\" target=\"_blank\" rel=\"sponsored noopener\" data-gtm-custom-categorie=\"navigation\" data-gtm-custom-action=\"crossclick\" data-gtm-custom-label=\"Contextuel\" data-gtm-event=\"customEventSPE\">Donald Trump<\/a>, le vice-pr\u00e9sident JD Vance et l\u2019un des enfants du pr\u00e9sident des \u00c9tats-Unis sur le r\u00e9seau social Bluesky. L\u2019affaire a pris une tournure ironique du fait que le condamn\u00e9 partage les m\u00eames initiales et le m\u00eame patronyme que le vice-pr\u00e9sident qu\u2019il mena\u00e7ait.<\/p>\n<p class=\"fig-paragraph\">L\u2019histoire commence entre mars et avril 2025. James Donald Vance Jr., r\u00e9sident de Grand Rapids, publie alors sous le pseudonyme \u00abDiaperjdv\u00bb plusieurs messages mena\u00e7ants sur la plateforme Bluesky. Dans l\u2019un de ses messages les plus virulents\u00a0<a href=\"https:\/\/www.nytimes.com\/2025\/11\/18\/us\/jd-vance-threats-michigan.html\" target=\"_blank\" rel=\"sponsored noopener\" data-gtm-custom-categorie=\"navigation\" data-gtm-custom-action=\"crossclick\" data-gtm-custom-label=\"Contextuel\" data-gtm-event=\"customEventSPE\">cit\u00e9s par le New York Times<\/a>, l\u2019homme de 67 ans \u00e9crit\u00a0: \u00abSi Trump, Vance ou Musk viennent un jour dans ma ville, ils en repartiront dans un sac mortuaire.\u00bb Puis d\u2019ajouter ne pas se soucier d\u2019\u00eatre \u00ababattu par un sniper des services secrets ou de passer le reste de sa vie en prison\u00bb, pr\u00e9cisant qu\u2019il ne lui restait de toute fa\u00e7on qu\u2019une dizaine d\u2019ann\u00e9es \u00e0 vivre.<\/p>\n<p>                                    <a class=\"fig-a11y-skip a11y-hidden\" href=\"#fig-a11y-skip-main-inarticle\"><br \/>\n        Passer la publicit\u00e9<br \/>\n    <\/a><\/p>\n<p class=\"fig-paragraph\">Le condamn\u00e9 a \u00e9galement menac\u00e9 Donald Trump Jr.\u00a0<a href=\"https:\/\/wgme.com\/news\/nation-world\/michigan-social-media-threat-trump-jd-vance-sentence-federal-prison-crime-investigation-grand-rapids-kent-county-state-safety-nation\" target=\"_blank\" rel=\"sponsored noopener\" data-gtm-custom-categorie=\"navigation\" data-gtm-custom-action=\"crossclick\" data-gtm-custom-label=\"Contextuel\" data-gtm-event=\"customEventSPE\">dans une publication du 7 mars<\/a>\u00a0intitul\u00e9e \u00abDonald Trump Jr. envisage de se pr\u00e9senter \u00e0 la pr\u00e9sidence en 2028\u00bb, dans laquelle il annonce qu\u2019il le tuerait avant qu\u2019il n\u2019obtienne une protection des services secrets.<\/p>\n<p>\u00abUne ligne franchie\u00bb<\/p>\n<p class=\"fig-paragraph\">Le juge f\u00e9d\u00e9ral Paul L. Maloney, si\u00e9geant \u00e0 Kalamazoo, a qualifi\u00e9 ces actes de\u00a0<a href=\"https:\/\/www.justice.gov\/usao-wdmi\/pr\/2025_1117_Vance_Sentencing_PR\" target=\"_blank\" rel=\"sponsored noopener\" data-gtm-custom-categorie=\"navigation\" data-gtm-custom-action=\"crossclick\" data-gtm-custom-label=\"Contextuel\" data-gtm-event=\"customEventSPE\">\u00abconduite grave\u00bb<\/a> \u00a0n\u00e9cessitant une peine de prison pour dissuader d\u2019autres personnes de prof\u00e9rer des menaces similaires.<\/p>\n<p class=\"fig-paragraph\">De son c\u00f4t\u00e9, Vance a plaid\u00e9 coupable en juillet pour deux chefs d\u2019accusation\u00a0: menaces de mort ou de blessures contre le pr\u00e9sident et le vice-pr\u00e9sident, et communications mena\u00e7antes. Chaque chef d\u2019accusation \u00e9tait passible d\u2019une peine maximale de cinq ans de prison et de 250.000 dollars d\u2019amende.<\/p>\n<p class=\"fig-paragraph\">\u00abL\u2019av\u00e8nement d\u2019Internet nous donne \u00e0 tous l\u2019opportunit\u00e9 de nous engager dans l\u2019\u00e9change sain d\u2019id\u00e9es qui sont si importantes pour une d\u00e9mocratie. Mais certains pr\u00e9f\u00e8rent utiliser cet outil pour menacer et intimider\u00bb, souligne le procureur f\u00e9d\u00e9ral Timothy VerHey, comme on peut le lire dans un communiqu\u00e9 de presse mis en ligne sur le site du minist\u00e8re de la Justice am\u00e9ricain. Il ajoute que \u00ablorsque Vance a dit qu\u2019il pr\u00e9voyait de tuer notre pr\u00e9sident et le vice-pr\u00e9sident simplement parce qu\u2019il n\u2019\u00e9tait pas d\u2019accord avec eux, il a franchi une ligne et devait donc \u00eatre puni.\u00bb<\/p>\n","protected":false},"excerpt":{"rendered":"Un homme du Michigan portant le m\u00eame nom que le vice-pr\u00e9sident des \u00c9tats-Unis a \u00e9t\u00e9 condamn\u00e9 lundi pour&hellip;\n","protected":false},"author":2,"featured_media":543834,"comment_status":"","ping_status":"","sticky":false,"template":"","format":"standard","meta":{"footnotes":""},"categories":[1589],"tags":[11,73,1866,12,1864,1865,1863,308],"class_list":{"0":"post-543833","1":"post","2":"type-post","3":"status-publish","4":"format-standard","5":"has-post-thumbnail","7":"category-etats-unis","8":"tag-actualites","9":"tag-etats-unis","10":"tag-etats-unis-damerique","11":"tag-news","12":"tag-united-states","13":"tag-united-states-of-america","14":"tag-us","15":"tag-usa"},"share_on_mastodon":{"url":"https:\/\/pubeurope.com\/@fr\/115574200349585904","error":""},"_links":{"self":[{"href":"https:\/\/www.europesays.com\/fr\/wp-json\/wp\/v2\/posts\/543833","targetHints":{"allow":["GET"]}}],"collection":[{"href":"https:\/\/www.europesays.com\/fr\/wp-json\/wp\/v2\/posts"}],"about":[{"href":"https:\/\/www.europesays.com\/fr\/wp-json\/wp\/v2\/types\/post"}],"author":[{"embeddable":true,"href":"https:\/\/www.europesays.com\/fr\/wp-json\/wp\/v2\/users\/2"}],"replies":[{"embeddable":true,"href":"https:\/\/www.europesays.com\/fr\/wp-json\/wp\/v2\/comments?post=543833"}],"version-history":[{"count":0,"href":"https:\/\/www.europesays.com\/fr\/wp-json\/wp\/v2\/posts\/543833\/revisions"}],"wp:featuredmedia":[{"embeddable":true,"href":"https:\/\/www.europesays.com\/fr\/wp-json\/wp\/v2\/media\/543834"}],"wp:attachment":[{"href":"https:\/\/www.europesays.com\/fr\/wp-json\/wp\/v2\/media?parent=543833"}],"wp:term":[{"taxonomy":"category","embeddable":true,"href":"https:\/\/www.europesays.com\/fr\/wp-json\/wp\/v2\/categories?post=543833"},{"taxonomy":"post_tag","embeddable":true,"href":"https:\/\/www.europesays.com\/fr\/wp-json\/wp\/v2\/tags?post=543833"}],"curies":[{"name":"wp","href":"https:\/\/api.w.org\/{rel}","templated":true}]}}