{"id":543835,"date":"2025-11-19T03:18:14","date_gmt":"2025-11-19T03:18:14","guid":{"rendered":"https:\/\/www.europesays.com\/fr\/543835\/"},"modified":"2025-11-19T03:18:14","modified_gmt":"2025-11-19T03:18:14","slug":"au-royaume-uni-des-centaines-de-tonnes-de-dechets-en-pleine-nature-font-craindre-une-catastrophe-ecologique","status":"publish","type":"post","link":"https:\/\/www.europesays.com\/fr\/543835\/","title":{"rendered":"Au Royaume-Uni, des centaines de tonnes de d\u00e9chets en pleine nature font craindre \u00ab\u00a0une catastrophe \u00e9cologique\u00a0\u00bb"},"content":{"rendered":"<ul class=\"sticky-nav__list\">\n<li class=\"sticky-nav__item\">\n<p><a class=\"fi-button ftvi-click fi-button--vertical fi-button--small fi-button--tertiary\" title=\"Accueil France Info\" href=\"https:\/\/www.franceinfo.fr\/\" data-click-object=\"{&quot;zone&quot;:&quot;sticky_bar&quot;,&quot;click&quot;:&quot;accueil&quot;}\" rel=\"nofollow noopener\" target=\"_blank\"><\/p>\n<p>      accueil<\/p>\n<p>  <\/a><\/p>\n<\/li>\n<li class=\"sticky-nav__item\">\n<p>      lire plus tard<\/p>\n<p id=\"dialog__title\" class=\"dialog__title\">Pour sauvegarder cet article, connectez-vous ou cr\u00e9ez un compte franceinfo<\/p>\n<p class=\"dialog__description\">Sans paiement. Sans abonnement.<\/p>\n<p>        Fermer la fen\u00eatre d\u2019activation des notifications France Info<\/p>\n<p>      cr\u00e9er votre compte<\/p>\n<p>      se connecter<\/p>\n<p>        Fermer la fen\u00eatre de pr\u00e9sentation<\/p>\n<\/li>\n<li class=\"sticky-nav__item\">\n<\/li>\n<li class=\"sticky-nav__item\">\n<p>      partager<\/p>\n<\/li>\n<\/ul>\n<p class=\"related-tags__title\" role=\"heading\" aria-level=\"2\">les mots-cl\u00e9s associ\u00e9s \u00e0 cet article\n    <\/p>\n","protected":false},"excerpt":{"rendered":"accueil lire plus tard Pour sauvegarder cet article, connectez-vous ou cr\u00e9ez un compte franceinfo Sans paiement. Sans abonnement.&hellip;\n","protected":false},"author":2,"featured_media":543836,"comment_status":"","ping_status":"","sticky":false,"template":"","format":"standard","meta":{"footnotes":""},"categories":[1588],"tags":[11,1777,674,12,473,1853,1851,1850,1852],"class_list":{"0":"post-543835","1":"post","2":"type-post","3":"status-publish","4":"format-standard","5":"has-post-thumbnail","7":"category-royaume-uni","8":"tag-actualites","9":"tag-eu","10":"tag-europe","11":"tag-news","12":"tag-royaume-uni","13":"tag-royaume-uni-de-grande-bretagne-et-dirlande-du-nord","14":"tag-uk","15":"tag-united-kingdom","16":"tag-united-kingdom-of-great-britain-and-northern-ireland"},"share_on_mastodon":{"url":"https:\/\/pubeurope.com\/@fr\/115574204369827060","error":""},"_links":{"self":[{"href":"https:\/\/www.europesays.com\/fr\/wp-json\/wp\/v2\/posts\/543835","targetHints":{"allow":["GET"]}}],"collection":[{"href":"https:\/\/www.europesays.com\/fr\/wp-json\/wp\/v2\/posts"}],"about":[{"href":"https:\/\/www.europesays.com\/fr\/wp-json\/wp\/v2\/types\/post"}],"author":[{"embeddable":true,"href":"https:\/\/www.europesays.com\/fr\/wp-json\/wp\/v2\/users\/2"}],"replies":[{"embeddable":true,"href":"https:\/\/www.europesays.com\/fr\/wp-json\/wp\/v2\/comments?post=543835"}],"version-history":[{"count":0,"href":"https:\/\/www.europesays.com\/fr\/wp-json\/wp\/v2\/posts\/543835\/revisions"}],"wp:featuredmedia":[{"embeddable":true,"href":"https:\/\/www.europesays.com\/fr\/wp-json\/wp\/v2\/media\/543836"}],"wp:attachment":[{"href":"https:\/\/www.europesays.com\/fr\/wp-json\/wp\/v2\/media?parent=543835"}],"wp:term":[{"taxonomy":"category","embeddable":true,"href":"https:\/\/www.europesays.com\/fr\/wp-json\/wp\/v2\/categories?post=543835"},{"taxonomy":"post_tag","embeddable":true,"href":"https:\/\/www.europesays.com\/fr\/wp-json\/wp\/v2\/tags?post=543835"}],"curies":[{"name":"wp","href":"https:\/\/api.w.org\/{rel}","templated":true}]}}