{"id":543837,"date":"2025-11-19T03:19:26","date_gmt":"2025-11-19T03:19:26","guid":{"rendered":"https:\/\/www.europesays.com\/fr\/543837\/"},"modified":"2025-11-19T03:19:26","modified_gmt":"2025-11-19T03:19:26","slug":"lallemagne-accelere-t-elle-vraiment-son-processus-de-naturalisation","status":"publish","type":"post","link":"https:\/\/www.europesays.com\/fr\/543837\/","title":{"rendered":"L&rsquo;Allemagne acc\u00e9l\u00e8re-t-elle vraiment son processus de naturalisation\u00a0?"},"content":{"rendered":"<p>Une s\u00e9rie d&rsquo;affirmations en ligne pr\u00e9tend que l&rsquo;Allemagne a acc\u00e9l\u00e9r\u00e9 ses proc\u00e9dures de naturalisation des \u00e9trangers.<\/p>\n<p>Par exemple, un clip <a href=\"https:\/\/x.com\/SeibtNaomi\/status\/1988293921940926592\" target=\"_blank\" rel=\"noreferrer\"><strong>a r\u00e9cemment refait surface<\/strong><\/a>, dans lequel Alice Weidel, membre du parti d&rsquo;extr\u00eame droite Alternative pour l&rsquo;Allemagne (AfD), s&rsquo;adresse \u00e0 la cha\u00eene publique ARD en juillet et affirme que les \u00e9trangers en Allemagne sont en train de se \u00ab\u00a0turbo-naturaliser\u00a0\u00bb.<\/p>\n<p>\u00ab\u00a0La turbo-naturalisation se fait en un clic de souris, il n&rsquo;est m\u00eame plus n\u00e9cessaire de conna\u00eetre l&rsquo;allemand. Est-ce une politique pour notre pays ? Je ne pense pas\u00a0\u00bb, d\u00e9clare Alice Weidel dans la vid\u00e9o, \u00e9voquant le quota fix\u00e9 par l&rsquo;Office r\u00e9gional de l&rsquo;immigration de Berlin, qui pr\u00e9voit de traiter 40 000 dossiers de naturalisation d&rsquo;ici \u00e0 2025.<\/p>\n<p>Par ailleurs, le c\u00e9l\u00e8bre rappeur allemand Capital Bra a fait sensation en affirmant qu&rsquo;il \u00e9prouvait une nouvelle sympathie pour l&rsquo;AfD. Lorsqu&rsquo;il a expliqu\u00e9 pourquoi, le musicien d&rsquo;origine ukrainienne a d\u00e9clar\u00e9 qu&rsquo;on lui refusait un passeport allemand avant d&rsquo;affirmer : \u00ab\u00a0Soudain, des gens viennent ici, vivent ici pendant un mois et obtiennent un passeport allemand.\u00a0\u00bb<\/p>\n<p>La \u00ab\u00a0turbo-naturalisation\u00a0\u00bb ?<\/p>\n<p>La plupart des affirmations trompeuses concernant le processus de naturalisation en Allemagne d\u00e9coulent de la d\u00e9cision de l&rsquo;ancien gouvernement de r\u00e9former ses lois sur le processus d&rsquo;acquisition de la nationalit\u00e9 allemande.<\/p>\n<p>En 2024, une loi adopt\u00e9e sous la coalition tripartite des sociaux-d\u00e9mocrates (SPD), des Verts et du Parti d\u00e9mocrate libre (FDP) a permis aux \u00e9trangers vivant en Allemagne d&rsquo;obtenir un passeport allemand sans renoncer \u00e0 leur citoyennet\u00e9 ant\u00e9rieure, et de raccourcir l&rsquo;obligation de r\u00e9sidence de huit \u00e0 cinq ans.<\/p>\n<p>Auparavant, l&rsquo;Allemagne n&rsquo;autorisait pas la double nationalit\u00e9 pour les ressortissants de pays non membres de l&rsquo;UE, ce qui signifiait que les \u00e9trangers souhaitant devenir allemands devaient renoncer \u00e0 leur nationalit\u00e9 ant\u00e9rieure, sauf dans des cas particuliers.<\/p>\n<p>Toutefois, contrairement \u00e0 ce que l&rsquo;on pr\u00e9tend, des <a href=\"https:\/\/www.gesetze-im-internet.de\/stag\/BJNR005830913.html\" target=\"_blank\" rel=\"noreferrer noopener\"><strong>r\u00e8gles strictes<\/strong><\/a> s&rsquo;appliquent au processus : les \u00e9trangers doivent avoir v\u00e9cu l\u00e9galement en Allemagne pendant cinq ans, poss\u00e9der une r\u00e9sidence permanente, prouver qu&rsquo;ils peuvent subvenir \u00e0 leurs besoins financiers et passer un test de langue B1 et un test de naturalisation.<\/p>\n<p>Ils doivent \u00e9galement avoir un casier judiciaire vierge, d\u00e9clarer leur attachement \u00e0 l&rsquo;ordre d\u00e9mocratique fondamental de l&rsquo;Allemagne, reconna\u00eetre la responsabilit\u00e9 de l&rsquo;Allemagne dans les crimes commis par les nazis et s&rsquo;engager \u00e0 prot\u00e9ger la vie juive.<\/p>\n<p>En 2024 \u00e9galement, le gouvernement a introduit une option \u00ab\u00a0acc\u00e9l\u00e9r\u00e9e\u00a0\u00bb pour les \u00e9trangers qui se sont exceptionnellement bien int\u00e9gr\u00e9s. Ces \u00e9trangers peuvent devenir citoyens allemands apr\u00e8s seulement trois ans de vie en Allemagne s&rsquo;ils poss\u00e8dent de solides comp\u00e9tences linguistiques en allemand au niveau C1 ou sup\u00e9rieur et s&rsquo;ils font preuve d&rsquo;une performance sup\u00e9rieure \u00e0 la moyenne au travail, \u00e0 l&rsquo;\u00e9cole ou dans le cadre d&rsquo;activit\u00e9s b\u00e9n\u00e9voles, en plus de toutes les autres exigences.<\/p>\n<p>Cette \u00ab\u00a0voie rapide\u00a0\u00bb ou \u00ab\u00a0turbo-naturalisation\u00a0\u00bb a \u00e9t\u00e9 abolie en octobre 2025 par un vote du Bundestag sous la coalition de l&rsquo;Union chr\u00e9tienne-d\u00e9mocrate (CDU) et du SPD, ce qui signifie que les affirmations de Weidel dans le clip sont d\u00e9pass\u00e9es.<\/p>\n<p>Quoi qu&rsquo;il en soit, peu d&rsquo;\u00e9trangers vivant en Allemagne ont eu recours \u00e0 la proc\u00e9dure dite \u00ab\u00a0acc\u00e9l\u00e9r\u00e9e\u00a0\u00bb : les donn\u00e9es de l&rsquo;Office allemand des statistiques montrent qu&rsquo;\u00e0 peine 7 % de toutes les naturalisations ont emprunt\u00e9 cette voie en 2024.<\/p>\n<p>Existe-t-il un quota de naturalisations ?<\/p>\n<p>L&rsquo;une des affirmations d&rsquo;Alice Weidel concernant l&rsquo;objectif de 40 000 naturalisations fix\u00e9 par l&rsquo;Office berlinois de l&rsquo;immigration (LEA) est effectivement vraie.<\/p>\n<p>En janvier de cette ann\u00e9e, la s\u00e9natrice de l&rsquo;int\u00e9rieur de Berlin, Iris Spranger,<a href=\"https:\/\/www.berlin.de\/en\/news\/9400279-5559700-berlin-significantly-increases-number-of.en.html#:~:text=State%20Office%20Director%20Engelhard%20Mazanke,differed%20from%20district%20to%20district.\" target=\"_blank\" rel=\"noreferrer noopener\"> <\/a>a annonc\u00e9 que le Land avait d\u00e9pass\u00e9 l&rsquo;objectif de 20 000 naturalisations fix\u00e9 l&rsquo;ann\u00e9e pr\u00e9c\u00e9dente et a fix\u00e9 un objectif \u00e9lev\u00e9 pour l&rsquo;ann\u00e9e suivante.<\/p>\n<p>L&rsquo;affirmation d&rsquo;Alice Weidel n&rsquo;est toutefois pas replac\u00e9e dans son contexte. En janvier 2024, toutes les naturalisations \u00e0 Berlin ont \u00e9t\u00e9 centralis\u00e9es pour \u00eatre trait\u00e9es par un seul bureau. Auparavant, les demandes de naturalisation \u00e9taient trait\u00e9es par les bureaux des 12 districts de Berlin.<\/p>\n<p>Ces bureaux avaient accumul\u00e9 un arri\u00e9r\u00e9 d&rsquo;environ 40 000 dossiers non trait\u00e9s. Les objectifs \u00e9lev\u00e9s fix\u00e9s par le bureau s&rsquo;expliquent donc en partie par la r\u00e9sorption du retard accumul\u00e9 et non, comme l&rsquo;a sugg\u00e9r\u00e9 la politicienne, par un manque de r\u00e9glementation en mati\u00e8re de traitement des passeports allemands pour les \u00e9trangers.<\/p>\n<p>Selon la LEA, le bureau a \u00e9galement termin\u00e9 la num\u00e9risation de ses syst\u00e8mes \u00e0 la mi-2024, ce qui lui a permis d&rsquo;acc\u00e9l\u00e9rer consid\u00e9rablement le processus, expliquant la forte augmentation des demandes trait\u00e9es \u00e0 la fin de 2024 et l&rsquo;augmentation pr\u00e9vue en 2025.<\/p>\n<p>Dans l&rsquo;ensemble, il est vrai que le nombre de personnes recevant la nationalit\u00e9 allemande a augment\u00e9 ces derni\u00e8res ann\u00e9es. L&rsquo;ann\u00e9e derni\u00e8re, l&rsquo;Allemagne a accord\u00e9 plus de 290 000 naturalisations, soit une forte augmentation de 46 % par rapport \u00e0 l&rsquo;ann\u00e9e pr\u00e9c\u00e9dente.<\/p>\n<p>Une partie au moins de cette augmentation a \u00e9t\u00e9 attribu\u00e9e au nombre de Syriens qui sont devenus \u00e9ligibles \u00e0 la naturalisation en 2023 ou 2024. La majorit\u00e9 des Syriens en Allemagne sont arriv\u00e9s en tant que r\u00e9fugi\u00e9s en 2015 et 2016, et auraient donc rempli l&rsquo;ancienne condition de r\u00e9sidence de huit ans au cours des deux derni\u00e8res ann\u00e9es.<\/p>\n<p>Peut-on obtenir un passeport allemand en un mois ?<\/p>\n<p>Contrairement \u00e0 ce qu&rsquo;affirme Capital Bra, il n&rsquo;est pas possible d&rsquo;obtenir un passeport allemand en tant qu&rsquo;\u00e9tranger en un mois.<\/p>\n<p>Vivre l\u00e9galement en Allemagne depuis au moins cinq ans est une condition normale pour obtenir la nationalit\u00e9 allemande.<\/p>\n<p>Heidi Schairer, avocate sp\u00e9cialis\u00e9e dans les naturalisations, a d\u00e9clar\u00e9 \u00e0 l&rsquo;\u00e9quipe de v\u00e9rification d_&rsquo;Euronews, Le Cube_, qu&rsquo;il n&rsquo;y avait qu&rsquo;une seule exception \u00e0 cette condition : les conjoints de citoyens allemands peuvent entamer la proc\u00e9dure apr\u00e8s trois ans de r\u00e9sidence, \u00e0 condition qu&rsquo;ils aient \u00e9t\u00e9 mari\u00e9s \u00e0 un citoyen allemand pendant au moins deux de ces ann\u00e9es.<\/p>\n<p>Ailleurs, dans des cas exceptionnels, une personne peut justifier une acc\u00e9l\u00e9ration des d\u00e9lais de traitement de sa demande, mais c&rsquo;est loin d&rsquo;\u00eatre la majorit\u00e9.<\/p>\n<p>\u00ab\u00a0Par exemple, si un Polonais veut rejoindre l&rsquo;\u00e9quipe nationale allemande de football et que la Coupe du monde ou le championnat d&rsquo;Europe a lieu dans six mois, c&rsquo;est une raison valable\u00a0\u00bb, a d\u00e9clar\u00e9 l&rsquo;avocate.<\/p>\n<p>\u00ab\u00a0Autre exemple : une personne sur le point de devenir fonctionnaire. Certaines r\u00e8gles pour les fonctionnaires deviendront plus restrictives l&rsquo;ann\u00e9e prochaine, et beaucoup veulent \u00eatre naturalis\u00e9s rapidement pour pouvoir \u00eatre nomm\u00e9s\u00a0\u00bb, a-t-elle ajout\u00e9. \u00ab\u00a0C&rsquo;est aussi une raison d&rsquo;acc\u00e9l\u00e9rer les choses.\u00a0\u00bb<\/p>\n<p>Les personnes vivant \u00e0 l&rsquo;\u00e9tranger et descendant de ressortissants allemands peuvent \u00e9galement demander la nationalit\u00e9 allemande, mais cette proc\u00e9dure ob\u00e9it \u00e0 des r\u00e8gles distinctes et ne permet toujours pas une naturalisation en un mois.<\/p>\n<p>Pour la grande majorit\u00e9 des \u00e9trangers qui souhaitent d\u00e9poser une demande, les conditions de r\u00e9sidence de cinq ans et les d\u00e9lais d&rsquo;attente qui s&rsquo;ensuivent sont applicables.<\/p>\n","protected":false},"excerpt":{"rendered":"Une s\u00e9rie d&rsquo;affirmations en ligne pr\u00e9tend que l&rsquo;Allemagne a acc\u00e9l\u00e9r\u00e9 ses proc\u00e9dures de naturalisation des \u00e9trangers. Par exemple,&hellip;\n","protected":false},"author":2,"featured_media":543838,"comment_status":"","ping_status":"","sticky":false,"template":"","format":"standard","meta":{"footnotes":""},"categories":[1587],"tags":[11,19488,672,1804,15964,1805,1803,1777,674,10063,1801,12,1802,66223],"class_list":{"0":"post-543837","1":"post","2":"type-post","3":"status-publish","4":"format-standard","5":"has-post-thumbnail","7":"category-allemagne","8":"tag-actualites","9":"tag-afd-alternative-pour-lallemagne","10":"tag-allemagne","11":"tag-bundesrepublik-deutschland","12":"tag-citoyennete","13":"tag-de","14":"tag-deutschland","15":"tag-eu","16":"tag-europe","17":"tag-fact-checking","18":"tag-germany","19":"tag-news","20":"tag-republique-federale-dallemagne","21":"tag-thecube"},"share_on_mastodon":{"url":"https:\/\/pubeurope.com\/@fr\/115574208208707091","error":""},"_links":{"self":[{"href":"https:\/\/www.europesays.com\/fr\/wp-json\/wp\/v2\/posts\/543837","targetHints":{"allow":["GET"]}}],"collection":[{"href":"https:\/\/www.europesays.com\/fr\/wp-json\/wp\/v2\/posts"}],"about":[{"href":"https:\/\/www.europesays.com\/fr\/wp-json\/wp\/v2\/types\/post"}],"author":[{"embeddable":true,"href":"https:\/\/www.europesays.com\/fr\/wp-json\/wp\/v2\/users\/2"}],"replies":[{"embeddable":true,"href":"https:\/\/www.europesays.com\/fr\/wp-json\/wp\/v2\/comments?post=543837"}],"version-history":[{"count":0,"href":"https:\/\/www.europesays.com\/fr\/wp-json\/wp\/v2\/posts\/543837\/revisions"}],"wp:featuredmedia":[{"embeddable":true,"href":"https:\/\/www.europesays.com\/fr\/wp-json\/wp\/v2\/media\/543838"}],"wp:attachment":[{"href":"https:\/\/www.europesays.com\/fr\/wp-json\/wp\/v2\/media?parent=543837"}],"wp:term":[{"taxonomy":"category","embeddable":true,"href":"https:\/\/www.europesays.com\/fr\/wp-json\/wp\/v2\/categories?post=543837"},{"taxonomy":"post_tag","embeddable":true,"href":"https:\/\/www.europesays.com\/fr\/wp-json\/wp\/v2\/tags?post=543837"}],"curies":[{"name":"wp","href":"https:\/\/api.w.org\/{rel}","templated":true}]}}