{"id":543839,"date":"2025-11-19T03:20:20","date_gmt":"2025-11-19T03:20:20","guid":{"rendered":"https:\/\/www.europesays.com\/fr\/543839\/"},"modified":"2025-11-19T03:20:20","modified_gmt":"2025-11-19T03:20:20","slug":"quelles-sont-les-16-equipes-barragistes-de-la-zone-europe-mondial-2026-qualifs","status":"publish","type":"post","link":"https:\/\/www.europesays.com\/fr\/543839\/","title":{"rendered":"Quelles sont les 16 \u00e9quipes barragistes de la zone Europe ? &#8211; Mondial 2026 &#8211; Qualifs"},"content":{"rendered":"<p>Une nouvelle comp\u00e9tition commence.<\/p>\n<p>La derni\u00e8re journ\u00e9e des qualifications de la zone UEFA <a target=\"_blank\" href=\"https:\/\/www.sofoot.com\/breves\/qualifications-mondial-2026-lecosse-et-lautriche-filent-au-mondial-la-bosnie-et-le-danemark-grands-perdants-de-la-soiree\" rel=\"noopener\">a rendu son verdict<\/a>. <strong>Si l\u2019Ecosse, la Suisse, l\u2019Espagne, la Belgique et l\u2019Autriche ont arrach\u00e9 les derniers s\u00e9sames<\/strong> pour la Coupe du monde disponibles du c\u00f4t\u00e9 de l\u2019Europe, <strong>16 s\u00e9lections devront passer la terrible \u00e9preuve des barrages.\u00a0<\/strong>Les \u00e9quipes convi\u00e9es \u00e0 ce rendez-vous sont donc : l\u2019Italie, le Danemark, la Turquie, l\u2019Ukraine, la Pologne, le pays de Galles, la R\u00e9publique Tch\u00e8que, la Slovaquie, l\u2019Albanie, l\u2019Irlande, la Bosnie-Herz\u00e9govine, le Kosovo, la Roumanie, la Su\u00e8de, l\u2019Irlande du Nord et la Mac\u00e9doine du Nord.<\/p>\n<p>Des \u00e9quipes rep\u00each\u00e9es via la Ligue des Nations<\/p>\n<p>Si l\u2019ensemble des \u00e9quipes ayant termin\u00e9es \u00e0 la deuxi\u00e8me place de leur groupe sont envoy\u00e9es d\u2019office en barrage, <strong>quatre \u00e9quipes ont \u00e9t\u00e9 rep\u00each\u00e9es via leur parcours en Ligue des Nations<\/strong>, \u00e0 savoir : la Su\u00e8de, l\u2019Irlande du Nord, le pays de Galles et la Roumanie. <strong>Les barrages auront lieu en mars prochain<\/strong> et les 16 \u00e9quipes seront r\u00e9parties dans quatre groupes de quatre \u00e9quipes. Pour esp\u00e9rer obtenir l\u2019un des quatre derniers billets pour le Mondial, <strong>il faudra que les nations concern\u00e9es remportent leur demi-finale puis la finale de leur groupe.<\/strong> Le tirage au sort de la r\u00e9partition des \u00e9quipes est pr\u00e9vu <strong>le 20 novembre prochain.<\/strong><\/p>\n<p>Pr\u00eats \u00e0 revivre un Italie-Mac\u00e9doine du Nord ?<\/p>\n<p>\t\t\t\t\t\t\t\t\t\t<a class=\"lien-connexe\" href=\"https:\/\/www.sofoot.com\/breves\/qualifications-mondial-2026-lecosse-et-lautriche-filent-au-mondial-la-bosnie-et-le-danemark-grands-perdants-de-la-soiree\" target=\"_blank\" rel=\"noopener\">L&rsquo;\u00c9cosse s&rsquo;offre une soir\u00e9e de folie pour retrouver la Coupe du monde<\/a>\t\t\t\t\t<\/p>\n","protected":false},"excerpt":{"rendered":"Une nouvelle comp\u00e9tition commence. La derni\u00e8re journ\u00e9e des qualifications de la zone UEFA a rendu son verdict. Si&hellip;\n","protected":false},"author":2,"featured_media":543840,"comment_status":"","ping_status":"","sticky":false,"template":"","format":"standard","meta":{"footnotes":""},"categories":[1586],"tags":[47,11,61,69,65,64,1777,674,63,1011,27,68,66,12,62,70,25,67],"class_list":{"0":"post-543839","1":"post","2":"type-post","3":"status-publish","4":"format-standard","5":"has-post-thumbnail","7":"category-europe","8":"tag-actualite","9":"tag-actualites","10":"tag-actus-football","11":"tag-bundesliga","12":"tag-championnats-europeens","13":"tag-equipe-de-france","14":"tag-eu","15":"tag-europe","16":"tag-football","17":"tag-fr","18":"tag-france","19":"tag-ligua","20":"tag-ligue-1","21":"tag-news","22":"tag-news-foot","23":"tag-premier-league","24":"tag-republique-francaise","25":"tag-serie-a"},"share_on_mastodon":{"url":"https:\/\/pubeurope.com\/@fr\/115574212093076846","error":""},"_links":{"self":[{"href":"https:\/\/www.europesays.com\/fr\/wp-json\/wp\/v2\/posts\/543839","targetHints":{"allow":["GET"]}}],"collection":[{"href":"https:\/\/www.europesays.com\/fr\/wp-json\/wp\/v2\/posts"}],"about":[{"href":"https:\/\/www.europesays.com\/fr\/wp-json\/wp\/v2\/types\/post"}],"author":[{"embeddable":true,"href":"https:\/\/www.europesays.com\/fr\/wp-json\/wp\/v2\/users\/2"}],"replies":[{"embeddable":true,"href":"https:\/\/www.europesays.com\/fr\/wp-json\/wp\/v2\/comments?post=543839"}],"version-history":[{"count":0,"href":"https:\/\/www.europesays.com\/fr\/wp-json\/wp\/v2\/posts\/543839\/revisions"}],"wp:featuredmedia":[{"embeddable":true,"href":"https:\/\/www.europesays.com\/fr\/wp-json\/wp\/v2\/media\/543840"}],"wp:attachment":[{"href":"https:\/\/www.europesays.com\/fr\/wp-json\/wp\/v2\/media?parent=543839"}],"wp:term":[{"taxonomy":"category","embeddable":true,"href":"https:\/\/www.europesays.com\/fr\/wp-json\/wp\/v2\/categories?post=543839"},{"taxonomy":"post_tag","embeddable":true,"href":"https:\/\/www.europesays.com\/fr\/wp-json\/wp\/v2\/tags?post=543839"}],"curies":[{"name":"wp","href":"https:\/\/api.w.org\/{rel}","templated":true}]}}